{"id":92326,"date":"2018-03-11T10:11:19","date_gmt":"2018-03-11T10:11:19","guid":{"rendered":"https:\/\/www.deberes.net\/tesis\/sin-categoria\/el-compromiso-de-la-memoria-un-analisis-comparatista-max-aub-enel-contexto-europeo-de-la-literatura-del-exilio-y-de-los-campos-de-concentracion\/"},"modified":"2018-03-11T10:11:19","modified_gmt":"2018-03-11T10:11:19","slug":"el-compromiso-de-la-memoria-un-analisis-comparatista-max-aub-enel-contexto-europeo-de-la-literatura-del-exilio-y-de-los-campos-de-concentracion","status":"publish","type":"post","link":"https:\/\/www.deberes.net\/tesis\/analisis-literario\/el-compromiso-de-la-memoria-un-analisis-comparatista-max-aub-enel-contexto-europeo-de-la-literatura-del-exilio-y-de-los-campos-de-concentracion\/","title":{"rendered":"El compromiso de la memoria: un an\u00e1lisis comparatista (max aub enel contexto europeo de la literatura del exilio y de los campos de concentraci\u00f3n)"},"content":{"rendered":"<h2>Tesis doctoral de <strong> Javier Sanchez Zapatero <\/strong><\/h2>\n<p>Los fundamentos te\u00f3ricos de la investigaci\u00f3n trascienden los l\u00edmites convencionales de los estudios literarios y, lejos de ce\u00f1irse a la dimensi\u00f3n est\u00e9tica de los textos, abogan por un an\u00e1lisis en el que se tengan en cuenta sus implicaciones cognitivas y \u00e9ticas. As\u00ed, el estudio se plantea como un acercamiento a los textos de los autores que durante el siglo xx sufrieron el exilio o la experiencia concentracionaria. No s\u00f3lo intenta demostrar c\u00f3mo la imagen del pasado no puede ser completa hasta que las sociedades dispongan de la versi\u00f3n de quienes fueron durante mucho tiempo excluidos de ellas, sino que tambi\u00e9n pretende aclarar cuestiones relacionadas con la forma de construir y percibir los testimonios. Interesa desentra\u00f1ar c\u00f3mo es posible reflejar la realidad a trav\u00e9s de un instrumento limitado como el lenguaje o c\u00f3mo a trav\u00e9s de discursos identificados con la invenci\u00f3n como el novelesco se puede desarrollar una funci\u00f3n cognitiva. el estudio de los testimonios de las v\u00edctimas intenta acentuar las analog\u00edas formales, tem\u00e1ticas y pragm\u00e1ticas que presentan las obras generadas por semejantes experiencias. con el an\u00e1lisis de las tradiciones de la literatura del exilio y de la literatura concentracionaria se intentan confirmar dos hip\u00f3tesis: demostrar si es posible identificar esos contextos como requisitos hist\u00f3ricos previos a la escritura y estudiar si es posible concebir la literatura como elemento al servicio de la configuraci\u00f3n de las memorias colectivas de las sociedades. como complemento, se ha incluido un estudio de caso sobre max aub, quien sufri\u00f3 los rigores del exilio y los campos de concentraci\u00f3n. A trav\u00e9s del an\u00e1lisis de las obras narrativas con las que el autor espa\u00f1ol se propuso dar cuenta de los sufrimientos padecidos se intenta encuadrar su producci\u00f3n en la tradici\u00f3n intercultural de los testigos del drama que azot\u00f3 europa durante las d\u00e9cadas de 1930 y 1940.<\/p>\n<p>&nbsp;<\/p>\n<h3>Datos acad\u00e9micos de la tesis doctoral \u00ab<strong>El compromiso de la memoria: un an\u00e1lisis comparatista (max aub enel contexto europeo de la literatura del exilio y de los campos de concentraci\u00f3n)<\/strong>\u00ab<\/h3>\n<ul>\n<li><strong>T\u00edtulo de la tesis:<\/strong>\u00a0 El compromiso de la memoria: un an\u00e1lisis comparatista (max aub enel contexto europeo de la literatura del exilio y de los campos de concentraci\u00f3n) <\/li>\n<li><strong>Autor:<\/strong>\u00a0 Javier Sanchez Zapatero <\/li>\n<li><strong>Universidad:<\/strong>\u00a0 Salamanca<\/li>\n<li><strong>Fecha de lectura de la tesis:<\/strong>\u00a0 18\/03\/2009<\/li>\n<\/ul>\n<p>&nbsp;<\/p>\n<h3>Direcci\u00f3n y tribunal<\/h3>\n<ul>\n<li><strong>Director de la tesis<\/strong>\n<ul>\n<li>Jos\u00e9 Antonio Perez Bowie<\/li>\n<\/ul>\n<\/li>\n<li><strong>Tribunal<\/strong>\n<ul>\n<li>Presidente del tribunal: Jos\u00e9 Mar\u00eda Pozuelo yvancos <\/li>\n<li>Jos\u00e9 angel Blesa lalinde (vocal)<\/li>\n<li>teresa Lopez de la vieja y de la torre (vocal)<\/li>\n<li>Javier Lluch prats (vocal)<\/li>\n<\/ul>\n<\/li>\n<\/ul>\n<p>&nbsp;<\/p>\n","protected":false},"excerpt":{"rendered":"<p>Tesis doctoral de Javier Sanchez Zapatero Los fundamentos te\u00f3ricos de la investigaci\u00f3n trascienden los l\u00edmites convencionales de los estudios literarios [&hellip;]<\/p>\n","protected":false},"author":1,"featured_media":0,"comment_status":"open","ping_status":"open","sticky":false,"template":"","format":"standard","meta":{"site-sidebar-layout":"default","site-content-layout":"","ast-site-content-layout":"","site-content-style":"default","site-sidebar-style":"default","ast-global-header-display":"","ast-banner-title-visibility":"","ast-main-header-display":"","ast-hfb-above-header-display":"","ast-hfb-below-header-display":"","ast-hfb-mobile-header-display":"","site-post-title":"","ast-breadcrumbs-content":"","ast-featured-img":"","footer-sml-layout":"","theme-transparent-header-meta":"","adv-header-id-meta":"","stick-header-meta":"","header-above-stick-meta":"","header-main-stick-meta":"","header-below-stick-meta":"","astra-migrate-meta-layouts":"default","ast-page-background-enabled":"default","ast-page-background-meta":{"desktop":{"background-color":"var(--ast-global-color-4)","background-image":"","background-repeat":"repeat","background-position":"center center","background-size":"auto","background-attachment":"scroll","background-type":"","background-media":"","overlay-type":"","overlay-color":"","overlay-gradient":""},"tablet":{"background-color":"","background-image":"","background-repeat":"repeat","background-position":"center center","background-size":"auto","background-attachment":"scroll","background-type":"","background-media":"","overlay-type":"","overlay-color":"","overlay-gradient":""},"mobile":{"background-color":"","background-image":"","background-repeat":"repeat","background-position":"center center","background-size":"auto","background-attachment":"scroll","background-type":"","background-media":"","overlay-type":"","overlay-color":"","overlay-gradient":""}},"ast-content-background-meta":{"desktop":{"background-color":"var(--ast-global-color-5)","background-image":"","background-repeat":"repeat","background-position":"center center","background-size":"auto","background-attachment":"scroll","background-type":"","background-media":"","overlay-type":"","overlay-color":"","overlay-gradient":""},"tablet":{"background-color":"var(--ast-global-color-5)","background-image":"","background-repeat":"repeat","background-position":"center center","background-size":"auto","background-attachment":"scroll","background-type":"","background-media":"","overlay-type":"","overlay-color":"","overlay-gradient":""},"mobile":{"background-color":"var(--ast-global-color-5)","background-image":"","background-repeat":"repeat","background-position":"center center","background-size":"auto","background-attachment":"scroll","background-type":"","background-media":"","overlay-type":"","overlay-color":"","overlay-gradient":""}},"footnotes":""},"categories":[148,2965,636,9386,6185],"tags":[63418,191011,29001,6655,8505,37488],"class_list":["post-92326","post","type-post","status-publish","format-standard","hentry","category-analisis-literario","category-estilo-y-estetica-literarios","category-lengua-y-literatura","category-salamanca","category-vocabulario-literario","tag-javier-lluch-prats","tag-javier-sanchez-zapatero","tag-jose-angel-blesa-lalinde","tag-jose-antonio-perez-bowie","tag-jose-maria-pozuelo-yvancos","tag-teresa-lopez-de-la-vieja-y-de-la-torre"],"_links":{"self":[{"href":"https:\/\/www.deberes.net\/tesis\/wp-json\/wp\/v2\/posts\/92326","targetHints":{"allow":["GET"]}}],"collection":[{"href":"https:\/\/www.deberes.net\/tesis\/wp-json\/wp\/v2\/posts"}],"about":[{"href":"https:\/\/www.deberes.net\/tesis\/wp-json\/wp\/v2\/types\/post"}],"author":[{"embeddable":true,"href":"https:\/\/www.deberes.net\/tesis\/wp-json\/wp\/v2\/users\/1"}],"replies":[{"embeddable":true,"href":"https:\/\/www.deberes.net\/tesis\/wp-json\/wp\/v2\/comments?post=92326"}],"version-history":[{"count":0,"href":"https:\/\/www.deberes.net\/tesis\/wp-json\/wp\/v2\/posts\/92326\/revisions"}],"wp:attachment":[{"href":"https:\/\/www.deberes.net\/tesis\/wp-json\/wp\/v2\/media?parent=92326"}],"wp:term":[{"taxonomy":"category","embeddable":true,"href":"https:\/\/www.deberes.net\/tesis\/wp-json\/wp\/v2\/categories?post=92326"},{"taxonomy":"post_tag","embeddable":true,"href":"https:\/\/www.deberes.net\/tesis\/wp-json\/wp\/v2\/tags?post=92326"}],"curies":[{"name":"wp","href":"https:\/\/api.w.org\/{rel}","templated":true}]}}