{"id":92351,"date":"2018-03-11T10:11:19","date_gmt":"2018-03-11T10:11:19","guid":{"rendered":"https:\/\/www.deberes.net\/tesis\/sin-categoria\/procesamiento-lexico-semantico-de-los-verbos-y-su-sutrato-neuronal\/"},"modified":"2018-03-11T10:11:19","modified_gmt":"2018-03-11T10:11:19","slug":"procesamiento-lexico-semantico-de-los-verbos-y-su-sutrato-neuronal","status":"publish","type":"post","link":"https:\/\/www.deberes.net\/tesis\/semantica\/procesamiento-lexico-semantico-de-los-verbos-y-su-sutrato-neuronal\/","title":{"rendered":"Procesamiento lexico-semantico de los verbos y su sutrato neuronal"},"content":{"rendered":"<h2>Tesis doctoral de <strong> Javier Rodriguez Ferreiro <\/strong><\/h2>\n<p>La mayor\u00eda de las investigaciones anteriores que se han interesado por el procesamiento l\u00e9xico-sem\u00e1ntico de las palabras ha centrado su atenci\u00f3n en el estudio de los sustantivos. Sin embargo, existen datos que sugieren que las palabras pertenecientes a otras clases gramaticales podr\u00edan ser procesadas maneras distintas. A trav\u00e9s de una serie de siete experimentos, esta tesis estudia el modo en que se organiza nuestro conocimiento l\u00e9xico-sem\u00e1ntico sobre los verbos, y c\u00f3mo el procesamiento de este tipo de palabras se refleja en t\u00e9rminos de actividad cerebral. Los resultados de nuestros experimentos comportamentales muestran que sustantivos y verbos son procesados de maneras similares aunque el mecanismo de selecci\u00f3n l\u00e9xico-sem\u00e1ntica tiene restricciones basadas en la relevancia sem\u00e1ntica de los diferentes candidatos como posible respuesta. Por otro lado, los experimentos neuropsicol\u00f3gicos, neurofisiol\u00f3gicos y de neuroimagen indican que verbos pertenecientes a distintas categor\u00edas se sustentan sobre redes neuronales distribuidas por diferentes regiones que reflejan su contenido sem\u00e1ntico. As\u00ed, los componentes sensorio-motor, emocional o abstracto de distintos tipos de verbos, se asocian a actividad en regiones corticales involucradas en la percepci\u00f3n del movimiento, en la respuesta emocional y en el procesamiento verbal respectivamente.<\/p>\n<p>&nbsp;<\/p>\n<h3>Datos acad\u00e9micos de la tesis doctoral \u00ab<strong>Procesamiento lexico-semantico de los verbos y su sutrato neuronal<\/strong>\u00ab<\/h3>\n<ul>\n<li><strong>T\u00edtulo de la tesis:<\/strong>\u00a0 Procesamiento lexico-semantico de los verbos y su sutrato neuronal <\/li>\n<li><strong>Autor:<\/strong>\u00a0 Javier Rodriguez Ferreiro <\/li>\n<li><strong>Universidad:<\/strong>\u00a0 Oviedo<\/li>\n<li><strong>Fecha de lectura de la tesis:<\/strong>\u00a0 20\/03\/2009<\/li>\n<\/ul>\n<p>&nbsp;<\/p>\n<h3>Direcci\u00f3n y tribunal<\/h3>\n<ul>\n<li><strong>Director de la tesis<\/strong>\n<ul>\n<li>Fernando Cuetos Vega<\/li>\n<\/ul>\n<\/li>\n<li><strong>Tribunal<\/strong>\n<ul>\n<li>Presidente del tribunal: manuel De vega rodriguez <\/li>\n<li>cristina Izura (vocal)<\/li>\n<li>francois-xavier Alario (vocal)<\/li>\n<li>eliseo Diez itza (vocal)<\/li>\n<\/ul>\n<\/li>\n<\/ul>\n<p>&nbsp;<\/p>\n","protected":false},"excerpt":{"rendered":"<p>Tesis doctoral de Javier Rodriguez Ferreiro La mayor\u00eda de las investigaciones anteriores que se han interesado por el procesamiento l\u00e9xico-sem\u00e1ntico [&hellip;]<\/p>\n","protected":false},"author":1,"featured_media":0,"comment_status":"open","ping_status":"open","sticky":false,"template":"","format":"standard","meta":{"site-sidebar-layout":"default","site-content-layout":"","ast-site-content-layout":"","site-content-style":"default","site-sidebar-style":"default","ast-global-header-display":"","ast-banner-title-visibility":"","ast-main-header-display":"","ast-hfb-above-header-display":"","ast-hfb-below-header-display":"","ast-hfb-mobile-header-display":"","site-post-title":"","ast-breadcrumbs-content":"","ast-featured-img":"","footer-sml-layout":"","theme-transparent-header-meta":"","adv-header-id-meta":"","stick-header-meta":"","header-above-stick-meta":"","header-main-stick-meta":"","header-below-stick-meta":"","astra-migrate-meta-layouts":"default","ast-page-background-enabled":"default","ast-page-background-meta":{"desktop":{"background-color":"var(--ast-global-color-4)","background-image":"","background-repeat":"repeat","background-position":"center center","background-size":"auto","background-attachment":"scroll","background-type":"","background-media":"","overlay-type":"","overlay-color":"","overlay-gradient":""},"tablet":{"background-color":"","background-image":"","background-repeat":"repeat","background-position":"center center","background-size":"auto","background-attachment":"scroll","background-type":"","background-media":"","overlay-type":"","overlay-color":"","overlay-gradient":""},"mobile":{"background-color":"","background-image":"","background-repeat":"repeat","background-position":"center center","background-size":"auto","background-attachment":"scroll","background-type":"","background-media":"","overlay-type":"","overlay-color":"","overlay-gradient":""}},"ast-content-background-meta":{"desktop":{"background-color":"var(--ast-global-color-5)","background-image":"","background-repeat":"repeat","background-position":"center center","background-size":"auto","background-attachment":"scroll","background-type":"","background-media":"","overlay-type":"","overlay-color":"","overlay-gradient":""},"tablet":{"background-color":"var(--ast-global-color-5)","background-image":"","background-repeat":"repeat","background-position":"center center","background-size":"auto","background-attachment":"scroll","background-type":"","background-media":"","overlay-type":"","overlay-color":"","overlay-gradient":""},"mobile":{"background-color":"var(--ast-global-color-5)","background-image":"","background-repeat":"repeat","background-position":"center center","background-size":"auto","background-attachment":"scroll","background-type":"","background-media":"","overlay-type":"","overlay-color":"","overlay-gradient":""}},"footnotes":""},"categories":[5263,52426,4275,8846,886],"tags":[162252,61394,25975,191058,191057,10189],"class_list":["post-92351","post","type-post","status-publish","format-standard","hentry","category-emocion","category-fisiologia-del-lenguaje","category-neurociencias","category-oviedo","category-semantica","tag-cristina-izura","tag-eliseo-diez-itza","tag-fernando-cuetos-vega","tag-francois-xavier-alario","tag-javier-rodriguez-ferreiro","tag-manuel-de-vega-rodriguez"],"_links":{"self":[{"href":"https:\/\/www.deberes.net\/tesis\/wp-json\/wp\/v2\/posts\/92351","targetHints":{"allow":["GET"]}}],"collection":[{"href":"https:\/\/www.deberes.net\/tesis\/wp-json\/wp\/v2\/posts"}],"about":[{"href":"https:\/\/www.deberes.net\/tesis\/wp-json\/wp\/v2\/types\/post"}],"author":[{"embeddable":true,"href":"https:\/\/www.deberes.net\/tesis\/wp-json\/wp\/v2\/users\/1"}],"replies":[{"embeddable":true,"href":"https:\/\/www.deberes.net\/tesis\/wp-json\/wp\/v2\/comments?post=92351"}],"version-history":[{"count":0,"href":"https:\/\/www.deberes.net\/tesis\/wp-json\/wp\/v2\/posts\/92351\/revisions"}],"wp:attachment":[{"href":"https:\/\/www.deberes.net\/tesis\/wp-json\/wp\/v2\/media?parent=92351"}],"wp:term":[{"taxonomy":"category","embeddable":true,"href":"https:\/\/www.deberes.net\/tesis\/wp-json\/wp\/v2\/categories?post=92351"},{"taxonomy":"post_tag","embeddable":true,"href":"https:\/\/www.deberes.net\/tesis\/wp-json\/wp\/v2\/tags?post=92351"}],"curies":[{"name":"wp","href":"https:\/\/api.w.org\/{rel}","templated":true}]}}