{"id":92365,"date":"2018-03-11T10:11:19","date_gmt":"2018-03-11T10:11:19","guid":{"rendered":"https:\/\/www.deberes.net\/tesis\/sin-categoria\/vientos-turbulencia-y-ondas-en-la-atmosfera-de-venus\/"},"modified":"2018-03-11T10:11:19","modified_gmt":"2018-03-11T10:11:19","slug":"vientos-turbulencia-y-ondas-en-la-atmosfera-de-venus","status":"publish","type":"post","link":"https:\/\/www.deberes.net\/tesis\/atmosfera-planetaria\/vientos-turbulencia-y-ondas-en-la-atmosfera-de-venus\/","title":{"rendered":"Vientos, turbulencia y ondas en la atmosfera de venus"},"content":{"rendered":"<h2>Tesis doctoral de <strong> Javier Peralta Calvillo <\/strong><\/h2>\n<p>Esta tesis constituye un estudio de la din\u00e1mica atmosf\u00e9rica observada en las nubes del planeta venus con datos procedentes de dos misiones espaciales separadas en el tiempo: la misi\u00f3n galileo y la misi\u00f3n venus express, \u00e9sta \u00faltima actualmente en curso.  en particular, se han utilizado im\u00e1genes obtenidas en diferentes longitudes de onda para estudiar los movimientos de las nubes en varios niveles verticales de la atm\u00f3sfera, lo que permite trazar la din\u00e1mica atmosf\u00e9rica global del planeta. En esta tesis se presentan por primera vez medidas simult\u00e1neas de la estructura de vientos del planeta en tres dimensiones (zonal, meridional y vertical al utilizar diferentes nubes separadas en altura) encontr\u00e1ndose y analizando diferentes fuentes de variabilidad temporal que incluyen mareas t\u00e9rmicas producidas por la insolaci\u00f3n solar, oscilaciones globales del viento y variabilidad entre periodos de tiempo de varios meses a a\u00f1os. Tambi\u00e9n se ha realizado un estudio de las escalas caracter\u00edsticas de estas nubes y de la turbulencia atmosf\u00e9rica que gobierna en parte la estructura de diferentes escalas observadas en las nubes de venus. En las im\u00e1genes de mayor resoluci\u00f3n del instrumento virtis en venus express se aprecian frecuentemente estructuras peri\u00f3dicas en las nubes inferiores y que se corresponden a un tipo de ondas atmosf\u00e9ricas conocidas como ondas de gravedad cuyas caracter\u00edsticas y papel en la din\u00e1mica atmosf\u00e9rica se analizan al final de la tesis.<\/p>\n<p>&nbsp;<\/p>\n<h3>Datos acad\u00e9micos de la tesis doctoral \u00ab<strong>Vientos, turbulencia y ondas en la atmosfera de venus<\/strong>\u00ab<\/h3>\n<ul>\n<li><strong>T\u00edtulo de la tesis:<\/strong>\u00a0 Vientos, turbulencia y ondas en la atmosfera de venus <\/li>\n<li><strong>Autor:<\/strong>\u00a0 Javier Peralta Calvillo <\/li>\n<li><strong>Universidad:<\/strong>\u00a0 Pa\u00eds vasco\/euskal herriko unibertsitatea<\/li>\n<li><strong>Fecha de lectura de la tesis:<\/strong>\u00a0 20\/03\/2009<\/li>\n<\/ul>\n<p>&nbsp;<\/p>\n<h3>Direcci\u00f3n y tribunal<\/h3>\n<ul>\n<li><strong>Director de la tesis<\/strong>\n<ul>\n<li>Agustin Sanchez Lavega<\/li>\n<\/ul>\n<\/li>\n<li><strong>Tribunal<\/strong>\n<ul>\n<li>Presidente del tribunal: manuel Lopez puertas <\/li>\n<li>david Luz (vocal)<\/li>\n<li>giuseppe Piccioni (vocal)<\/li>\n<li>Miguel angel Lopez valverde (vocal)<\/li>\n<\/ul>\n<\/li>\n<\/ul>\n<p>&nbsp;<\/p>\n","protected":false},"excerpt":{"rendered":"<p>Tesis doctoral de Javier Peralta Calvillo Esta tesis constituye un estudio de la din\u00e1mica atmosf\u00e9rica observada en las nubes del [&hellip;]<\/p>\n","protected":false},"author":1,"featured_media":0,"comment_status":"open","ping_status":"open","sticky":false,"template":"","format":"standard","meta":{"site-sidebar-layout":"default","site-content-layout":"","ast-site-content-layout":"","site-content-style":"default","site-sidebar-style":"default","ast-global-header-display":"","ast-banner-title-visibility":"","ast-main-header-display":"","ast-hfb-above-header-display":"","ast-hfb-below-header-display":"","ast-hfb-mobile-header-display":"","site-post-title":"","ast-breadcrumbs-content":"","ast-featured-img":"","footer-sml-layout":"","theme-transparent-header-meta":"","adv-header-id-meta":"","stick-header-meta":"","header-above-stick-meta":"","header-main-stick-meta":"","header-below-stick-meta":"","astra-migrate-meta-layouts":"default","ast-page-background-enabled":"default","ast-page-background-meta":{"desktop":{"background-color":"var(--ast-global-color-4)","background-image":"","background-repeat":"repeat","background-position":"center center","background-size":"auto","background-attachment":"scroll","background-type":"","background-media":"","overlay-type":"","overlay-color":"","overlay-gradient":""},"tablet":{"background-color":"","background-image":"","background-repeat":"repeat","background-position":"center center","background-size":"auto","background-attachment":"scroll","background-type":"","background-media":"","overlay-type":"","overlay-color":"","overlay-gradient":""},"mobile":{"background-color":"","background-image":"","background-repeat":"repeat","background-position":"center center","background-size":"auto","background-attachment":"scroll","background-type":"","background-media":"","overlay-type":"","overlay-color":"","overlay-gradient":""}},"ast-content-background-meta":{"desktop":{"background-color":"var(--ast-global-color-5)","background-image":"","background-repeat":"repeat","background-position":"center center","background-size":"auto","background-attachment":"scroll","background-type":"","background-media":"","overlay-type":"","overlay-color":"","overlay-gradient":""},"tablet":{"background-color":"var(--ast-global-color-5)","background-image":"","background-repeat":"repeat","background-position":"center center","background-size":"auto","background-attachment":"scroll","background-type":"","background-media":"","overlay-type":"","overlay-color":"","overlay-gradient":""},"mobile":{"background-color":"var(--ast-global-color-5)","background-image":"","background-repeat":"repeat","background-position":"center center","background-size":"auto","background-attachment":"scroll","background-type":"","background-media":"","overlay-type":"","overlay-color":"","overlay-gradient":""}},"footnotes":""},"categories":[3880,22619,12909,110621,6119],"tags":[44855,191081,191082,191080,85172,116678],"class_list":["post-92365","post","type-post","status-publish","format-standard","hentry","category-atmosfera-planetaria","category-dinamica-atmosferica","category-pais-vasco-euskal-herriko-unibertsitatea","category-planetas","category-turbulencia-atmosferica","tag-agustin-sanchez-lavega","tag-david-luz","tag-giuseppe-piccioni","tag-javier-peralta-calvillo","tag-manuel-lopez-puertas","tag-miguel-angel-lopez-valverde"],"_links":{"self":[{"href":"https:\/\/www.deberes.net\/tesis\/wp-json\/wp\/v2\/posts\/92365","targetHints":{"allow":["GET"]}}],"collection":[{"href":"https:\/\/www.deberes.net\/tesis\/wp-json\/wp\/v2\/posts"}],"about":[{"href":"https:\/\/www.deberes.net\/tesis\/wp-json\/wp\/v2\/types\/post"}],"author":[{"embeddable":true,"href":"https:\/\/www.deberes.net\/tesis\/wp-json\/wp\/v2\/users\/1"}],"replies":[{"embeddable":true,"href":"https:\/\/www.deberes.net\/tesis\/wp-json\/wp\/v2\/comments?post=92365"}],"version-history":[{"count":0,"href":"https:\/\/www.deberes.net\/tesis\/wp-json\/wp\/v2\/posts\/92365\/revisions"}],"wp:attachment":[{"href":"https:\/\/www.deberes.net\/tesis\/wp-json\/wp\/v2\/media?parent=92365"}],"wp:term":[{"taxonomy":"category","embeddable":true,"href":"https:\/\/www.deberes.net\/tesis\/wp-json\/wp\/v2\/categories?post=92365"},{"taxonomy":"post_tag","embeddable":true,"href":"https:\/\/www.deberes.net\/tesis\/wp-json\/wp\/v2\/tags?post=92365"}],"curies":[{"name":"wp","href":"https:\/\/api.w.org\/{rel}","templated":true}]}}