{"id":92375,"date":"2018-03-11T10:11:19","date_gmt":"2018-03-11T10:11:19","guid":{"rendered":"https:\/\/www.deberes.net\/tesis\/sin-categoria\/sistema-de-parques-origen-y-evolucion-de-un-principio-estructurador-de-lo-urbano\/"},"modified":"2018-03-11T10:11:19","modified_gmt":"2018-03-11T10:11:19","slug":"sistema-de-parques-origen-y-evolucion-de-un-principio-estructurador-de-lo-urbano","status":"publish","type":"post","link":"https:\/\/www.deberes.net\/tesis\/urbanismo\/sistema-de-parques-origen-y-evolucion-de-un-principio-estructurador-de-lo-urbano\/","title":{"rendered":"Sistema de parques. origen y evoluci\u00f3n de un principio estructurador de lo urbano"},"content":{"rendered":"<h2>Tesis doctoral de <strong> Marina Jim\u00e9nez Jim\u00e9nez <\/strong><\/h2>\n<p>Un posible enunciado de la hip\u00f3tesis abordada a lo largo de lo que result\u00f3 un voluminoso trabajo: entender los espacios libres \u00c2\u00abnaturales\u00c2\u00bb -o con capacidad para serlo- en la ciudad como piezas de un \u00c2\u00absistema\u00c2\u00bb, m\u00e1s que como pulmones, bellos decorados o est\u00e1ndares, puede contribuir a fortalecerlos a ellos mismos as\u00ed como su papel en el entramado urbano, un papel biol\u00f3gico, social y en definitiva urbano. Se ha pretendido defender una idea, una forma de mirar, de comprender -ya sea para actuar, o no-, m\u00e1s que un mecanismo reglado, tipificado, si bien a lo largo del camino se han hallado tanto tipos, tan precisamente reglados como desnaturalizados, como ideas m\u00e1s o menos abstractas del verde a las que se ha intentado encauzar en forma de red. la opci\u00f3n para corroborar la validez de la hip\u00f3tesis se puede decir, simplificando, que ha sido hist\u00f3rica, y este rastreo agradecido nos ha devuelto m\u00faltiples pistas para sostenerla. Teniendo una idea de lo que se buscaba, se fueron tanteando y constatando: &#8211; la permanencia del sistema a lo largo de la historia; -y la permanencia en las ciudades, una permanencia \u00e9sta, que por propia definici\u00f3n, si se cumple, debe ser amplificaci\u00f3n y ramificaci\u00f3n junto con la ciudad en que enra\u00edza. El orden de la narraci\u00f3n ha sido hist\u00f3rico pero simult\u00e1neamente se fue anclando en las ciudades en las que florece el sistema, intentando con ello corroborar esa permanencia en las mismas a lo largo del tiempo. Se trata de ver c\u00f3mo y porqu\u00e9 la ciudad se nutre del sistema y viceversa. los tres vol\u00famenes o partes en que se organiza el texto tienen que ver b\u00e1sicamente con grandes etapas, digamos s.Xix-xx-xxi, aunque las transiciones siempre son borrosas y yuxtapuestas. A esta compartimentaci\u00f3n se superpone otra en clave de las ciudades observadas, de hecho algunas ya concentran la atenci\u00f3n de equis momentos, m\u00e1s que cualquier personaje o corriente; si no hay ciudades a las que servir, no hay hip\u00f3tesis que verificar. Y como no podr\u00eda ser de otro modo, hay tambi\u00e9n una historia paralela de personajes, por acci\u00f3n pr\u00e1ctica o te\u00f3rica, proyectual o gestora. Posiblemente la principal riqueza de este trabajo est\u00e9 en el despliegue simult\u00e1neo de historias y lugares (tiempos y espacios con nombres propios), de aqu\u00ed y de all\u00ed (escritos, grafiados, y\/o ilustrados). Se ha logrado dar al principio a validar sustancia hist\u00f3rica. La ciudad, entendida como agrupaci\u00f3n de personas organizadas y dependientes sobre un territorio f\u00edsico, siempre ha buscado estructuras con las que engarzar y enraizarse a su propia naturaleza, ya sea \u00e9sta creada o atrapada.<\/p>\n<p>&nbsp;<\/p>\n<h3>Datos acad\u00e9micos de la tesis doctoral \u00ab<strong>Sistema de parques. origen y evoluci\u00f3n de un principio estructurador de lo urbano<\/strong>\u00ab<\/h3>\n<ul>\n<li><strong>T\u00edtulo de la tesis:<\/strong>\u00a0 Sistema de parques. origen y evoluci\u00f3n de un principio estructurador de lo urbano <\/li>\n<li><strong>Autor:<\/strong>\u00a0 Marina Jim\u00e9nez Jim\u00e9nez <\/li>\n<li><strong>Universidad:<\/strong>\u00a0 Valladolid<\/li>\n<li><strong>Fecha de lectura de la tesis:<\/strong>\u00a0 20\/03\/2009<\/li>\n<\/ul>\n<p>&nbsp;<\/p>\n<h3>Direcci\u00f3n y tribunal<\/h3>\n<ul>\n<li><strong>Director de la tesis<\/strong>\n<ul>\n<li>Juan  Luis De Las Rivas Sanz<\/li>\n<\/ul>\n<\/li>\n<li><strong>Tribunal<\/strong>\n<ul>\n<li>Presidente del tribunal: alfonso \u00e1lvarez mora <\/li>\n<li>Fernando Roch pe\u00f1a (vocal)<\/li>\n<li>Jos\u00e9 Javier Maderuelo raso (vocal)<\/li>\n<li>estanislao De Luis calabuig (vocal)<\/li>\n<\/ul>\n<\/li>\n<\/ul>\n<p>&nbsp;<\/p>\n","protected":false},"excerpt":{"rendered":"<p>Tesis doctoral de Marina Jim\u00e9nez Jim\u00e9nez Un posible enunciado de la hip\u00f3tesis abordada a lo largo de lo que result\u00f3 [&hellip;]<\/p>\n","protected":false},"author":1,"featured_media":0,"comment_status":"open","ping_status":"open","sticky":false,"template":"","format":"standard","meta":{"site-sidebar-layout":"default","site-content-layout":"","ast-site-content-layout":"","site-content-style":"default","site-sidebar-style":"default","ast-global-header-display":"","ast-banner-title-visibility":"","ast-main-header-display":"","ast-hfb-above-header-display":"","ast-hfb-below-header-display":"","ast-hfb-mobile-header-display":"","site-post-title":"","ast-breadcrumbs-content":"","ast-featured-img":"","footer-sml-layout":"","theme-transparent-header-meta":"","adv-header-id-meta":"","stick-header-meta":"","header-above-stick-meta":"","header-main-stick-meta":"","header-below-stick-meta":"","astra-migrate-meta-layouts":"default","ast-page-background-enabled":"default","ast-page-background-meta":{"desktop":{"background-color":"var(--ast-global-color-4)","background-image":"","background-repeat":"repeat","background-position":"center center","background-size":"auto","background-attachment":"scroll","background-type":"","background-media":"","overlay-type":"","overlay-color":"","overlay-gradient":""},"tablet":{"background-color":"","background-image":"","background-repeat":"repeat","background-position":"center center","background-size":"auto","background-attachment":"scroll","background-type":"","background-media":"","overlay-type":"","overlay-color":"","overlay-gradient":""},"mobile":{"background-color":"","background-image":"","background-repeat":"repeat","background-position":"center center","background-size":"auto","background-attachment":"scroll","background-type":"","background-media":"","overlay-type":"","overlay-color":"","overlay-gradient":""}},"ast-content-background-meta":{"desktop":{"background-color":"var(--ast-global-color-5)","background-image":"","background-repeat":"repeat","background-position":"center center","background-size":"auto","background-attachment":"scroll","background-type":"","background-media":"","overlay-type":"","overlay-color":"","overlay-gradient":""},"tablet":{"background-color":"var(--ast-global-color-5)","background-image":"","background-repeat":"repeat","background-position":"center center","background-size":"auto","background-attachment":"scroll","background-type":"","background-media":"","overlay-type":"","overlay-color":"","overlay-gradient":""},"mobile":{"background-color":"var(--ast-global-color-5)","background-image":"","background-repeat":"repeat","background-position":"center center","background-size":"auto","background-attachment":"scroll","background-type":"","background-media":"","overlay-type":"","overlay-color":"","overlay-gradient":""}},"footnotes":""},"categories":[12564,16072,13113,5371,12451],"tags":[39127,4440,55025,19164,32206,191099],"class_list":["post-92375","post","type-post","status-publish","format-standard","hentry","category-diseno-arquitectonico","category-jardines-y-parques","category-planificacion-urbana","category-urbanismo","category-valladolid","tag-alfonso-alvarez-mora","tag-estanislao-de-luis-calabuig","tag-fernando-roch-pena","tag-jose-javier-maderuelo-raso","tag-juan-luis-de-las-rivas-sanz","tag-marina-jimenez-jimenez"],"_links":{"self":[{"href":"https:\/\/www.deberes.net\/tesis\/wp-json\/wp\/v2\/posts\/92375","targetHints":{"allow":["GET"]}}],"collection":[{"href":"https:\/\/www.deberes.net\/tesis\/wp-json\/wp\/v2\/posts"}],"about":[{"href":"https:\/\/www.deberes.net\/tesis\/wp-json\/wp\/v2\/types\/post"}],"author":[{"embeddable":true,"href":"https:\/\/www.deberes.net\/tesis\/wp-json\/wp\/v2\/users\/1"}],"replies":[{"embeddable":true,"href":"https:\/\/www.deberes.net\/tesis\/wp-json\/wp\/v2\/comments?post=92375"}],"version-history":[{"count":0,"href":"https:\/\/www.deberes.net\/tesis\/wp-json\/wp\/v2\/posts\/92375\/revisions"}],"wp:attachment":[{"href":"https:\/\/www.deberes.net\/tesis\/wp-json\/wp\/v2\/media?parent=92375"}],"wp:term":[{"taxonomy":"category","embeddable":true,"href":"https:\/\/www.deberes.net\/tesis\/wp-json\/wp\/v2\/categories?post=92375"},{"taxonomy":"post_tag","embeddable":true,"href":"https:\/\/www.deberes.net\/tesis\/wp-json\/wp\/v2\/tags?post=92375"}],"curies":[{"name":"wp","href":"https:\/\/api.w.org\/{rel}","templated":true}]}}