{"id":92381,"date":"2018-03-11T10:11:19","date_gmt":"2018-03-11T10:11:19","guid":{"rendered":"https:\/\/www.deberes.net\/tesis\/sin-categoria\/estetica-ambiental-y-bienestar-emocional-explorando-dos-ambitos-positivos-de-la-vida-de-las-personas-adultas-con-discapacidad-intelectual\/"},"modified":"2018-03-11T10:11:19","modified_gmt":"2018-03-11T10:11:19","slug":"estetica-ambiental-y-bienestar-emocional-explorando-dos-ambitos-positivos-de-la-vida-de-las-personas-adultas-con-discapacidad-intelectual","status":"publish","type":"post","link":"https:\/\/www.deberes.net\/tesis\/extremadura\/estetica-ambiental-y-bienestar-emocional-explorando-dos-ambitos-positivos-de-la-vida-de-las-personas-adultas-con-discapacidad-intelectual\/","title":{"rendered":"Est\u00e9tica ambiental y bienestar emocional. explorando dos \u00e1mbitos positivos de la vida de las personas adultas con discapacidad intelectual"},"content":{"rendered":"<h2>Tesis doctoral de <strong> Daniel Paredes G\u00f3mez <\/strong><\/h2>\n<p>La tesis explora dos \u00e1mbitos positivos de la vida de las personas adultas con discapacidad intelectual: la est\u00e9tica ambiental y el bienestar emocional. el trabajo ofrece, en su primera parte una revisi\u00f3n te\u00f3rica de los conceptos, los modelos de an\u00e1lisis psicol\u00f3gico y los enfoques de intervenci\u00f3n social sobre los que se ha venido operando, tanto de manera emp\u00edrica como de forma aplicada, para tratar de comprender la discapacidad intelectual. En segundo lugar, se analiza el estado actual de los conocimientos que se poseen sobre la est\u00e9tica ambiental en referencia a los entornos f\u00edsicos de apoyo profesional a este colectivo. Y por \u00faltimo, se analizan las investigaciones llevadas a cabo para aplicar la psicolog\u00eda positiva a las personas con discapacidad intelectual;  centr\u00e1ndose, m\u00e1s en concreto, en las emociones positivas del presente. en la segunda parte se lleva a cabo una investigaci\u00f3n emp\u00edrica en la que se aborda el dise\u00f1o de dos escalas de evaluaci\u00f3n basadas en la metodolog\u00eda observacional.  por una parte, la escala para evaluar la calidad est\u00e9tica ambiental de una unidad de d\u00eda (eves-ud), se orienta a medir la calidad est\u00e9tica ambiental de las unidades de d\u00eda de los centros de d\u00eda dedicados a la atenci\u00f3n de personas con grandes limitaciones intelectuales y en su conducta adaptativa. Comprobando a partir de ella c\u00f3mo de convergentes y homog\u00e9neas son las unidades de d\u00eda del movimiento asociativo feaps, tanto a nivel del estado espa\u00f1ol como al ras de la comunidad aut\u00f3noma de extremadura. Y por otra parte, la escala breve para la apreciaci\u00f3n del estado de \u00e1nimo positivo en personas adultas con discapacidad intelectual moderada y grave (ebeap), orientada a medir el estado de \u00e1nimo positivo de las personas con discapacidad intelectual moderada y grave como constructo independiente de otros estados emocionales. Comprobando, adem\u00e1s, como determinadas condiciones personales y contextuales pueden interferir en \u00e9l. por \u00faltimo, y en forma de conclusiones se exponen los principales hallazgos obtenidos en todo el proceso de investigaci\u00f3n, las limitaciones que tiene el trabajo y se plantean las principales proyecciones derivadas para abordar futuras investigaciones.<\/p>\n<p>&nbsp;<\/p>\n<h3>Datos acad\u00e9micos de la tesis doctoral \u00ab<strong>Est\u00e9tica ambiental y bienestar emocional. explorando dos \u00e1mbitos positivos de la vida de las personas adultas con discapacidad intelectual<\/strong>\u00ab<\/h3>\n<ul>\n<li><strong>T\u00edtulo de la tesis:<\/strong>\u00a0 Est\u00e9tica ambiental y bienestar emocional. explorando dos \u00e1mbitos positivos de la vida de las personas adultas con discapacidad intelectual <\/li>\n<li><strong>Autor:<\/strong>\u00a0 Daniel Paredes G\u00f3mez <\/li>\n<li><strong>Universidad:<\/strong>\u00a0 Extremadura<\/li>\n<li><strong>Fecha de lectura de la tesis:<\/strong>\u00a0 23\/03\/2009<\/li>\n<\/ul>\n<p>&nbsp;<\/p>\n<h3>Direcci\u00f3n y tribunal<\/h3>\n<ul>\n<li><strong>Director de la tesis<\/strong>\n<ul>\n<li>Florencio Vicente Castro<\/li>\n<\/ul>\n<\/li>\n<li><strong>Tribunal<\/strong>\n<ul>\n<li>Presidente del tribunal: fulvio Giardina <\/li>\n<li>Manuel L\u00f3pez risco (vocal)<\/li>\n<li>pedro Ramiro oliver (vocal)<\/li>\n<li>Jos\u00e9 Jes\u00fas G\u00e1zquez linares (vocal)<\/li>\n<\/ul>\n<\/li>\n<\/ul>\n<p>&nbsp;<\/p>\n","protected":false},"excerpt":{"rendered":"<p>Tesis doctoral de Daniel Paredes G\u00f3mez La tesis explora dos \u00e1mbitos positivos de la vida de las personas adultas con [&hellip;]<\/p>\n","protected":false},"author":1,"featured_media":0,"comment_status":"open","ping_status":"open","sticky":false,"template":"","format":"standard","meta":{"site-sidebar-layout":"default","site-content-layout":"","ast-site-content-layout":"","site-content-style":"default","site-sidebar-style":"default","ast-global-header-display":"","ast-banner-title-visibility":"","ast-main-header-display":"","ast-hfb-above-header-display":"","ast-hfb-below-header-display":"","ast-hfb-mobile-header-display":"","site-post-title":"","ast-breadcrumbs-content":"","ast-featured-img":"","footer-sml-layout":"","theme-transparent-header-meta":"","adv-header-id-meta":"","stick-header-meta":"","header-above-stick-meta":"","header-main-stick-meta":"","header-below-stick-meta":"","astra-migrate-meta-layouts":"default","ast-page-background-enabled":"default","ast-page-background-meta":{"desktop":{"background-color":"var(--ast-global-color-4)","background-image":"","background-repeat":"repeat","background-position":"center center","background-size":"auto","background-attachment":"scroll","background-type":"","background-media":"","overlay-type":"","overlay-color":"","overlay-gradient":""},"tablet":{"background-color":"","background-image":"","background-repeat":"repeat","background-position":"center center","background-size":"auto","background-attachment":"scroll","background-type":"","background-media":"","overlay-type":"","overlay-color":"","overlay-gradient":""},"mobile":{"background-color":"","background-image":"","background-repeat":"repeat","background-position":"center center","background-size":"auto","background-attachment":"scroll","background-type":"","background-media":"","overlay-type":"","overlay-color":"","overlay-gradient":""}},"ast-content-background-meta":{"desktop":{"background-color":"var(--ast-global-color-5)","background-image":"","background-repeat":"repeat","background-position":"center center","background-size":"auto","background-attachment":"scroll","background-type":"","background-media":"","overlay-type":"","overlay-color":"","overlay-gradient":""},"tablet":{"background-color":"var(--ast-global-color-5)","background-image":"","background-repeat":"repeat","background-position":"center center","background-size":"auto","background-attachment":"scroll","background-type":"","background-media":"","overlay-type":"","overlay-color":"","overlay-gradient":""},"mobile":{"background-color":"var(--ast-global-color-5)","background-image":"","background-repeat":"repeat","background-position":"center center","background-size":"auto","background-attachment":"scroll","background-type":"","background-media":"","overlay-type":"","overlay-color":"","overlay-gradient":""}},"footnotes":""},"categories":[5263,10452,1175,949,11995],"tags":[191110,7144,142498,132313,37798,161512],"class_list":["post-92381","post","type-post","status-publish","format-standard","hentry","category-emocion","category-estetica","category-evaluacion-y-diagnostico-en-psicologia","category-extremadura","category-tratamiento-psicologico-de-la-deficiencia-mental","tag-daniel-paredes-gomez","tag-florencio-vicente-castro","tag-fulvio-giardina","tag-jose-jesus-gazquez-linares","tag-manuel-lopez-risco","tag-pedro-ramiro-oliver"],"_links":{"self":[{"href":"https:\/\/www.deberes.net\/tesis\/wp-json\/wp\/v2\/posts\/92381","targetHints":{"allow":["GET"]}}],"collection":[{"href":"https:\/\/www.deberes.net\/tesis\/wp-json\/wp\/v2\/posts"}],"about":[{"href":"https:\/\/www.deberes.net\/tesis\/wp-json\/wp\/v2\/types\/post"}],"author":[{"embeddable":true,"href":"https:\/\/www.deberes.net\/tesis\/wp-json\/wp\/v2\/users\/1"}],"replies":[{"embeddable":true,"href":"https:\/\/www.deberes.net\/tesis\/wp-json\/wp\/v2\/comments?post=92381"}],"version-history":[{"count":0,"href":"https:\/\/www.deberes.net\/tesis\/wp-json\/wp\/v2\/posts\/92381\/revisions"}],"wp:attachment":[{"href":"https:\/\/www.deberes.net\/tesis\/wp-json\/wp\/v2\/media?parent=92381"}],"wp:term":[{"taxonomy":"category","embeddable":true,"href":"https:\/\/www.deberes.net\/tesis\/wp-json\/wp\/v2\/categories?post=92381"},{"taxonomy":"post_tag","embeddable":true,"href":"https:\/\/www.deberes.net\/tesis\/wp-json\/wp\/v2\/tags?post=92381"}],"curies":[{"name":"wp","href":"https:\/\/api.w.org\/{rel}","templated":true}]}}