{"id":92390,"date":"2018-03-11T10:11:23","date_gmt":"2018-03-11T10:11:23","guid":{"rendered":"https:\/\/www.deberes.net\/tesis\/sin-categoria\/la-formacion-vocal-en-la-argentina-en-las-ultimas-decadas-del-siglo-xx\/"},"modified":"2018-03-11T10:11:23","modified_gmt":"2018-03-11T10:11:23","slug":"la-formacion-vocal-en-la-argentina-en-las-ultimas-decadas-del-siglo-xx","status":"publish","type":"post","link":"https:\/\/www.deberes.net\/tesis\/teatro\/la-formacion-vocal-en-la-argentina-en-las-ultimas-decadas-del-siglo-xx\/","title":{"rendered":"La formacion vocal en la argentina en las ultimas decadas del siglo xx"},"content":{"rendered":"<h2>Tesis doctoral de <strong> Ruben Dario Maidana <\/strong><\/h2>\n<p>La tem\u00e1tica que se abordar\u00e1 en este estudio procura interpretar y comprender las perspectivas te\u00f3ricas y metodol\u00f3gicas con que se aborda la formaci\u00f3n vocal del actor en las carreras universitarias de teatro en la rep\u00fablica argentina, en el per\u00edodo comprendido entre 1980 y 2000. los interrogantes iniciales que dieron origen al proyecto surgen de mi inscripci\u00f3n personal como docente de la especialidad en la carrera de teatro de la facultad de arte, de la universidad nacional del centro de la provincia de buenos aires, tandil, buenos aires, argentina y, en ese car\u00e1cter, de las preocupaciones pedag\u00f3gicas y est\u00e9ticas por elaborar un marco de fundamento para la ense\u00f1anza de un aspecto poco tratado de la formaci\u00f3n profesional del actor. Preocupaciones estas que se complementan con las surgidas desde otras funciones ejercidas paralelamente en el campo de la pr\u00e1ctica art\u00edstica, como actor, director y productor de distintos espect\u00e1culos teatrales. la asunci\u00f3n de funciones docentes en la ense\u00f1anza universitaria, a partir del ciclo lectivo 2001, como profesor a cargo de la c\u00e1tedra de educaci\u00f3n de la voz i, me llev\u00f3 a una situaci\u00f3n de reflexi\u00f3n respecto de los supuestos sobre los cuales fundamentar la ense\u00f1anza de la disciplina. Esto implica considerar especialmente, la inscripci\u00f3n de la materia en un plan de estudios de grado, el que procura una formaci\u00f3n art\u00edstica cuyo perfil profesional supone dotar al egresado de competencias y habilidades definidas por el mismo, en el marco de los requerimientos regulados a nivel nacional para la ense\u00f1anza universitaria. En este caso, se trata de un perfil de graduado centrado en la formaci\u00f3n actoral, pero ampliado a las exigencias de una licenciatura en teatro.  as\u00ed, la b\u00fasqueda de una sistematizaci\u00f3n de una formaci\u00f3n vocal para actores como problema de la pr\u00e1ctica docente constituy\u00f3 el est\u00edmulo para reflexionar sobre la situaci\u00f3n te\u00f3rica y pedag\u00f3gica alcanzada respecto de este tema en otras instituciones de caracter\u00edsticas similares a la facultad de arte en que me desempe\u00f1o. Tal como ocurre en otros campos disciplinares, el an\u00e1lisis del estado del conocimiento sobre la disciplina en cuesti\u00f3n constituye uno de los criterios para validar las propuestas acad\u00e9micas de ense\u00f1anza universitaria y, de alg\u00fan modo, un requisito para fundamentar los enfoques que cada c\u00e1tedra adopta.  por ello, a partir de la comparaci\u00f3n de las distintas propuestas did\u00e1cticas que sustentan el trabajo de las c\u00e1tedras vocales impartidas en las carreras universitarias de formaci\u00f3n de actores, el presente estudio pretende indentificar y analizar las perspectivas te\u00f3ricas y metodol\u00f3gicas adoptadas para la formaci\u00f3n vocal del actor, en las carreras universitarias destinadas a esa formaci\u00f3n, y sus vinculaciones con concepciones sobre la actuaci\u00f3n y\/o distintas po\u00e9ticas teatrales.<\/p>\n<p>&nbsp;<\/p>\n<h3>Datos acad\u00e9micos de la tesis doctoral \u00ab<strong>La formacion vocal en la argentina en las ultimas decadas del siglo xx<\/strong>\u00ab<\/h3>\n<ul>\n<li><strong>T\u00edtulo de la tesis:<\/strong>\u00a0 La formacion vocal en la argentina en las ultimas decadas del siglo xx <\/li>\n<li><strong>Autor:<\/strong>\u00a0 Ruben Dario Maidana <\/li>\n<li><strong>Universidad:<\/strong>\u00a0 Universitat de val\u00e9ncia (estudi general)<\/li>\n<li><strong>Fecha de lectura de la tesis:<\/strong>\u00a0 23\/03\/2009<\/li>\n<\/ul>\n<p>&nbsp;<\/p>\n<h3>Direcci\u00f3n y tribunal<\/h3>\n<ul>\n<li><strong>Director de la tesis<\/strong>\n<ul>\n<li>Manuel Diago Moncholi<\/li>\n<\/ul>\n<\/li>\n<li><strong>Tribunal<\/strong>\n<ul>\n<li>Presidente del tribunal: josep lLuis Sirera turo <\/li>\n<li>Manuel Perez jimenez (vocal)<\/li>\n<li>Miguel angel Giella (vocal)<\/li>\n<li>eduardo Perez rasilla bayo (vocal)<\/li>\n<\/ul>\n<\/li>\n<\/ul>\n<p>&nbsp;<\/p>\n","protected":false},"excerpt":{"rendered":"<p>Tesis doctoral de Ruben Dario Maidana La tem\u00e1tica que se abordar\u00e1 en este estudio procura interpretar y comprender las perspectivas [&hellip;]<\/p>\n","protected":false},"author":1,"featured_media":0,"comment_status":"open","ping_status":"open","sticky":false,"template":"","format":"standard","meta":{"site-sidebar-layout":"default","site-content-layout":"","ast-site-content-layout":"","site-content-style":"default","site-sidebar-style":"default","ast-global-header-display":"","ast-banner-title-visibility":"","ast-main-header-display":"","ast-hfb-above-header-display":"","ast-hfb-below-header-display":"","ast-hfb-mobile-header-display":"","site-post-title":"","ast-breadcrumbs-content":"","ast-featured-img":"","footer-sml-layout":"","theme-transparent-header-meta":"","adv-header-id-meta":"","stick-header-meta":"","header-above-stick-meta":"","header-main-stick-meta":"","header-below-stick-meta":"","astra-migrate-meta-layouts":"default","ast-page-background-enabled":"default","ast-page-background-meta":{"desktop":{"background-color":"var(--ast-global-color-4)","background-image":"","background-repeat":"repeat","background-position":"center center","background-size":"auto","background-attachment":"scroll","background-type":"","background-media":"","overlay-type":"","overlay-color":"","overlay-gradient":""},"tablet":{"background-color":"","background-image":"","background-repeat":"repeat","background-position":"center center","background-size":"auto","background-attachment":"scroll","background-type":"","background-media":"","overlay-type":"","overlay-color":"","overlay-gradient":""},"mobile":{"background-color":"","background-image":"","background-repeat":"repeat","background-position":"center center","background-size":"auto","background-attachment":"scroll","background-type":"","background-media":"","overlay-type":"","overlay-color":"","overlay-gradient":""}},"ast-content-background-meta":{"desktop":{"background-color":"var(--ast-global-color-5)","background-image":"","background-repeat":"repeat","background-position":"center center","background-size":"auto","background-attachment":"scroll","background-type":"","background-media":"","overlay-type":"","overlay-color":"","overlay-gradient":""},"tablet":{"background-color":"var(--ast-global-color-5)","background-image":"","background-repeat":"repeat","background-position":"center center","background-size":"auto","background-attachment":"scroll","background-type":"","background-media":"","overlay-type":"","overlay-color":"","overlay-gradient":""},"mobile":{"background-color":"var(--ast-global-color-5)","background-image":"","background-repeat":"repeat","background-position":"center center","background-size":"auto","background-attachment":"scroll","background-type":"","background-media":"","overlay-type":"","overlay-color":"","overlay-gradient":""}},"footnotes":""},"categories":[1110],"tags":[146973,11559,127866,17686,141736,191127],"class_list":["post-92390","post","type-post","status-publish","format-standard","hentry","category-teatro","tag-eduardo-perez-rasilla-bayo","tag-josep-lluis-sirera-turo","tag-manuel-diago-moncholi","tag-manuel-perez-jimenez","tag-miguel-angel-giella","tag-ruben-dario-maidana"],"_links":{"self":[{"href":"https:\/\/www.deberes.net\/tesis\/wp-json\/wp\/v2\/posts\/92390","targetHints":{"allow":["GET"]}}],"collection":[{"href":"https:\/\/www.deberes.net\/tesis\/wp-json\/wp\/v2\/posts"}],"about":[{"href":"https:\/\/www.deberes.net\/tesis\/wp-json\/wp\/v2\/types\/post"}],"author":[{"embeddable":true,"href":"https:\/\/www.deberes.net\/tesis\/wp-json\/wp\/v2\/users\/1"}],"replies":[{"embeddable":true,"href":"https:\/\/www.deberes.net\/tesis\/wp-json\/wp\/v2\/comments?post=92390"}],"version-history":[{"count":0,"href":"https:\/\/www.deberes.net\/tesis\/wp-json\/wp\/v2\/posts\/92390\/revisions"}],"wp:attachment":[{"href":"https:\/\/www.deberes.net\/tesis\/wp-json\/wp\/v2\/media?parent=92390"}],"wp:term":[{"taxonomy":"category","embeddable":true,"href":"https:\/\/www.deberes.net\/tesis\/wp-json\/wp\/v2\/categories?post=92390"},{"taxonomy":"post_tag","embeddable":true,"href":"https:\/\/www.deberes.net\/tesis\/wp-json\/wp\/v2\/tags?post=92390"}],"curies":[{"name":"wp","href":"https:\/\/api.w.org\/{rel}","templated":true}]}}