{"id":92395,"date":"2018-03-11T10:11:23","date_gmt":"2018-03-11T10:11:23","guid":{"rendered":"https:\/\/www.deberes.net\/tesis\/sin-categoria\/diseno-y-evaluacion-de-un-programa-de-tratamiento-psicologico-para-pacientes-con-trastorno-bipolar-refractario\/"},"modified":"2018-03-11T10:11:23","modified_gmt":"2018-03-11T10:11:23","slug":"diseno-y-evaluacion-de-un-programa-de-tratamiento-psicologico-para-pacientes-con-trastorno-bipolar-refractario","status":"publish","type":"post","link":"https:\/\/www.deberes.net\/tesis\/psicopatologia\/diseno-y-evaluacion-de-un-programa-de-tratamiento-psicologico-para-pacientes-con-trastorno-bipolar-refractario\/","title":{"rendered":"Dise\u00f1o y evaluacion de un programa de tratamiento psicologico para pacientes con trastorno bipolar refractario"},"content":{"rendered":"<h2>Tesis doctoral de <strong> Ana Gonzalez Isasi <\/strong><\/h2>\n<p>La tesis trata de dise\u00f1ar y evaluar un programa de tratamiento psicol\u00f3gico para pacientes con trastorno bipolar refractario. Se incluyen 40 pacientes con una mala evoluci\u00f3n previa, cuyo tratamiento habitual ha sido solamente farmacol\u00f3gico. Los sujetos se asignan aleatoriamente a dos grupos: un grupo experimental y un grupo de control de 20 pacientes cada uno. El grupo de control sigue solamente con el tratamiento farmacol\u00f3gico, y el grupo experimental recibe un tratamiento combinado (farmacol\u00f3gico y psicol\u00f3gico). Se elabora un programa de tratamiento psicol\u00f3gico de 20 sesiones, de hora y media de duraci\u00f3n, con formato grupal, basado en la psicoeducaci\u00f3n y en modelo cognitivo-conductual. Tambi\u00e9n se incluye alguna t\u00e9cnica de la psicoterapia interpersonal y del ritmo social. Los objetivos del programa son reducir el n\u00famero de ingresos, aumentar su calidad de vida, potenciar su repertorio de habilidades sociales, mejorar su autoestima, as\u00ed como su funcionamiento en las diferentes \u00e1reas de la vida cotidiana, su calidad de salud y percepci\u00f3n de la misma; y del mismo modo, reducir su ansiedad, su inestabilidad emocional y su psicopatolog\u00eda global. Se aplica un dise\u00f1o experimental de medidas repetidas con grupo de control, realizando la evaluaci\u00f3n en el pretratamiento, en el postratamiento, en un seguimiento a los 6 meses y en un seguimiento al a\u00f1o. Se utilizan como instrumentos de evaluaci\u00f3n el scl-90-r, el stai-e, el bdi, la escala de man\u00eda de young, la escala de autoestima de rosenberg, el eeag, la escala de inadaptaci\u00f3n de echebur\u00faa y corral, el euroqol y el ehs. Se realiza un an\u00e1lisis intergrupal para comparar ambos grupos, y un an\u00e1lisis intragrupal para ver la evoluci\u00f3n de cada grupo a lo largo del tiempo. Los resultados confirman la mayor\u00eda de las hip\u00f3tesis planteadas, y la mejor evoluci\u00f3n del grupo con tratamiento combinado a lo largo del tiempo.<\/p>\n<p>&nbsp;<\/p>\n<h3>Datos acad\u00e9micos de la tesis doctoral \u00ab<strong>Dise\u00f1o y evaluacion de un programa de tratamiento psicologico para pacientes con trastorno bipolar refractario<\/strong>\u00ab<\/h3>\n<ul>\n<li><strong>T\u00edtulo de la tesis:<\/strong>\u00a0 Dise\u00f1o y evaluacion de un programa de tratamiento psicologico para pacientes con trastorno bipolar refractario <\/li>\n<li><strong>Autor:<\/strong>\u00a0 Ana Gonzalez Isasi <\/li>\n<li><strong>Universidad:<\/strong>\u00a0 Pa\u00eds vasco\/euskal herriko unibertsitatea<\/li>\n<li><strong>Fecha de lectura de la tesis:<\/strong>\u00a0 23\/03\/2009<\/li>\n<\/ul>\n<p>&nbsp;<\/p>\n<h3>Direcci\u00f3n y tribunal<\/h3>\n<ul>\n<li><strong>Director de la tesis<\/strong>\n<ul>\n<li>pinto Arrillaga Gonzalez<\/li>\n<\/ul>\n<\/li>\n<li><strong>Tribunal<\/strong>\n<ul>\n<li>Presidente del tribunal: bonifacio Sandin ferrero <\/li>\n<li>amparo Belloch fuster (vocal)<\/li>\n<li>Javier Fernandez montalvo (vocal)<\/li>\n<li>elisardo Beco\u00f1a iglesias (vocal)<\/li>\n<\/ul>\n<\/li>\n<\/ul>\n<p>&nbsp;<\/p>\n","protected":false},"excerpt":{"rendered":"<p>Tesis doctoral de Ana Gonzalez Isasi La tesis trata de dise\u00f1ar y evaluar un programa de tratamiento psicol\u00f3gico para pacientes [&hellip;]<\/p>\n","protected":false},"author":1,"featured_media":0,"comment_status":"open","ping_status":"open","sticky":false,"template":"","format":"standard","meta":{"site-sidebar-layout":"default","site-content-layout":"","ast-site-content-layout":"","site-content-style":"default","site-sidebar-style":"default","ast-global-header-display":"","ast-banner-title-visibility":"","ast-main-header-display":"","ast-hfb-above-header-display":"","ast-hfb-below-header-display":"","ast-hfb-mobile-header-display":"","site-post-title":"","ast-breadcrumbs-content":"","ast-featured-img":"","footer-sml-layout":"","theme-transparent-header-meta":"","adv-header-id-meta":"","stick-header-meta":"","header-above-stick-meta":"","header-main-stick-meta":"","header-below-stick-meta":"","astra-migrate-meta-layouts":"default","ast-page-background-enabled":"default","ast-page-background-meta":{"desktop":{"background-color":"var(--ast-global-color-4)","background-image":"","background-repeat":"repeat","background-position":"center center","background-size":"auto","background-attachment":"scroll","background-type":"","background-media":"","overlay-type":"","overlay-color":"","overlay-gradient":""},"tablet":{"background-color":"","background-image":"","background-repeat":"repeat","background-position":"center center","background-size":"auto","background-attachment":"scroll","background-type":"","background-media":"","overlay-type":"","overlay-color":"","overlay-gradient":""},"mobile":{"background-color":"","background-image":"","background-repeat":"repeat","background-position":"center center","background-size":"auto","background-attachment":"scroll","background-type":"","background-media":"","overlay-type":"","overlay-color":"","overlay-gradient":""}},"ast-content-background-meta":{"desktop":{"background-color":"var(--ast-global-color-5)","background-image":"","background-repeat":"repeat","background-position":"center center","background-size":"auto","background-attachment":"scroll","background-type":"","background-media":"","overlay-type":"","overlay-color":"","overlay-gradient":""},"tablet":{"background-color":"var(--ast-global-color-5)","background-image":"","background-repeat":"repeat","background-position":"center center","background-size":"auto","background-attachment":"scroll","background-type":"","background-media":"","overlay-type":"","overlay-color":"","overlay-gradient":""},"mobile":{"background-color":"var(--ast-global-color-5)","background-image":"","background-repeat":"repeat","background-position":"center center","background-size":"auto","background-attachment":"scroll","background-type":"","background-media":"","overlay-type":"","overlay-color":"","overlay-gradient":""}},"footnotes":""},"categories":[12909,325,6686],"tags":[13480,191134,5290,13523,95663,191135],"class_list":["post-92395","post","type-post","status-publish","format-standard","hentry","category-pais-vasco-euskal-herriko-unibertsitatea","category-psicopatologia","category-terapia-del-comportamiento","tag-amparo-belloch-fuster","tag-ana-gonzalez-isasi","tag-bonifacio-sandin-ferrero","tag-elisardo-becona-iglesias","tag-javier-fernandez-montalvo","tag-pinto-arrillaga-gonzalez"],"_links":{"self":[{"href":"https:\/\/www.deberes.net\/tesis\/wp-json\/wp\/v2\/posts\/92395","targetHints":{"allow":["GET"]}}],"collection":[{"href":"https:\/\/www.deberes.net\/tesis\/wp-json\/wp\/v2\/posts"}],"about":[{"href":"https:\/\/www.deberes.net\/tesis\/wp-json\/wp\/v2\/types\/post"}],"author":[{"embeddable":true,"href":"https:\/\/www.deberes.net\/tesis\/wp-json\/wp\/v2\/users\/1"}],"replies":[{"embeddable":true,"href":"https:\/\/www.deberes.net\/tesis\/wp-json\/wp\/v2\/comments?post=92395"}],"version-history":[{"count":0,"href":"https:\/\/www.deberes.net\/tesis\/wp-json\/wp\/v2\/posts\/92395\/revisions"}],"wp:attachment":[{"href":"https:\/\/www.deberes.net\/tesis\/wp-json\/wp\/v2\/media?parent=92395"}],"wp:term":[{"taxonomy":"category","embeddable":true,"href":"https:\/\/www.deberes.net\/tesis\/wp-json\/wp\/v2\/categories?post=92395"},{"taxonomy":"post_tag","embeddable":true,"href":"https:\/\/www.deberes.net\/tesis\/wp-json\/wp\/v2\/tags?post=92395"}],"curies":[{"name":"wp","href":"https:\/\/api.w.org\/{rel}","templated":true}]}}