{"id":92426,"date":"2018-03-11T10:11:23","date_gmt":"2018-03-11T10:11:23","guid":{"rendered":"https:\/\/www.deberes.net\/tesis\/sin-categoria\/lugares-de-habitat-evolucion-entre-el-7000-3500bp-en-el-arco-de-la-fachada-mediterranea\/"},"modified":"2018-03-11T10:11:23","modified_gmt":"2018-03-11T10:11:23","slug":"lugares-de-habitat-evolucion-entre-el-7000-3500bp-en-el-arco-de-la-fachada-mediterranea","status":"publish","type":"post","link":"https:\/\/www.deberes.net\/tesis\/historia\/lugares-de-habitat-evolucion-entre-el-7000-3500bp-en-el-arco-de-la-fachada-mediterranea\/","title":{"rendered":"Lugares de h\u00e1bitat, evoluci\u00f3n entre el 7000-3500bp en el arco de la fachada mediterr\u00e1nea"},"content":{"rendered":"<h2>Tesis doctoral de <strong> Mar\u00eda  Magdalena G\u00f3mez Puche <\/strong><\/h2>\n<p>La caracterizaci\u00f3n de las estructuras de h\u00e1bitat en yacimientos al aire libre situados en la zona central de la fachada mediterr\u00e1nea peninsular y con una cronolog\u00eda ente el 7000 y 3500 antes de presente, constituye la problem\u00e1tica central de esta tesis doctoral. tradicionalmente se ha considerado que durante este per\u00edodo se inician los procesos de sedentarizaci\u00f3n y construcci\u00f3n de estructuras m\u00e1s permanentes, acompa\u00f1ando una serie de transformaciones socioecon\u00f3micas producidas en el marco de la adopci\u00f3n de la agricultura y la ganader\u00eda. Consideramos que el establecimiento de un grupo en un espacio implica la adecuaci\u00f3n de \u00e9ste a las necesidades de los individuos que, de manera directa y consciente imprimen en \u00e9l, elementos de su universo sociocultural. Por ello, a trav\u00e9s del an\u00e1lisis de las caracter\u00edsticas de los espacios habitados, a partir de la comprensi\u00f3n del uso del espacio, es posible aproximarnos a su esfera social, econ\u00f3mica, cultural y simb\u00f3lica. esta tesis doctoral recopila la documentaci\u00f3n de estructuras de h\u00e1bitat en yacimientos neol\u00edticos y calcol\u00edticos existente en los yacimientos m\u00e1s relevantes del pa\u00eds Valenciano, al tiempo que incorpora datos in\u00e9ditos procedentes de un registro arqueol\u00f3gico privilegiado, pues existen pocas \u00e1reas geogr\u00e1ficas en la pen\u00ednsula ib\u00e9rica que permitan analizar la evoluci\u00f3n de los asentamientos al aire libre a lo largo de una secuencia tan dilatada.  el objetivo ha sido doble. Por un lado, identificar las estructuras que forman parte de los asentamientos, su tipolog\u00eda y caracter\u00edsticas, con objeto de elaborar un corpus de referencia que permita ordenar el registro conocido y analizar su evoluci\u00f3n diacr\u00f3nica. Por otro, abordar el an\u00e1lisis de los restos materiales de las estructuras de h\u00e1bitat como medio para aproximarnos a la organizaci\u00f3n social de los grupos. En una etapa en la que se sit\u00faa el tr\u00e1nsito desde sociedades igualitarias a comunidades segmentarias jerarquizadas y en la que se detectan los primeros indicios de jerarquizaci\u00f3n.  en el marco te\u00f3rico-metodol\u00f3gico se plantean las cuestiones epistemol\u00f3gicas referentes a las limitaciones del registro arqueol\u00f3gico y por otra se explicitan las unidades de an\u00e1lisis y las categor\u00edas conceptuales empleadas en la interpretaci\u00f3n de los datos. Entre las t\u00e9cnicas anal\u00edticas que se utilizan destacan los an\u00e1lisis estad\u00edsticos encaminados a comprender las din\u00e1micas que explican la variabilidad en los rellenos de las estructuras subterr\u00e1neas y el estudio anal\u00edtico de los fragmentos de barro. un total de diez yacimientos componen el corpus principal de datos analizados en esta tesis doctoral. Hemos participado directamente en la obtenci\u00f3n y elaboraci\u00f3n de la informaci\u00f3n arqueol\u00f3gica correspondiente a cuatro de ellos (las mangraneras, mas de is, colata y la vital), mientras que en los casos restantes, los datos han sido obtenidos a partir de las publicaciones cient\u00edficas (les jovades, niuet, arenal de la costa, la torreta-el monastil, cam\u00ed de missena y la illeta dels banyets). Cada uno de ellos difiere en cuanto a la entidad de los datos acerca de las estructuras de h\u00e1bitat, lo que condiciona la profundidad y el nivel de detalle que se ha podido alcanzar en su an\u00e1lisis. desde una perspectiva diacr\u00f3nica, la evoluci\u00f3n de los asentamientos neol\u00edticos y calcol\u00edticos se observa en tres aspectos. En primer lugar, en la evoluci\u00f3n de las estructuras que forman parte de los yacimientos, especialmente, en las viviendas, los silos y los fosos. En segundo lugar, en la transformaci\u00f3n de la organizaci\u00f3n espacial de dichas estructuras en el asentamiento, que var\u00eda seg\u00fan su grado de dispersi\u00f3n o concentraci\u00f3n y sus patrones de distribuci\u00f3n. Y finalmente, en la duraci\u00f3n temporal de las ocupaciones, donde existen diferentes estadios de sedentarizaci\u00f3n y se detectan procesos de reocupaci\u00f3n, reutilizaci\u00f3n y apropiaci\u00f3n del espacio.<\/p>\n<p>&nbsp;<\/p>\n<h3>Datos acad\u00e9micos de la tesis doctoral \u00ab<strong>Lugares de h\u00e1bitat, evoluci\u00f3n entre el 7000-3500bp en el arco de la fachada mediterr\u00e1nea<\/strong>\u00ab<\/h3>\n<ul>\n<li><strong>T\u00edtulo de la tesis:<\/strong>\u00a0 Lugares de h\u00e1bitat, evoluci\u00f3n entre el 7000-3500bp en el arco de la fachada mediterr\u00e1nea <\/li>\n<li><strong>Autor:<\/strong>\u00a0 Mar\u00eda  Magdalena G\u00f3mez Puche <\/li>\n<li><strong>Universidad:<\/strong>\u00a0 Universitat de val\u00e9ncia (estudi general)<\/li>\n<li><strong>Fecha de lectura de la tesis:<\/strong>\u00a0 24\/03\/2009<\/li>\n<\/ul>\n<p>&nbsp;<\/p>\n<h3>Direcci\u00f3n y tribunal<\/h3>\n<ul>\n<li><strong>Director de la tesis<\/strong>\n<ul>\n<li>Juan Bernabeu Auban<\/li>\n<\/ul>\n<\/li>\n<li><strong>Tribunal<\/strong>\n<ul>\n<li>Presidente del tribunal: anick Coudart <\/li>\n<li>miquel Molist monta\u00f1a (vocal)<\/li>\n<li>pedro Diaz del rio (vocal)<\/li>\n<li>manolo Rojo guerra (vocal)<\/li>\n<\/ul>\n<\/li>\n<\/ul>\n<p>&nbsp;<\/p>\n","protected":false},"excerpt":{"rendered":"<p>Tesis doctoral de Mar\u00eda Magdalena G\u00f3mez Puche La caracterizaci\u00f3n de las estructuras de h\u00e1bitat en yacimientos al aire libre situados [&hellip;]<\/p>\n","protected":false},"author":1,"featured_media":0,"comment_status":"open","ping_status":"open","sticky":false,"template":"","format":"standard","meta":{"site-sidebar-layout":"default","site-content-layout":"","ast-site-content-layout":"","site-content-style":"default","site-sidebar-style":"default","ast-global-header-display":"","ast-banner-title-visibility":"","ast-main-header-display":"","ast-hfb-above-header-display":"","ast-hfb-below-header-display":"","ast-hfb-mobile-header-display":"","site-post-title":"","ast-breadcrumbs-content":"","ast-featured-img":"","footer-sml-layout":"","theme-transparent-header-meta":"","adv-header-id-meta":"","stick-header-meta":"","header-above-stick-meta":"","header-main-stick-meta":"","header-below-stick-meta":"","astra-migrate-meta-layouts":"default","ast-page-background-enabled":"default","ast-page-background-meta":{"desktop":{"background-color":"var(--ast-global-color-4)","background-image":"","background-repeat":"repeat","background-position":"center center","background-size":"auto","background-attachment":"scroll","background-type":"","background-media":"","overlay-type":"","overlay-color":"","overlay-gradient":""},"tablet":{"background-color":"","background-image":"","background-repeat":"repeat","background-position":"center center","background-size":"auto","background-attachment":"scroll","background-type":"","background-media":"","overlay-type":"","overlay-color":"","overlay-gradient":""},"mobile":{"background-color":"","background-image":"","background-repeat":"repeat","background-position":"center center","background-size":"auto","background-attachment":"scroll","background-type":"","background-media":"","overlay-type":"","overlay-color":"","overlay-gradient":""}},"ast-content-background-meta":{"desktop":{"background-color":"var(--ast-global-color-5)","background-image":"","background-repeat":"repeat","background-position":"center center","background-size":"auto","background-attachment":"scroll","background-type":"","background-media":"","overlay-type":"","overlay-color":"","overlay-gradient":""},"tablet":{"background-color":"var(--ast-global-color-5)","background-image":"","background-repeat":"repeat","background-position":"center center","background-size":"auto","background-attachment":"scroll","background-type":"","background-media":"","overlay-type":"","overlay-color":"","overlay-gradient":""},"mobile":{"background-color":"var(--ast-global-color-5)","background-image":"","background-repeat":"repeat","background-position":"center center","background-size":"auto","background-attachment":"scroll","background-type":"","background-media":"","overlay-type":"","overlay-color":"","overlay-gradient":""}},"footnotes":""},"categories":[1623,1624,104,2635],"tags":[191196,68350,191197,191195,80494,105190],"class_list":["post-92426","post","type-post","status-publish","format-standard","hentry","category-arqueologia","category-ciencias-auxiliares-de-la-historia","category-historia","category-prehistoria","tag-anick-coudart","tag-juan-bernabeu-auban","tag-manolo-rojo-guerra","tag-maria-magdalena-gomez-puche","tag-miquel-molist-montana","tag-pedro-diaz-del-rio"],"_links":{"self":[{"href":"https:\/\/www.deberes.net\/tesis\/wp-json\/wp\/v2\/posts\/92426","targetHints":{"allow":["GET"]}}],"collection":[{"href":"https:\/\/www.deberes.net\/tesis\/wp-json\/wp\/v2\/posts"}],"about":[{"href":"https:\/\/www.deberes.net\/tesis\/wp-json\/wp\/v2\/types\/post"}],"author":[{"embeddable":true,"href":"https:\/\/www.deberes.net\/tesis\/wp-json\/wp\/v2\/users\/1"}],"replies":[{"embeddable":true,"href":"https:\/\/www.deberes.net\/tesis\/wp-json\/wp\/v2\/comments?post=92426"}],"version-history":[{"count":0,"href":"https:\/\/www.deberes.net\/tesis\/wp-json\/wp\/v2\/posts\/92426\/revisions"}],"wp:attachment":[{"href":"https:\/\/www.deberes.net\/tesis\/wp-json\/wp\/v2\/media?parent=92426"}],"wp:term":[{"taxonomy":"category","embeddable":true,"href":"https:\/\/www.deberes.net\/tesis\/wp-json\/wp\/v2\/categories?post=92426"},{"taxonomy":"post_tag","embeddable":true,"href":"https:\/\/www.deberes.net\/tesis\/wp-json\/wp\/v2\/tags?post=92426"}],"curies":[{"name":"wp","href":"https:\/\/api.w.org\/{rel}","templated":true}]}}