{"id":92428,"date":"2018-03-11T10:11:23","date_gmt":"2018-03-11T10:11:23","guid":{"rendered":"https:\/\/www.deberes.net\/tesis\/sin-categoria\/el-pensamiento-social-de-los-arzobispos-de-la-archidiocesis-de-madrid-despues-del-concilio-vaticano-ii-1964-1994\/"},"modified":"2018-03-11T10:11:23","modified_gmt":"2018-03-11T10:11:23","slug":"el-pensamiento-social-de-los-arzobispos-de-la-archidiocesis-de-madrid-despues-del-concilio-vaticano-ii-1964-1994","status":"publish","type":"post","link":"https:\/\/www.deberes.net\/tesis\/historia-regional\/el-pensamiento-social-de-los-arzobispos-de-la-archidiocesis-de-madrid-despues-del-concilio-vaticano-ii-1964-1994\/","title":{"rendered":"El pensamiento social de los arzobispos de la archidi\u00f3cesis de Madrid despu\u00e9s del concilio vaticano ii, 1964-1994"},"content":{"rendered":"<h2>Tesis doctoral de <strong> Ignacio Mar\u00eda Fern\u00e1ndez Torres <\/strong><\/h2>\n<p>La tesis tiene dos objetivos: descubrir qu\u00e9 pudo aprender un feligr\u00e9s de la archidi\u00f3cesis de Madrid sobre derechos humanos, opci\u00f3n por los pobres y la realidad de las migraciones de cada uno de los arzobispos que ha tenido la archidi\u00f3cesis despu\u00e9s del concilio vaticano ii, casimiro morcillo, vicente enrique y taranc\u00f3n y \u00e1ngel suqu\u00eda y hacer un an\u00e1lisis comparativo entre las ense\u00f1anzas de los tres arzobispos. No estudiamos al actual arzobispo, rouco varela, por estar abierto su magisterio, . Hablamos del magisterio referido a la archidi\u00f3cesis y sus feligreses. No entramos a estudiar sus ense\u00f1anzas o intervenciones dirigidas a otros foros o instituciones. A lo largo de la tesis descubrimos que los tres arzobispos son hijos de su tiempo, conocen bien la realidad social y pol\u00edtica que les rodea y se preocupan por ella, ilumin\u00e1ndola desde la palabra de dios y el magisterio conciliar y pontificio. Demuestran una gran sensibilidad ante los problemas sociales y pol\u00edticos y desarrollan los temas con una enorme coincidencia entre ellos a la hora de fundamentarlos teol\u00f3gicamente. La mayor diferencia entre ellos est\u00e1 en el silencio de d. Casimiro ante los derechos pol\u00edticos. Escriben con abundancia y profundidad sobre la realidad sociopol\u00edtica de su tiempo, ilumin\u00e1ndola adecuadamente desde la fe, y favoreciendo el compromiso eclesial. Los tres subrayan la dimensi\u00f3n sociopol\u00edtica de la fe y del ser creyente. Para ellos el compromiso sociopol\u00edtico est\u00e1 \u00edntimamente relacionado con la evangelizaci\u00f3n. Su magisterio, en cuanto a su fundamentaci\u00f3n e invitaci\u00f3n al compromiso eclesial se refiere, es perfectamente actual y v\u00e1lido.<\/p>\n<p>&nbsp;<\/p>\n<h3>Datos acad\u00e9micos de la tesis doctoral \u00ab<strong>El pensamiento social de los arzobispos de la archidi\u00f3cesis de Madrid despu\u00e9s del concilio vaticano ii, 1964-1994<\/strong>\u00ab<\/h3>\n<ul>\n<li><strong>T\u00edtulo de la tesis:<\/strong>\u00a0 El pensamiento social de los arzobispos de la archidi\u00f3cesis de Madrid despu\u00e9s del concilio vaticano ii, 1964-1994 <\/li>\n<li><strong>Autor:<\/strong>\u00a0 Ignacio Mar\u00eda Fern\u00e1ndez Torres <\/li>\n<li><strong>Universidad:<\/strong>\u00a0 Pontificia comillas<\/li>\n<li><strong>Fecha de lectura de la tesis:<\/strong>\u00a0 24\/03\/2009<\/li>\n<\/ul>\n<p>&nbsp;<\/p>\n<h3>Direcci\u00f3n y tribunal<\/h3>\n<ul>\n<li><strong>Director de la tesis<\/strong>\n<ul>\n<li>montenegro Sanz De Diego Verdes<\/li>\n<\/ul>\n<\/li>\n<li><strong>Tribunal<\/strong>\n<ul>\n<li>Presidente del tribunal: Luis Gonz\u00e1lez-carvajal santab\u00e1rbara <\/li>\n<li>Rafael M\u00aa Sanz de diego verdes-montenegro (vocal)<\/li>\n<li>Jos\u00e9 Mar\u00eda D\u00edaz moreno (vocal)<\/li>\n<li>Manuel Revuelta gonz\u00e1lez (vocal)<\/li>\n<\/ul>\n<\/li>\n<\/ul>\n<p>&nbsp;<\/p>\n","protected":false},"excerpt":{"rendered":"<p>Tesis doctoral de Ignacio Mar\u00eda Fern\u00e1ndez Torres La tesis tiene dos objetivos: descubrir qu\u00e9 pudo aprender un feligr\u00e9s de la [&hellip;]<\/p>\n","protected":false},"author":1,"featured_media":0,"comment_status":"open","ping_status":"open","sticky":false,"template":"","format":"standard","meta":{"site-sidebar-layout":"default","site-content-layout":"","ast-site-content-layout":"","site-content-style":"default","site-sidebar-style":"default","ast-global-header-display":"","ast-banner-title-visibility":"","ast-main-header-display":"","ast-hfb-above-header-display":"","ast-hfb-below-header-display":"","ast-hfb-mobile-header-display":"","site-post-title":"","ast-breadcrumbs-content":"","ast-featured-img":"","footer-sml-layout":"","theme-transparent-header-meta":"","adv-header-id-meta":"","stick-header-meta":"","header-above-stick-meta":"","header-main-stick-meta":"","header-below-stick-meta":"","astra-migrate-meta-layouts":"default","ast-page-background-enabled":"default","ast-page-background-meta":{"desktop":{"background-color":"var(--ast-global-color-4)","background-image":"","background-repeat":"repeat","background-position":"center center","background-size":"auto","background-attachment":"scroll","background-type":"","background-media":"","overlay-type":"","overlay-color":"","overlay-gradient":""},"tablet":{"background-color":"","background-image":"","background-repeat":"repeat","background-position":"center center","background-size":"auto","background-attachment":"scroll","background-type":"","background-media":"","overlay-type":"","overlay-color":"","overlay-gradient":""},"mobile":{"background-color":"","background-image":"","background-repeat":"repeat","background-position":"center center","background-size":"auto","background-attachment":"scroll","background-type":"","background-media":"","overlay-type":"","overlay-color":"","overlay-gradient":""}},"ast-content-background-meta":{"desktop":{"background-color":"var(--ast-global-color-5)","background-image":"","background-repeat":"repeat","background-position":"center center","background-size":"auto","background-attachment":"scroll","background-type":"","background-media":"","overlay-type":"","overlay-color":"","overlay-gradient":""},"tablet":{"background-color":"var(--ast-global-color-5)","background-image":"","background-repeat":"repeat","background-position":"center center","background-size":"auto","background-attachment":"scroll","background-type":"","background-media":"","overlay-type":"","overlay-color":"","overlay-gradient":""},"mobile":{"background-color":"var(--ast-global-color-5)","background-image":"","background-repeat":"repeat","background-position":"center center","background-size":"auto","background-attachment":"scroll","background-type":"","background-media":"","overlay-type":"","overlay-color":"","overlay-gradient":""}},"footnotes":""},"categories":[17859,1816,3538,981,18397],"tags":[191199,32430,55315,60618,191200,147420],"class_list":["post-92428","post","type-post","status-publish","format-standard","hentry","category-historia-comparada","category-historia-contemporanea","category-historia-de-las-ideas-politicas","category-historia-regional","category-pontificia-comillas","tag-ignacio-maria-fernandez-torres","tag-jose-maria-diaz-moreno","tag-luis-gonzalez-carvajal-santabarbara","tag-manuel-revuelta-gonzalez","tag-montenegro-sanz-de-diego-verdes","tag-rafael-ma-sanz-de-diego-verdes-montenegro"],"_links":{"self":[{"href":"https:\/\/www.deberes.net\/tesis\/wp-json\/wp\/v2\/posts\/92428","targetHints":{"allow":["GET"]}}],"collection":[{"href":"https:\/\/www.deberes.net\/tesis\/wp-json\/wp\/v2\/posts"}],"about":[{"href":"https:\/\/www.deberes.net\/tesis\/wp-json\/wp\/v2\/types\/post"}],"author":[{"embeddable":true,"href":"https:\/\/www.deberes.net\/tesis\/wp-json\/wp\/v2\/users\/1"}],"replies":[{"embeddable":true,"href":"https:\/\/www.deberes.net\/tesis\/wp-json\/wp\/v2\/comments?post=92428"}],"version-history":[{"count":0,"href":"https:\/\/www.deberes.net\/tesis\/wp-json\/wp\/v2\/posts\/92428\/revisions"}],"wp:attachment":[{"href":"https:\/\/www.deberes.net\/tesis\/wp-json\/wp\/v2\/media?parent=92428"}],"wp:term":[{"taxonomy":"category","embeddable":true,"href":"https:\/\/www.deberes.net\/tesis\/wp-json\/wp\/v2\/categories?post=92428"},{"taxonomy":"post_tag","embeddable":true,"href":"https:\/\/www.deberes.net\/tesis\/wp-json\/wp\/v2\/tags?post=92428"}],"curies":[{"name":"wp","href":"https:\/\/api.w.org\/{rel}","templated":true}]}}