{"id":92441,"date":"2018-03-11T10:11:23","date_gmt":"2018-03-11T10:11:23","guid":{"rendered":"https:\/\/www.deberes.net\/tesis\/sin-categoria\/continuidad-de-cuidados-implicada-en-la-fisioterapia-del-paciente-ambulatorio-con-problemas-musculoesqueleticos\/"},"modified":"2018-03-11T10:11:23","modified_gmt":"2018-03-11T10:11:23","slug":"continuidad-de-cuidados-implicada-en-la-fisioterapia-del-paciente-ambulatorio-con-problemas-musculoesqueleticos","status":"publish","type":"post","link":"https:\/\/www.deberes.net\/tesis\/salud-publica\/continuidad-de-cuidados-implicada-en-la-fisioterapia-del-paciente-ambulatorio-con-problemas-musculoesqueleticos\/","title":{"rendered":"Continuidad de cuidados implicada en la fisioterapia del paciente ambulatorio con problemas musculoesquel\u00e9ticos"},"content":{"rendered":"<h2>Tesis doctoral de <strong> Marta Sobral Ferreira <\/strong><\/h2>\n<p>La continuidad de cuidados puede ser definida como la manera en que un paciente experimenta su cuidado de forma conectada y coherente, en un determinado per\u00edodo de tiempo o episodio cl\u00ednico. La importancia de la continuidad se apoya en el impacto que tiene sobre los resultados del cuidado como, la prevenci\u00f3n o reducci\u00f3n de discapacidades f\u00edsicas, mentales o sociales, la satisfacci\u00f3n de los pacientes y proveedores, los costes sanitarios y la percepci\u00f3n de calidad de los servicios. Sin embargo, a pesar del impacto sobre los resultados y de la notable evidencia que existe en varias disciplinas sobre las repercusiones de la continuidad, hemos evidenciado la escasa o nula informaci\u00f3n existente sobre la continuidad de cuidados en fisioterapia ambulatoria. por esta raz\u00f3n hemos planteado desarrollar una investigaci\u00f3n que contempla los siguientes objetivos: i) explorar sobre la base de las experiencias y opiniones de pacientes en tratamiento ambulatorio de fisioterapia aspectos relevantes que influyen en su percepci\u00f3n sobre la coherencia del mismo; ii) construir y validar un cuestionario que permita medir aspectos relevantes asociados para la continuidad de cuidados implicada en la fisioterapia del paciente ambulatorio con problemas musculoesquel\u00e9ticos, iii) describir la frecuencia con que los pacientes en tratamiento ambulatorio en centros asistenciales de fisioterapia perciben problemas asociados a la continuidad de cuidados, iv) analizar los factores asociados a la percepci\u00f3n de problemas en cada uno de los diferentes tipos de continuidad de cuidados, v) determinar la relevancia de los diferentes tipos de continuidad implicada en la fisioterapia del paciente ambulatorio sobre diferentes tipos de resultados. para responder a los objetivos planteados se ha realizado tres estudios empleando diferentes enfoques metodol\u00f3gicos. Para explorar las experiencias de los pacientes sobre los aspectos relevantes en la continuidad de cuidados de fisioterapia ambulatoria se utiliz\u00f3 la t\u00e9cnica cualitativa de grupos focales. A partir de los resultados obtenidos en el estudio cualitativo y en la revisi\u00f3n de literatura se dise\u00f1\u00f3 un cuestionario. Mediante un estudio transversal llevado a cabo con pacientes del tres centros de asistenciales (barcelona, Madrid, sevilla), se valida el cuestionario. En el tercer estudio posterior al de validaci\u00f3n, utilizando el cuestionario validado, se describen los problemas de continuidad percibidos por los pacientes, se analiza la importancia relativa de los factores asociados a los diferentes tipos de continuidad y relevancia sobre los diferentes resultados. los resultados han demostrado que seg\u00fan la perspectiva de los pacientes con problemas musculoesquel\u00e9ticos, la continuidad de cuidados depende de aspectos relacionados con la relaci\u00f3n establecida entre paciente y proveedor, de la disponibilidad de informaci\u00f3n y acumulo de conocimiento que este \u00faltimo tiene del paciente, y de la consistencia y flexibilidad con que se desarrolla su plan de cuidados. el cuestionario dise\u00f1ado para medir los problemas de continuidad ha demostrado niveles adecuados de validez y fiabilidad, y por lo tanto se dispone de una herramienta para medir continuidad de cuidados en fisioterapia ambulatoria. La continuidad de cuidados supone en general un problema en el contexto del estudio aunque su magnitud var\u00eda seg\u00fan el tipo de continuidad. Es poco relevante con respecto a los aspectos de la continuidad informativa, notable en los de continuidad relacional y preocupante en la sincronizaci\u00f3n de los diferentes servicios ofrecidos al paciente y en la flexibilidad de su plan de cuidados ante los cambios que le suceden. La edad del paciente y la consistencia del proveedor son factores consistentes a asociados a la mayor\u00eda de los tipos de continuidad. Sin embargo, la organizaci\u00f3n del centro parece condicionar s\u00f3lo la continuidad de gesti\u00f3n, especialmente los aspectos relativos a la consistencia entre proveedores. La continuidad relacional y de gesti\u00f3n es relevante para la satisfacci\u00f3n. No obstante, su relevancia difiere en relaci\u00f3n a los otros tipos de resultados analizados. Mientras que la continuidad de gesti\u00f3n, especialmente la flexibilidad se asocia a la mejora de la salud autopercibida, la continuidad relacional se asocia a la confianza.<\/p>\n<p>&nbsp;<\/p>\n<h3>Datos acad\u00e9micos de la tesis doctoral \u00ab<strong>Continuidad de cuidados implicada en la fisioterapia del paciente ambulatorio con problemas musculoesquel\u00e9ticos<\/strong>\u00ab<\/h3>\n<ul>\n<li><strong>T\u00edtulo de la tesis:<\/strong>\u00a0 Continuidad de cuidados implicada en la fisioterapia del paciente ambulatorio con problemas musculoesquel\u00e9ticos <\/li>\n<li><strong>Autor:<\/strong>\u00a0 Marta Sobral Ferreira <\/li>\n<li><strong>Universidad:<\/strong>\u00a0 Murcia<\/li>\n<li><strong>Fecha de lectura de la tesis:<\/strong>\u00a0 25\/03\/2009<\/li>\n<\/ul>\n<p>&nbsp;<\/p>\n<h3>Direcci\u00f3n y tribunal<\/h3>\n<ul>\n<li><strong>Director de la tesis<\/strong>\n<ul>\n<li>Francesc Medina  I Mirapeix<\/li>\n<\/ul>\n<\/li>\n<li><strong>Tribunal<\/strong>\n<ul>\n<li>Presidente del tribunal: Miguel Mu\u00f1oz-cruzado y barba <\/li>\n<li>joaquina Montilla herrador (vocal)<\/li>\n<li>Manuel Arroyo morales (vocal)<\/li>\n<li>Mar\u00eda del carmen Lillo navarro (vocal)<\/li>\n<\/ul>\n<\/li>\n<\/ul>\n<p>&nbsp;<\/p>\n","protected":false},"excerpt":{"rendered":"<p>Tesis doctoral de Marta Sobral Ferreira La continuidad de cuidados puede ser definida como la manera en que un paciente [&hellip;]<\/p>\n","protected":false},"author":1,"featured_media":0,"comment_status":"open","ping_status":"open","sticky":false,"template":"","format":"standard","meta":{"site-sidebar-layout":"default","site-content-layout":"","ast-site-content-layout":"","site-content-style":"default","site-sidebar-style":"default","ast-global-header-display":"","ast-banner-title-visibility":"","ast-main-header-display":"","ast-hfb-above-header-display":"","ast-hfb-below-header-display":"","ast-hfb-mobile-header-display":"","site-post-title":"","ast-breadcrumbs-content":"","ast-featured-img":"","footer-sml-layout":"","theme-transparent-header-meta":"","adv-header-id-meta":"","stick-header-meta":"","header-above-stick-meta":"","header-main-stick-meta":"","header-below-stick-meta":"","astra-migrate-meta-layouts":"default","ast-page-background-enabled":"default","ast-page-background-meta":{"desktop":{"background-color":"var(--ast-global-color-4)","background-image":"","background-repeat":"repeat","background-position":"center center","background-size":"auto","background-attachment":"scroll","background-type":"","background-media":"","overlay-type":"","overlay-color":"","overlay-gradient":""},"tablet":{"background-color":"","background-image":"","background-repeat":"repeat","background-position":"center center","background-size":"auto","background-attachment":"scroll","background-type":"","background-media":"","overlay-type":"","overlay-color":"","overlay-gradient":""},"mobile":{"background-color":"","background-image":"","background-repeat":"repeat","background-position":"center center","background-size":"auto","background-attachment":"scroll","background-type":"","background-media":"","overlay-type":"","overlay-color":"","overlay-gradient":""}},"ast-content-background-meta":{"desktop":{"background-color":"var(--ast-global-color-5)","background-image":"","background-repeat":"repeat","background-position":"center center","background-size":"auto","background-attachment":"scroll","background-type":"","background-media":"","overlay-type":"","overlay-color":"","overlay-gradient":""},"tablet":{"background-color":"var(--ast-global-color-5)","background-image":"","background-repeat":"repeat","background-position":"center center","background-size":"auto","background-attachment":"scroll","background-type":"","background-media":"","overlay-type":"","overlay-color":"","overlay-gradient":""},"mobile":{"background-color":"var(--ast-global-color-5)","background-image":"","background-repeat":"repeat","background-position":"center center","background-size":"auto","background-attachment":"scroll","background-type":"","background-media":"","overlay-type":"","overlay-color":"","overlay-gradient":""}},"footnotes":""},"categories":[2383,8235,967],"tags":[41779,137731,149347,148651,191222,130861],"class_list":["post-92441","post","type-post","status-publish","format-standard","hentry","category-fisioterapia","category-murcia","category-salud-publica","tag-francesc-medina-i-mirapeix","tag-joaquina-montilla-herrador","tag-manuel-arroyo-morales","tag-maria-del-carmen-lillo-navarro","tag-marta-sobral-ferreira","tag-miguel-munoz-cruzado-y-barba"],"_links":{"self":[{"href":"https:\/\/www.deberes.net\/tesis\/wp-json\/wp\/v2\/posts\/92441","targetHints":{"allow":["GET"]}}],"collection":[{"href":"https:\/\/www.deberes.net\/tesis\/wp-json\/wp\/v2\/posts"}],"about":[{"href":"https:\/\/www.deberes.net\/tesis\/wp-json\/wp\/v2\/types\/post"}],"author":[{"embeddable":true,"href":"https:\/\/www.deberes.net\/tesis\/wp-json\/wp\/v2\/users\/1"}],"replies":[{"embeddable":true,"href":"https:\/\/www.deberes.net\/tesis\/wp-json\/wp\/v2\/comments?post=92441"}],"version-history":[{"count":0,"href":"https:\/\/www.deberes.net\/tesis\/wp-json\/wp\/v2\/posts\/92441\/revisions"}],"wp:attachment":[{"href":"https:\/\/www.deberes.net\/tesis\/wp-json\/wp\/v2\/media?parent=92441"}],"wp:term":[{"taxonomy":"category","embeddable":true,"href":"https:\/\/www.deberes.net\/tesis\/wp-json\/wp\/v2\/categories?post=92441"},{"taxonomy":"post_tag","embeddable":true,"href":"https:\/\/www.deberes.net\/tesis\/wp-json\/wp\/v2\/tags?post=92441"}],"curies":[{"name":"wp","href":"https:\/\/api.w.org\/{rel}","templated":true}]}}