{"id":92446,"date":"2018-03-11T10:11:28","date_gmt":"2018-03-11T10:11:28","guid":{"rendered":"https:\/\/www.deberes.net\/tesis\/sin-categoria\/administracion-electronica-administracion-publica-y-nuevas-tecnologa%c2%adas-en-la-sociedad-del-conocimiento\/"},"modified":"2018-03-11T10:11:28","modified_gmt":"2018-03-11T10:11:28","slug":"administracion-electronica-administracion-publica-y-nuevas-tecnologa%c2%adas-en-la-sociedad-del-conocimiento","status":"publish","type":"post","link":"https:\/\/www.deberes.net\/tesis\/derecho-administrativo\/administracion-electronica-administracion-publica-y-nuevas-tecnologa%c2%adas-en-la-sociedad-del-conocimiento\/","title":{"rendered":"Administraci\u00f3n electr\u00f3nica (administraci\u00f3n p\u00fablica y nuevas tecnolog\u00edas en la sociedad del conocimiento)"},"content":{"rendered":"<h2>Tesis doctoral de <strong> Rub\u00e9n Mart\u00ednez Guti\u00e9rrez <\/strong><\/h2>\n<p>La tesis doctoral titulada \u00abadministraci\u00f3n electr\u00f3nica (administraci\u00f3n p\u00fablica y nuevas tecnolog\u00edas en la sociedad del conocimiento) versa sobre la utilizaci\u00f3n de las tecnolog\u00edas de la informaci\u00f3n y la comunicaci\u00f3n en las administraciones p\u00fablicas.    con esta premisa se analiza la administraci\u00f3n electr\u00f3nica en un trabajo de investigaci\u00f3n estructurado en cuatro partes. La primera parte de la obra analiza \u00abla construcci\u00f3n del marco normativo de la administraci\u00f3n electr\u00f3nica\u00bb. La segunda parte aborda el \u00abconcepto y caracteres de la administraci\u00f3n electr\u00f3nica\u00bb. La tercera parte se dedica al estudio de los \u00abprincipios rectores de la administraci\u00f3n electr\u00f3nica\u00bb. Finalmente, la cuarta parte se ocupa de la regulaci\u00f3n de los \u00abinstrumentos para el acceso de los ciudadanos a los servicios p\u00fablicos\u00bb.<\/p>\n<p>&nbsp;<\/p>\n<h3>Datos acad\u00e9micos de la tesis doctoral \u00ab<strong>Administraci\u00f3n electr\u00f3nica (administraci\u00f3n p\u00fablica y nuevas tecnolog\u00edas en la sociedad del conocimiento)<\/strong>\u00ab<\/h3>\n<ul>\n<li><strong>T\u00edtulo de la tesis:<\/strong>\u00a0 Administraci\u00f3n electr\u00f3nica (administraci\u00f3n p\u00fablica y nuevas tecnolog\u00edas en la sociedad del conocimiento) <\/li>\n<li><strong>Autor:<\/strong>\u00a0 Rub\u00e9n Mart\u00ednez Guti\u00e9rrez <\/li>\n<li><strong>Universidad:<\/strong>\u00a0 Alicante<\/li>\n<li><strong>Fecha de lectura de la tesis:<\/strong>\u00a0 25\/03\/2009<\/li>\n<\/ul>\n<p>&nbsp;<\/p>\n<h3>Direcci\u00f3n y tribunal<\/h3>\n<ul>\n<li><strong>Director de la tesis<\/strong>\n<ul>\n<li>Juan  Jos\u00e9 D\u00edez S\u00e1nchez<\/li>\n<\/ul>\n<\/li>\n<li><strong>Tribunal<\/strong>\n<ul>\n<li>Presidente del tribunal: Jos\u00e9 Luis Pi\u00f1ar ma\u00f1as <\/li>\n<li>Javier Barnes vazquez (vocal)<\/li>\n<li>gregorio Arena (vocal)<\/li>\n<li>Juli\u00e1n Valero torrijos (vocal)<\/li>\n<\/ul>\n<\/li>\n<\/ul>\n<p>&nbsp;<\/p>\n","protected":false},"excerpt":{"rendered":"<p>Tesis doctoral de Rub\u00e9n Mart\u00ednez Guti\u00e9rrez La tesis doctoral titulada \u00abadministraci\u00f3n electr\u00f3nica (administraci\u00f3n p\u00fablica y nuevas tecnolog\u00edas en la sociedad [&hellip;]<\/p>\n","protected":false},"author":1,"featured_media":0,"comment_status":"open","ping_status":"open","sticky":false,"template":"","format":"standard","meta":{"site-sidebar-layout":"default","site-content-layout":"","ast-site-content-layout":"","site-content-style":"default","site-sidebar-style":"default","ast-global-header-display":"","ast-banner-title-visibility":"","ast-main-header-display":"","ast-hfb-above-header-display":"","ast-hfb-below-header-display":"","ast-hfb-mobile-header-display":"","site-post-title":"","ast-breadcrumbs-content":"","ast-featured-img":"","footer-sml-layout":"","theme-transparent-header-meta":"","adv-header-id-meta":"","stick-header-meta":"","header-above-stick-meta":"","header-main-stick-meta":"","header-below-stick-meta":"","astra-migrate-meta-layouts":"default","ast-page-background-enabled":"default","ast-page-background-meta":{"desktop":{"background-color":"var(--ast-global-color-4)","background-image":"","background-repeat":"repeat","background-position":"center center","background-size":"auto","background-attachment":"scroll","background-type":"","background-media":"","overlay-type":"","overlay-color":"","overlay-gradient":""},"tablet":{"background-color":"","background-image":"","background-repeat":"repeat","background-position":"center center","background-size":"auto","background-attachment":"scroll","background-type":"","background-media":"","overlay-type":"","overlay-color":"","overlay-gradient":""},"mobile":{"background-color":"","background-image":"","background-repeat":"repeat","background-position":"center center","background-size":"auto","background-attachment":"scroll","background-type":"","background-media":"","overlay-type":"","overlay-color":"","overlay-gradient":""}},"ast-content-background-meta":{"desktop":{"background-color":"var(--ast-global-color-5)","background-image":"","background-repeat":"repeat","background-position":"center center","background-size":"auto","background-attachment":"scroll","background-type":"","background-media":"","overlay-type":"","overlay-color":"","overlay-gradient":""},"tablet":{"background-color":"var(--ast-global-color-5)","background-image":"","background-repeat":"repeat","background-position":"center center","background-size":"auto","background-attachment":"scroll","background-type":"","background-media":"","overlay-type":"","overlay-color":"","overlay-gradient":""},"mobile":{"background-color":"var(--ast-global-color-5)","background-image":"","background-repeat":"repeat","background-position":"center center","background-size":"auto","background-attachment":"scroll","background-type":"","background-media":"","overlay-type":"","overlay-color":"","overlay-gradient":""}},"footnotes":""},"categories":[19166,1442],"tags":[191229,22095,6455,38629,41829,191228],"class_list":["post-92446","post","type-post","status-publish","format-standard","hentry","category-alicante","category-derecho-administrativo","tag-gregorio-arena","tag-javier-barnes-vazquez","tag-jose-luis-pinar-manas","tag-juan-jose-diez-sanchez","tag-julian-valero-torrijos","tag-ruben-Martinez-gutierrez"],"_links":{"self":[{"href":"https:\/\/www.deberes.net\/tesis\/wp-json\/wp\/v2\/posts\/92446","targetHints":{"allow":["GET"]}}],"collection":[{"href":"https:\/\/www.deberes.net\/tesis\/wp-json\/wp\/v2\/posts"}],"about":[{"href":"https:\/\/www.deberes.net\/tesis\/wp-json\/wp\/v2\/types\/post"}],"author":[{"embeddable":true,"href":"https:\/\/www.deberes.net\/tesis\/wp-json\/wp\/v2\/users\/1"}],"replies":[{"embeddable":true,"href":"https:\/\/www.deberes.net\/tesis\/wp-json\/wp\/v2\/comments?post=92446"}],"version-history":[{"count":0,"href":"https:\/\/www.deberes.net\/tesis\/wp-json\/wp\/v2\/posts\/92446\/revisions"}],"wp:attachment":[{"href":"https:\/\/www.deberes.net\/tesis\/wp-json\/wp\/v2\/media?parent=92446"}],"wp:term":[{"taxonomy":"category","embeddable":true,"href":"https:\/\/www.deberes.net\/tesis\/wp-json\/wp\/v2\/categories?post=92446"},{"taxonomy":"post_tag","embeddable":true,"href":"https:\/\/www.deberes.net\/tesis\/wp-json\/wp\/v2\/tags?post=92446"}],"curies":[{"name":"wp","href":"https:\/\/api.w.org\/{rel}","templated":true}]}}