{"id":9245,"date":"1995-01-01T00:00:00","date_gmt":"1995-01-01T00:00:00","guid":{"rendered":"https:\/\/www.deberes.net\/tesis\/1995\/01\/01\/estudio-sociolinguistico-del-habla-de-la-jara\/"},"modified":"1995-01-01T00:00:00","modified_gmt":"1995-01-01T00:00:00","slug":"estudio-sociolinguistico-del-habla-de-la-jara","status":"publish","type":"post","link":"https:\/\/www.deberes.net\/tesis\/linguistica\/estudio-sociolinguistico-del-habla-de-la-jara\/","title":{"rendered":"\u00abestudio sociolinguistico del habla de la jara\u00bb."},"content":{"rendered":"<h2>Tesis doctoral de <strong> Florentino Paredes Garc\u00eda <\/strong><\/h2>\n<p>Este estudio versa sobre el habla de la jara, territorio situado en la confluencia de las provincias espa\u00f1olas de toledo, caceres, ciudad real y badajoz. Se ha realizado a partir de un trabajo de campo en 28 pueblos por medio del cual se han obtenido 210 encuestas de hablantes de distinto sexo, edad y nivel de instruccion. El analisis de los datos ha sido hecho con ayuda de programas informaticos que correlacionan los datos linguisticos con los factores sociologicos.  tras estudiar la formacion del habla de la zona y las actitudes lingusiticas de los jare\u00f1os (cap. 2), se analizan los diferentes niveles del habla desde un enfoque que pretende aunar la dialectolog\u00eda y la sociolinguistica: fonetica y fonolog\u00eda (caps. 3, 4, 5 y 6), morfolog\u00eda (cap. 7), morfosintaxis (cap.8) y lexico (cap. 9). El trabajo se cierra con las conclusiones, en las que se dedica especial atencion a la relacion de esta hablas con otras hablas del espa\u00f1ol, a los aspectos linguisticos que caracterizan la comarca y a aquellos que presentan mayor variacion social.<\/p>\n<p>&nbsp;<\/p>\n<h3>Datos acad\u00e9micos de la tesis doctoral \u00ab<strong>\u00abestudio sociolinguistico del habla de la jara\u00bb.<\/strong>\u00ab<\/h3>\n<ul>\n<li><strong>T\u00edtulo de la tesis:<\/strong>\u00a0 \u00abestudio sociolinguistico del habla de la jara\u00bb. <\/li>\n<li><strong>Autor:<\/strong>\u00a0 Florentino Paredes Garc\u00eda <\/li>\n<li><strong>Universidad:<\/strong>\u00a0 Alcal\u00e1<\/li>\n<li><strong>Fecha de lectura de la tesis:<\/strong>\u00a0 01\/01\/1995<\/li>\n<\/ul>\n<p>&nbsp;<\/p>\n<h3>Direcci\u00f3n y tribunal<\/h3>\n<ul>\n<li><strong>Director de la tesis<\/strong>\n<ul>\n<li>Francisco Moreno Fern\u00e1ndez<\/li>\n<\/ul>\n<\/li>\n<li><strong>Tribunal<\/strong>\n<ul>\n<li>Presidente del tribunal: Manuel Alvar Lopez <\/li>\n<li>Pilar Garcia Mouton (vocal)<\/li>\n<li>Humberto L\u00f3pez Morales (vocal)<\/li>\n<li>Eulalia Castellote Herrero (vocal)<\/li>\n<\/ul>\n<\/li>\n<\/ul>\n<p>&nbsp;<\/p>\n","protected":false},"excerpt":{"rendered":"<p>Tesis doctoral de Florentino Paredes Garc\u00eda Este estudio versa sobre el habla de la jara, territorio situado en la confluencia [&hellip;]<\/p>\n","protected":false},"author":1,"featured_media":0,"comment_status":"open","ping_status":"open","sticky":false,"template":"","format":"standard","meta":{"site-sidebar-layout":"default","site-content-layout":"","ast-site-content-layout":"","site-content-style":"default","site-sidebar-style":"default","ast-global-header-display":"","ast-banner-title-visibility":"","ast-main-header-display":"","ast-hfb-above-header-display":"","ast-hfb-below-header-display":"","ast-hfb-mobile-header-display":"","site-post-title":"","ast-breadcrumbs-content":"","ast-featured-img":"","footer-sml-layout":"","theme-transparent-header-meta":"","adv-header-id-meta":"","stick-header-meta":"","header-above-stick-meta":"","header-main-stick-meta":"","header-below-stick-meta":"","astra-migrate-meta-layouts":"default","ast-page-background-enabled":"default","ast-page-background-meta":{"desktop":{"background-color":"var(--ast-global-color-4)","background-image":"","background-repeat":"repeat","background-position":"center center","background-size":"auto","background-attachment":"scroll","background-type":"","background-media":"","overlay-type":"","overlay-color":"","overlay-gradient":""},"tablet":{"background-color":"","background-image":"","background-repeat":"repeat","background-position":"center center","background-size":"auto","background-attachment":"scroll","background-type":"","background-media":"","overlay-type":"","overlay-color":"","overlay-gradient":""},"mobile":{"background-color":"","background-image":"","background-repeat":"repeat","background-position":"center center","background-size":"auto","background-attachment":"scroll","background-type":"","background-media":"","overlay-type":"","overlay-color":"","overlay-gradient":""}},"ast-content-background-meta":{"desktop":{"background-color":"var(--ast-global-color-5)","background-image":"","background-repeat":"repeat","background-position":"center center","background-size":"auto","background-attachment":"scroll","background-type":"","background-media":"","overlay-type":"","overlay-color":"","overlay-gradient":""},"tablet":{"background-color":"var(--ast-global-color-5)","background-image":"","background-repeat":"repeat","background-position":"center center","background-size":"auto","background-attachment":"scroll","background-type":"","background-media":"","overlay-type":"","overlay-color":"","overlay-gradient":""},"mobile":{"background-color":"var(--ast-global-color-5)","background-image":"","background-repeat":"repeat","background-position":"center center","background-size":"auto","background-attachment":"scroll","background-type":"","background-media":"","overlay-type":"","overlay-color":"","overlay-gradient":""}},"footnotes":""},"categories":[17426,59,12985,62,3676],"tags":[15053,31824,5370,3680,793,31479],"class_list":["post-9245","post","type-post","status-publish","format-standard","hentry","category-alcala","category-linguistica","category-linguistica-geografica","category-linguistica-sincronica","category-sociolinguistica","tag-eulalia-castellote-herrero","tag-florentino-paredes-garcia","tag-francisco-moreno-fernandez","tag-humberto-lopez-morales","tag-manuel-alvar-lopez","tag-pilar-garcia-mouton"],"_links":{"self":[{"href":"https:\/\/www.deberes.net\/tesis\/wp-json\/wp\/v2\/posts\/9245","targetHints":{"allow":["GET"]}}],"collection":[{"href":"https:\/\/www.deberes.net\/tesis\/wp-json\/wp\/v2\/posts"}],"about":[{"href":"https:\/\/www.deberes.net\/tesis\/wp-json\/wp\/v2\/types\/post"}],"author":[{"embeddable":true,"href":"https:\/\/www.deberes.net\/tesis\/wp-json\/wp\/v2\/users\/1"}],"replies":[{"embeddable":true,"href":"https:\/\/www.deberes.net\/tesis\/wp-json\/wp\/v2\/comments?post=9245"}],"version-history":[{"count":0,"href":"https:\/\/www.deberes.net\/tesis\/wp-json\/wp\/v2\/posts\/9245\/revisions"}],"wp:attachment":[{"href":"https:\/\/www.deberes.net\/tesis\/wp-json\/wp\/v2\/media?parent=9245"}],"wp:term":[{"taxonomy":"category","embeddable":true,"href":"https:\/\/www.deberes.net\/tesis\/wp-json\/wp\/v2\/categories?post=9245"},{"taxonomy":"post_tag","embeddable":true,"href":"https:\/\/www.deberes.net\/tesis\/wp-json\/wp\/v2\/tags?post=9245"}],"curies":[{"name":"wp","href":"https:\/\/api.w.org\/{rel}","templated":true}]}}