{"id":92506,"date":"2018-03-11T10:11:33","date_gmt":"2018-03-11T10:11:33","guid":{"rendered":"https:\/\/www.deberes.net\/tesis\/sin-categoria\/redes-sociales-como-factor-predictivo-de-situaciones-de-discapacidad-al-comienzo-de-la-vejez\/"},"modified":"2018-03-11T10:11:33","modified_gmt":"2018-03-11T10:11:33","slug":"redes-sociales-como-factor-predictivo-de-situaciones-de-discapacidad-al-comienzo-de-la-vejez","status":"publish","type":"post","link":"https:\/\/www.deberes.net\/tesis\/grupos-sociales\/redes-sociales-como-factor-predictivo-de-situaciones-de-discapacidad-al-comienzo-de-la-vejez\/","title":{"rendered":"Redes sociales como factor predictivo de situaciones de discapacidad al comienzo de la vejez"},"content":{"rendered":"<h2>Tesis doctoral de <strong> Miguel \u00e1ngel Escobar Bravo <\/strong><\/h2>\n<p>Introducci\u00f3n: el deterioro funcional y cognitivo que se puede alcanzar en momentos avanzados de la vejez no se asocia tan s\u00f3lo con el envejecimiento, sino tambi\u00e9n con el estilo de vida y las caracter\u00edsticas del entorno del individuo. Investigaciones recientes han demostrado que m\u00e1s all\u00e1 de las condiciones biol\u00f3gicas espec\u00edficas, factores como la red social pr\u00f3xima del mayor, su integraci\u00f3n social y participaci\u00f3n, afectan a la vulnerabilidad social del individuo, actuando como predictores de la discapacidad en la vejez. El objetivo de este estudio es analizar el efecto de las redes sociales de una cohorte de mayores espa\u00f1oles al inicio de la vejez, sobre su nivel de autonom\u00eda (en t\u00e9rminos de discapacidad instrumental y b\u00e1sica). m\u00e9todos: la fuente de datos es la encuesta -procesos de vulnerabilidad en la vejez-, cuya primera oleada se realiz\u00f3 en 2005. La poblaci\u00f3n objeto de estudio es la cohorte entre 70 y 74 a\u00f1os residente en grandes \u00e1reas urbanas (Madrid y barcelona) y no institucionalizados, con una muestra de 1250 individuos. Se mide discapacidad para el desarrollo de actividades b\u00e1sicas de la vida diaria (abvd), y actividades instrumentales de la vida diaria (aivd), mediante los test de katz y lawton. Los aspectos estructurales de las relaciones sociales se miden a trav\u00e9s de la diversidad de la red social y de la participaci\u00f3n social. Se construy\u00f3 un modelo de medida de la red social definiendo dominios que organizan los v\u00ednculos seg\u00fan rol-espec\u00edfico (hogar, hijos y nietos, hermanos y amigos, etc.). Las caracter\u00edsticas de la red social se miden de forma diferenciada para cada v\u00ednculo, lo que permite obtener un indicador global de diversidad de red.<\/p>\n<p>&nbsp;<\/p>\n<h3>Datos acad\u00e9micos de la tesis doctoral \u00ab<strong>Redes sociales como factor predictivo de situaciones de discapacidad al comienzo de la vejez<\/strong>\u00ab<\/h3>\n<ul>\n<li><strong>T\u00edtulo de la tesis:<\/strong>\u00a0 Redes sociales como factor predictivo de situaciones de discapacidad al comienzo de la vejez <\/li>\n<li><strong>Autor:<\/strong>\u00a0 Miguel \u00e1ngel Escobar Bravo <\/li>\n<li><strong>Universidad:<\/strong>\u00a0 Aut\u00f3noma de barcelona<\/li>\n<li><strong>Fecha de lectura de la tesis:<\/strong>\u00a0 27\/03\/2009<\/li>\n<\/ul>\n<p>&nbsp;<\/p>\n<h3>Direcci\u00f3n y tribunal<\/h3>\n<ul>\n<li><strong>Director de la tesis<\/strong>\n<ul>\n<li>Mar\u00eda Dolores Puga Gonz\u00e1lez<\/li>\n<\/ul>\n<\/li>\n<li><strong>Tribunal<\/strong>\n<ul>\n<li>Presidente del tribunal: adela Zabalegui yarnoz <\/li>\n<li>joan Torres puig-gros (vocal)<\/li>\n<li>  (vocal)<\/li>\n<li>  (vocal)<\/li>\n<\/ul>\n<\/li>\n<\/ul>\n<p>&nbsp;<\/p>\n","protected":false},"excerpt":{"rendered":"<p>Tesis doctoral de Miguel \u00e1ngel Escobar Bravo Introducci\u00f3n: el deterioro funcional y cognitivo que se puede alcanzar en momentos avanzados [&hellip;]<\/p>\n","protected":false},"author":1,"featured_media":0,"comment_status":"open","ping_status":"open","sticky":false,"template":"","format":"standard","meta":{"site-sidebar-layout":"default","site-content-layout":"","ast-site-content-layout":"","site-content-style":"default","site-sidebar-style":"default","ast-global-header-display":"","ast-banner-title-visibility":"","ast-main-header-display":"","ast-hfb-above-header-display":"","ast-hfb-below-header-display":"","ast-hfb-mobile-header-display":"","site-post-title":"","ast-breadcrumbs-content":"","ast-featured-img":"","footer-sml-layout":"","theme-transparent-header-meta":"","adv-header-id-meta":"","stick-header-meta":"","header-above-stick-meta":"","header-main-stick-meta":"","header-below-stick-meta":"","astra-migrate-meta-layouts":"default","ast-page-background-enabled":"default","ast-page-background-meta":{"desktop":{"background-color":"var(--ast-global-color-4)","background-image":"","background-repeat":"repeat","background-position":"center center","background-size":"auto","background-attachment":"scroll","background-type":"","background-media":"","overlay-type":"","overlay-color":"","overlay-gradient":""},"tablet":{"background-color":"","background-image":"","background-repeat":"repeat","background-position":"center center","background-size":"auto","background-attachment":"scroll","background-type":"","background-media":"","overlay-type":"","overlay-color":"","overlay-gradient":""},"mobile":{"background-color":"","background-image":"","background-repeat":"repeat","background-position":"center center","background-size":"auto","background-attachment":"scroll","background-type":"","background-media":"","overlay-type":"","overlay-color":"","overlay-gradient":""}},"ast-content-background-meta":{"desktop":{"background-color":"var(--ast-global-color-5)","background-image":"","background-repeat":"repeat","background-position":"center center","background-size":"auto","background-attachment":"scroll","background-type":"","background-media":"","overlay-type":"","overlay-color":"","overlay-gradient":""},"tablet":{"background-color":"var(--ast-global-color-5)","background-image":"","background-repeat":"repeat","background-position":"center center","background-size":"auto","background-attachment":"scroll","background-type":"","background-media":"","overlay-type":"","overlay-color":"","overlay-gradient":""},"mobile":{"background-color":"var(--ast-global-color-5)","background-image":"","background-repeat":"repeat","background-position":"center center","background-size":"auto","background-attachment":"scroll","background-type":"","background-media":"","overlay-type":"","overlay-color":"","overlay-gradient":""}},"footnotes":""},"categories":[4697,291],"tags":[146542,191322,69883,191321],"class_list":["post-92506","post","type-post","status-publish","format-standard","hentry","category-envejecimiento-de-la-poblacion","category-grupos-sociales","tag-adela-zabalegui-yarnoz","tag-joan-torres-puig-gros","tag-maria-dolores-puga-gonzalez","tag-miguel-angel-escobar-bravo"],"_links":{"self":[{"href":"https:\/\/www.deberes.net\/tesis\/wp-json\/wp\/v2\/posts\/92506","targetHints":{"allow":["GET"]}}],"collection":[{"href":"https:\/\/www.deberes.net\/tesis\/wp-json\/wp\/v2\/posts"}],"about":[{"href":"https:\/\/www.deberes.net\/tesis\/wp-json\/wp\/v2\/types\/post"}],"author":[{"embeddable":true,"href":"https:\/\/www.deberes.net\/tesis\/wp-json\/wp\/v2\/users\/1"}],"replies":[{"embeddable":true,"href":"https:\/\/www.deberes.net\/tesis\/wp-json\/wp\/v2\/comments?post=92506"}],"version-history":[{"count":0,"href":"https:\/\/www.deberes.net\/tesis\/wp-json\/wp\/v2\/posts\/92506\/revisions"}],"wp:attachment":[{"href":"https:\/\/www.deberes.net\/tesis\/wp-json\/wp\/v2\/media?parent=92506"}],"wp:term":[{"taxonomy":"category","embeddable":true,"href":"https:\/\/www.deberes.net\/tesis\/wp-json\/wp\/v2\/categories?post=92506"},{"taxonomy":"post_tag","embeddable":true,"href":"https:\/\/www.deberes.net\/tesis\/wp-json\/wp\/v2\/tags?post=92506"}],"curies":[{"name":"wp","href":"https:\/\/api.w.org\/{rel}","templated":true}]}}