{"id":92539,"date":"2018-03-11T10:11:33","date_gmt":"2018-03-11T10:11:33","guid":{"rendered":"https:\/\/www.deberes.net\/tesis\/sin-categoria\/el-tiempo-parametro-del-dibujo\/"},"modified":"2018-03-11T10:11:33","modified_gmt":"2018-03-11T10:11:33","slug":"el-tiempo-parametro-del-dibujo","status":"publish","type":"post","link":"https:\/\/www.deberes.net\/tesis\/fotografia\/el-tiempo-parametro-del-dibujo\/","title":{"rendered":"El tiempo, parametro del dibujo"},"content":{"rendered":"<h2>Tesis doctoral de <strong> Francisco Tiago Antunes Paiva <\/strong><\/h2>\n<p>Este ensayo critica la pertinencia de la problem\u00e1tica espacio-temporal en el arte moderno. Aporta y debate ejemplos que ayudan a aclarar un cuadro art\u00edstico-disciplinar heterog\u00e9neo y complejo respecto al campo del dibujo, con incursiones en el pensamiento ontol\u00f3gico, en los diversos sistemas de medida del tiempo y del espacio, en los condicionantes gestuales y c\u00f3digos propios de las din\u00e1micas gr\u00e1ficas. Recurre a la analog\u00eda entre \u00e1reas art\u00edsticas para entender mejor la especificidad de la dial\u00e9ctica del movimiento, de la distancia, de la instantaneidad, diacronicidad o diferimiento creativo, prestando especial atenci\u00f3n al cometido heur\u00edstico del esbozo en la teleolog\u00eda del proyecto.  tal intento de refutar el modelo clasificatorio que opone las artes del tiempo a las artes del espacio nos condujo a entender la extensi\u00f3n del di\u00e1logo entre los diversos dominios del arte y, sobre todo, a considerar la presencia m\u00e1s o menos afirmada del dibujo como instrumento mental en numerosos e insospechados sectores de la actividad creativa. En el transcurso de la tesis queda explicita la falta de exclusividad de las estrategias espacio-temporales y se demuestra que existe una rec\u00edproca repercusi\u00f3n entre las distintas disciplinas. Se entiende, en fin, que el dibujo evoluciona gracias a esta interdependencia. La reacci\u00f3n o asimilaci\u00f3n hicieron de ello otra cosa, no tanto por la alteraci\u00f3n de sus cometidos funcionales sino por la extensi\u00f3n de su campo.<\/p>\n<p>&nbsp;<\/p>\n<h3>Datos acad\u00e9micos de la tesis doctoral \u00ab<strong>El tiempo, parametro del dibujo<\/strong>\u00ab<\/h3>\n<ul>\n<li><strong>T\u00edtulo de la tesis:<\/strong>\u00a0 El tiempo, parametro del dibujo <\/li>\n<li><strong>Autor:<\/strong>\u00a0 Francisco Tiago Antunes Paiva <\/li>\n<li><strong>Universidad:<\/strong>\u00a0 Pa\u00eds vasco\/euskal herriko unibertsitatea<\/li>\n<li><strong>Fecha de lectura de la tesis:<\/strong>\u00a0 27\/03\/2009<\/li>\n<\/ul>\n<p>&nbsp;<\/p>\n<h3>Direcci\u00f3n y tribunal<\/h3>\n<ul>\n<li><strong>Director de la tesis<\/strong>\n<ul>\n<li>Antonio Rebelo Delgado Tomas<\/li>\n<\/ul>\n<\/li>\n<li><strong>Tribunal<\/strong>\n<ul>\n<li>Presidente del tribunal: xavier Franquesa llopart <\/li>\n<li>Juan  Luis Moraza p\u00e9rez (vocal)<\/li>\n<li>helene Saule sorbe (vocal)<\/li>\n<li>Ana leonor Magalhaes madeira rodrigues (vocal)<\/li>\n<\/ul>\n<\/li>\n<\/ul>\n<p>&nbsp;<\/p>\n","protected":false},"excerpt":{"rendered":"<p>Tesis doctoral de Francisco Tiago Antunes Paiva Este ensayo critica la pertinencia de la problem\u00e1tica espacio-temporal en el arte moderno. [&hellip;]<\/p>\n","protected":false},"author":1,"featured_media":0,"comment_status":"open","ping_status":"open","sticky":false,"template":"","format":"standard","meta":{"site-sidebar-layout":"default","site-content-layout":"","ast-site-content-layout":"","site-content-style":"default","site-sidebar-style":"default","ast-global-header-display":"","ast-banner-title-visibility":"","ast-main-header-display":"","ast-hfb-above-header-display":"","ast-hfb-below-header-display":"","ast-hfb-mobile-header-display":"","site-post-title":"","ast-breadcrumbs-content":"","ast-featured-img":"","footer-sml-layout":"","theme-transparent-header-meta":"","adv-header-id-meta":"","stick-header-meta":"","header-above-stick-meta":"","header-main-stick-meta":"","header-below-stick-meta":"","astra-migrate-meta-layouts":"default","ast-page-background-enabled":"default","ast-page-background-meta":{"desktop":{"background-color":"var(--ast-global-color-4)","background-image":"","background-repeat":"repeat","background-position":"center center","background-size":"auto","background-attachment":"scroll","background-type":"","background-media":"","overlay-type":"","overlay-color":"","overlay-gradient":""},"tablet":{"background-color":"","background-image":"","background-repeat":"repeat","background-position":"center center","background-size":"auto","background-attachment":"scroll","background-type":"","background-media":"","overlay-type":"","overlay-color":"","overlay-gradient":""},"mobile":{"background-color":"","background-image":"","background-repeat":"repeat","background-position":"center center","background-size":"auto","background-attachment":"scroll","background-type":"","background-media":"","overlay-type":"","overlay-color":"","overlay-gradient":""}},"ast-content-background-meta":{"desktop":{"background-color":"var(--ast-global-color-5)","background-image":"","background-repeat":"repeat","background-position":"center center","background-size":"auto","background-attachment":"scroll","background-type":"","background-media":"","overlay-type":"","overlay-color":"","overlay-gradient":""},"tablet":{"background-color":"var(--ast-global-color-5)","background-image":"","background-repeat":"repeat","background-position":"center center","background-size":"auto","background-attachment":"scroll","background-type":"","background-media":"","overlay-type":"","overlay-color":"","overlay-gradient":""},"mobile":{"background-color":"var(--ast-global-color-5)","background-image":"","background-repeat":"repeat","background-position":"center center","background-size":"auto","background-attachment":"scroll","background-type":"","background-media":"","overlay-type":"","overlay-color":"","overlay-gradient":""}},"footnotes":""},"categories":[5270,12909],"tags":[191376,187043,191375,165605,148908,10457],"class_list":["post-92539","post","type-post","status-publish","format-standard","hentry","category-fotografia","category-pais-vasco-euskal-herriko-unibertsitatea","tag-ana-leonor-magalhaes-madeira-rodrigues","tag-antonio-rebelo-delgado-tomas","tag-francisco-tiago-antunes-paiva","tag-helene-saule-sorbe","tag-juan-luis-moraza-perez","tag-xavier-franquesa-llopart"],"_links":{"self":[{"href":"https:\/\/www.deberes.net\/tesis\/wp-json\/wp\/v2\/posts\/92539","targetHints":{"allow":["GET"]}}],"collection":[{"href":"https:\/\/www.deberes.net\/tesis\/wp-json\/wp\/v2\/posts"}],"about":[{"href":"https:\/\/www.deberes.net\/tesis\/wp-json\/wp\/v2\/types\/post"}],"author":[{"embeddable":true,"href":"https:\/\/www.deberes.net\/tesis\/wp-json\/wp\/v2\/users\/1"}],"replies":[{"embeddable":true,"href":"https:\/\/www.deberes.net\/tesis\/wp-json\/wp\/v2\/comments?post=92539"}],"version-history":[{"count":0,"href":"https:\/\/www.deberes.net\/tesis\/wp-json\/wp\/v2\/posts\/92539\/revisions"}],"wp:attachment":[{"href":"https:\/\/www.deberes.net\/tesis\/wp-json\/wp\/v2\/media?parent=92539"}],"wp:term":[{"taxonomy":"category","embeddable":true,"href":"https:\/\/www.deberes.net\/tesis\/wp-json\/wp\/v2\/categories?post=92539"},{"taxonomy":"post_tag","embeddable":true,"href":"https:\/\/www.deberes.net\/tesis\/wp-json\/wp\/v2\/tags?post=92539"}],"curies":[{"name":"wp","href":"https:\/\/api.w.org\/{rel}","templated":true}]}}