{"id":92594,"date":"2018-03-11T10:11:39","date_gmt":"2018-03-11T10:11:39","guid":{"rendered":"https:\/\/www.deberes.net\/tesis\/sin-categoria\/la-hipotesis-de-compensacion-el-caso-espanol-1960-2000\/"},"modified":"2018-03-11T10:11:39","modified_gmt":"2018-03-11T10:11:39","slug":"la-hipotesis-de-compensacion-el-caso-espanol-1960-2000","status":"publish","type":"post","link":"https:\/\/www.deberes.net\/tesis\/comercio-exterior\/la-hipotesis-de-compensacion-el-caso-espanol-1960-2000\/","title":{"rendered":"La hip\u00f3tesis de compensaci\u00f3n. el caso espa\u00f1ol, 1960-2000"},"content":{"rendered":"<h2>Tesis doctoral de <strong> Estela S\u00e1enz Rodr\u00edguez <\/strong><\/h2>\n<p>El objetivo de esta tesis es analizar emp\u00edricamente si ha existido una relaci\u00f3n de largo plazo entre la apertura comercial y el gasto p\u00fablico en espa\u00f1a en el periodo 1960-2000, un periodo de tiempo relativamente corto que ha concentrado un proceso acelerado tanto de apertura de los mercados de bienes y servicios al exterior como de crecimiento del sector p\u00fablico. Comenzamos en 1960, tras la aplicaci\u00f3n del plan de estabilizaci\u00f3n y liberalizaci\u00f3n del 59, que inicia el cambio de las rigideces del sistema aut\u00e1rquico anterior. Se engloban adem\u00e1s fechas claves para la econom\u00eda espa\u00f1ola como la reinstauraci\u00f3n de la democracia y la integraci\u00f3n en las comunidades europeas. Quisimos investigar si esa evoluci\u00f3n paralela fue o no fruto de la casualidad, y en caso de que no lo fuera, investigar el nexo te\u00f3rico entre ambas variables.  la hip\u00f3tesis de partida se centr\u00f3 en el seminal y muy referenciado trabajo de rodrik (1996, 1998), en el que el autor propuso el argumento del seguro social frente al riesgo externo, conocido en la actualidad como hip\u00f3tesis de compensaci\u00f3n. Las econom\u00edas m\u00e1s integradas en los mercados mundiales est\u00e1n expuestas a un mayor riesgo en sus ingresos, derivado de las turbulencias en dichos mercados. Como el sector p\u00fablico es el sector seguro de la econom\u00eda -tanto el empleo como los ingresos de este sector son estables y no se ven afectados por ninguno de estos shocks que s\u00ed influyen en el resto de la econom\u00eda-, puede ejercer una funci\u00f3n de aislamiento o protecci\u00f3n del riesgo externo que sufren los otros sectores consumiendo m\u00e1s recursos de la econom\u00eda. El presente estudio, adem\u00e1s de considerar el v\u00ednculo entre un amplio espectro de medidas de apertura, protecci\u00f3n y diferentes medidas de gasto p\u00fablico, contrast\u00f3 por vez primera la citada hip\u00f3tesis de compensaci\u00f3n para la econom\u00eda espa\u00f1ola.  a tal fin, se realiz\u00f3 en primer lugar una revisi\u00f3n del estado de la cuesti\u00f3n (te\u00f3rica y emp\u00edrica) de la relaci\u00f3n entre apertura comercial, riesgo externo y gasto p\u00fablico.  posteriormente se describi\u00f3 el proceso de liberalizaci\u00f3n exterior y de expansi\u00f3n del gasto p\u00fablico experimentado por la econom\u00eda espa\u00f1ola en el periodo de estudio. Despu\u00e9s mostramos los indicadores utilizados en la parte econom\u00e9trica y analizamos su evoluci\u00f3n.  la parte emp\u00edrica comenz\u00f3 con un an\u00e1lisis exhaustivo de la relaci\u00f3n apertura-gasto a partir de los indicadores mencionados, mediante un an\u00e1lisis de cointegraci\u00f3n de johansen. B\u00e1sicamente, hallamos una relaci\u00f3n de largo plazo positiva y significativa entre varios indicadores de apertura comercial y el gasto p\u00fablico. Adem\u00e1s, dicha relaci\u00f3n es robusta y estable. A la luz de estos resultados, se procedi\u00f3 al contraste de la hip\u00f3tesis de compensaci\u00f3n. B\u00e1sicamente, validamos su cumplimiento para la econom\u00eda espa\u00f1ola, as\u00ed como su estabilidad. finalmente, se concluy\u00f3 con una visi\u00f3n global acerca de la relaci\u00f3n entre la apertura comercial, el riesgo externo y el gasto p\u00fablico en espa\u00f1a desde el establecimiento del plan de estabilizaci\u00f3n y liberalizaci\u00f3n de 1959 hasta el final del siglo xx. En t\u00e9rminos generales, pudimos afirmar la existencia de una relaci\u00f3n de equilibrio entre la apertura comercial y el gasto p\u00fablico hasta la constituci\u00f3n de la uni\u00f3n europea para el caso espa\u00f1ol en el periodo de estudio, y que el sustrato te\u00f3rico de la misma es la hip\u00f3tesis del seguro social frente al riesgo externo. As\u00ed pues, confirmamos la hip\u00f3tesis de compensaci\u00f3n en la econom\u00eda espa\u00f1ola para el periodo previo a la constituci\u00f3n de la uni\u00f3n europea.<\/p>\n<p>&nbsp;<\/p>\n<h3>Datos acad\u00e9micos de la tesis doctoral \u00ab<strong>La hip\u00f3tesis de compensaci\u00f3n. el caso espa\u00f1ol, 1960-2000<\/strong>\u00ab<\/h3>\n<ul>\n<li><strong>T\u00edtulo de la tesis:<\/strong>\u00a0 La hip\u00f3tesis de compensaci\u00f3n. el caso espa\u00f1ol, 1960-2000 <\/li>\n<li><strong>Autor:<\/strong>\u00a0 Estela S\u00e1enz Rodr\u00edguez <\/li>\n<li><strong>Universidad:<\/strong>\u00a0 Zaragoza<\/li>\n<li><strong>Fecha de lectura de la tesis:<\/strong>\u00a0 30\/03\/2009<\/li>\n<\/ul>\n<p>&nbsp;<\/p>\n<h3>Direcci\u00f3n y tribunal<\/h3>\n<ul>\n<li><strong>Director de la tesis<\/strong>\n<ul>\n<li>Mar\u00eda Dolores Gadea Rivas<\/li>\n<\/ul>\n<\/li>\n<li><strong>Tribunal<\/strong>\n<ul>\n<li>Presidente del tribunal: Jos\u00e9 M\u00aa Serrano sanz <\/li>\n<li>Jos\u00e9 Carlos Fari\u00f1as garcia (vocal)<\/li>\n<li>anton Costas comesa\u00f1a (vocal)<\/li>\n<li>josep llu\u00eds Carrion silvestre (vocal)<\/li>\n<\/ul>\n<\/li>\n<\/ul>\n<p>&nbsp;<\/p>\n","protected":false},"excerpt":{"rendered":"<p>Tesis doctoral de Estela S\u00e1enz Rodr\u00edguez El objetivo de esta tesis es analizar emp\u00edricamente si ha existido una relaci\u00f3n de [&hellip;]<\/p>\n","protected":false},"author":1,"featured_media":0,"comment_status":"open","ping_status":"open","sticky":false,"template":"","format":"standard","meta":{"site-sidebar-layout":"default","site-content-layout":"","ast-site-content-layout":"","site-content-style":"default","site-sidebar-style":"default","ast-global-header-display":"","ast-banner-title-visibility":"","ast-main-header-display":"","ast-hfb-above-header-display":"","ast-hfb-below-header-display":"","ast-hfb-mobile-header-display":"","site-post-title":"","ast-breadcrumbs-content":"","ast-featured-img":"","footer-sml-layout":"","theme-transparent-header-meta":"","adv-header-id-meta":"","stick-header-meta":"","header-above-stick-meta":"","header-main-stick-meta":"","header-below-stick-meta":"","astra-migrate-meta-layouts":"default","ast-page-background-enabled":"default","ast-page-background-meta":{"desktop":{"background-color":"var(--ast-global-color-4)","background-image":"","background-repeat":"repeat","background-position":"center center","background-size":"auto","background-attachment":"scroll","background-type":"","background-media":"","overlay-type":"","overlay-color":"","overlay-gradient":""},"tablet":{"background-color":"","background-image":"","background-repeat":"repeat","background-position":"center center","background-size":"auto","background-attachment":"scroll","background-type":"","background-media":"","overlay-type":"","overlay-color":"","overlay-gradient":""},"mobile":{"background-color":"","background-image":"","background-repeat":"repeat","background-position":"center center","background-size":"auto","background-attachment":"scroll","background-type":"","background-media":"","overlay-type":"","overlay-color":"","overlay-gradient":""}},"ast-content-background-meta":{"desktop":{"background-color":"var(--ast-global-color-5)","background-image":"","background-repeat":"repeat","background-position":"center center","background-size":"auto","background-attachment":"scroll","background-type":"","background-media":"","overlay-type":"","overlay-color":"","overlay-gradient":""},"tablet":{"background-color":"var(--ast-global-color-5)","background-image":"","background-repeat":"repeat","background-position":"center center","background-size":"auto","background-attachment":"scroll","background-type":"","background-media":"","overlay-type":"","overlay-color":"","overlay-gradient":""},"mobile":{"background-color":"var(--ast-global-color-5)","background-image":"","background-repeat":"repeat","background-position":"center center","background-size":"auto","background-attachment":"scroll","background-type":"","background-media":"","overlay-type":"","overlay-color":"","overlay-gradient":""}},"footnotes":""},"categories":[994,6838,13610],"tags":[19931,191470,12000,191472,107397,191471],"class_list":["post-92594","post","type-post","status-publish","format-standard","hentry","category-comercio-exterior","category-politica-fiscal-y-hacienda-publica-nacionales","category-zaragoza","tag-anton-costas-comesana","tag-estela-saenz-rodriguez","tag-jose-carlos-farinas-garcia","tag-jose-ma-serrano-sanz","tag-josep-lluis-carrion-silvestre","tag-maria-dolores-gadea-rivas"],"_links":{"self":[{"href":"https:\/\/www.deberes.net\/tesis\/wp-json\/wp\/v2\/posts\/92594","targetHints":{"allow":["GET"]}}],"collection":[{"href":"https:\/\/www.deberes.net\/tesis\/wp-json\/wp\/v2\/posts"}],"about":[{"href":"https:\/\/www.deberes.net\/tesis\/wp-json\/wp\/v2\/types\/post"}],"author":[{"embeddable":true,"href":"https:\/\/www.deberes.net\/tesis\/wp-json\/wp\/v2\/users\/1"}],"replies":[{"embeddable":true,"href":"https:\/\/www.deberes.net\/tesis\/wp-json\/wp\/v2\/comments?post=92594"}],"version-history":[{"count":0,"href":"https:\/\/www.deberes.net\/tesis\/wp-json\/wp\/v2\/posts\/92594\/revisions"}],"wp:attachment":[{"href":"https:\/\/www.deberes.net\/tesis\/wp-json\/wp\/v2\/media?parent=92594"}],"wp:term":[{"taxonomy":"category","embeddable":true,"href":"https:\/\/www.deberes.net\/tesis\/wp-json\/wp\/v2\/categories?post=92594"},{"taxonomy":"post_tag","embeddable":true,"href":"https:\/\/www.deberes.net\/tesis\/wp-json\/wp\/v2\/tags?post=92594"}],"curies":[{"name":"wp","href":"https:\/\/api.w.org\/{rel}","templated":true}]}}