{"id":92619,"date":"2018-03-11T10:11:39","date_gmt":"2018-03-11T10:11:39","guid":{"rendered":"https:\/\/www.deberes.net\/tesis\/sin-categoria\/aplicacion-cla%c2%adnica-de-la-genetica-en-la-enfermemdad-inflamatoria-intestinal\/"},"modified":"2018-03-11T10:11:39","modified_gmt":"2018-03-11T10:11:39","slug":"aplicacion-cla%c2%adnica-de-la-genetica-en-la-enfermemdad-inflamatoria-intestinal","status":"publish","type":"post","link":"https:\/\/www.deberes.net\/tesis\/sin-categoria\/aplicacion-cla%c2%adnica-de-la-genetica-en-la-enfermemdad-inflamatoria-intestinal\/","title":{"rendered":"Aplicaci\u00f3n cl\u00ednica de la gen\u00e9tica en la enfermemdad inflamatoria intestinal"},"content":{"rendered":"<h2>Tesis doctoral de <strong> Raquel Lana Soto <\/strong><\/h2>\n<p>El t\u00e9rmino \u00c2\u00bfenfermedad inflamatoria intestinal cr\u00f3nica\u00c2\u00bf (eii), incluye una amplia variedad de presentaciones y manifestaciones cl\u00ednicas cuya caracter\u00edstica principal es la inflamaci\u00f3n cr\u00f3nica del tubo digestivo en diferentes localizaciones. Actualmen te, el concepto de eii engloba tres entidades: la enfermedad de crohn (ec), la colitis ulcerosa (cu) y la colitis indeterminada (ci). La cronicidad en el curso cl\u00ednico de la eii consiste en alternar periodos de inactividad o quiescencia, que se ident ifican con las fases de remisi\u00f3n, con per\u00edodos de actividad cl\u00ednica de diferente intensidad que se denominan brotes o recidivas. A diferencia de lo que ocurre con otros procesos que cursan con inflamaci\u00f3n del tracto digestivo en los que existe una ca usa etiol\u00f3gica identificable, como son las enterocolitis infecciosas, isqu\u00e9micas, secundarias a f\u00e1rmacos, a radiaci\u00f3n, etc., En la eii se desconoce su etiolog\u00eda. La teor\u00eda etiopatog\u00e9nica m\u00e1s aceptada es que la disrregulaci\u00f3n de la respuesta inmune de l hu\u00e9sped frente a la flora bacteriana residente y a otros ant\u00edgenos intraluminales en sujetos susceptibles gen\u00e9ticamente juega un papel clave en la patogenia del da\u00f1o tisular en la eii . actualmente, las clasificaciones de la eii que se realizan se basan fundamentalmente en aspectos epidemiol\u00f3gicos (edad, raza), y cl\u00ednicos (localizaci\u00f3n, comportamiento, gravedad) pero se est\u00e1 trabajando en la utilizaci\u00f3n de marcadores serol\u00f3gicos [3] y sobre todo en la creaci\u00f3n de una clasificaci\u00f3n molecular de  la eii mediante la identificaci\u00f3n de marcadores gen\u00e9ticos que permitan precisar el diagn\u00f3stico, la localizaci\u00f3n, el comportamiento cl\u00ednico, y la respuesta terap\u00e9utica a los diferentes f\u00e1rmacos (farmacogen\u00e9tica) utilizados en el control de la eii . n uestra hip\u00f3tesis es que existe un grupo de genes candidatos implicados en la susceptibilidad a padecer enfermedad inflamatoria intestinal, que influyen en las distintas caracter\u00edsticas fenot\u00edpicas de esta enfermedad y en la diferente respuesta de los  enfermos a los tratamientos farmacol\u00f3gicos que reciben. las conclusiones extraidas de nuestro trabajo son las siguientes: 1.\tLa preValencia de manifestaciones extraintestinales en la poblaci\u00f3n espa\u00f1ola con enfermedad inflamatoria intestinal es una d e las m\u00e1s altas comunicadas hasta el momento. El 46.6  de los pacientes presentaron al menos una manifestaci\u00f3n extraintestinal. Las manifestaciones articulares fueron las m\u00e1s frecuentes. Dos o m\u00e1s manifestaciones se observaron en el 14.6  de los paci<\/p>\n<p>&nbsp;<\/p>\n<h3>Datos acad\u00e9micos de la tesis doctoral \u00ab<strong>Aplicaci\u00f3n cl\u00ednica de la gen\u00e9tica en la enfermemdad inflamatoria intestinal<\/strong>\u00ab<\/h3>\n<ul>\n<li><strong>T\u00edtulo de la tesis:<\/strong>\u00a0 Aplicaci\u00f3n cl\u00ednica de la gen\u00e9tica en la enfermemdad inflamatoria intestinal <\/li>\n<li><strong>Autor:<\/strong>\u00a0 Raquel Lana Soto <\/li>\n<li><strong>Universidad:<\/strong>\u00a0 Complutense de Madrid<\/li>\n<li><strong>Fecha de lectura de la tesis:<\/strong>\u00a0 31\/03\/2009<\/li>\n<\/ul>\n<p>&nbsp;<\/p>\n<h3>Direcci\u00f3n y tribunal<\/h3>\n<ul>\n<li><strong>Director de la tesis<\/strong>\n<ul>\n<li>Manuel Diaz Rubio Garcia<\/li>\n<\/ul>\n<\/li>\n<li><strong>Tribunal<\/strong>\n<ul>\n<li>Presidente del tribunal: Antonio  jose Torres Garc\u00eda <\/li>\n<li>julio De la morena fern\u00e1ndez (vocal)<\/li>\n<li>agust\u00edn Albillos mart\u00ednez (vocal)<\/li>\n<li>Francisco Arnalich fern\u00e1ndez (vocal)<\/li>\n<\/ul>\n<\/li>\n<\/ul>\n<p>&nbsp;<\/p>\n","protected":false},"excerpt":{"rendered":"<p>Tesis doctoral de Raquel Lana Soto El t\u00e9rmino \u00c2\u00bfenfermedad inflamatoria intestinal cr\u00f3nica\u00c2\u00bf (eii), incluye una amplia variedad de presentaciones y [&hellip;]<\/p>\n","protected":false},"author":1,"featured_media":0,"comment_status":"open","ping_status":"open","sticky":false,"template":"","format":"standard","meta":{"site-sidebar-layout":"default","site-content-layout":"","ast-site-content-layout":"","site-content-style":"default","site-sidebar-style":"default","ast-global-header-display":"","ast-banner-title-visibility":"","ast-main-header-display":"","ast-hfb-above-header-display":"","ast-hfb-below-header-display":"","ast-hfb-mobile-header-display":"","site-post-title":"","ast-breadcrumbs-content":"","ast-featured-img":"","footer-sml-layout":"","theme-transparent-header-meta":"","adv-header-id-meta":"","stick-header-meta":"","header-above-stick-meta":"","header-main-stick-meta":"","header-below-stick-meta":"","astra-migrate-meta-layouts":"default","ast-page-background-enabled":"default","ast-page-background-meta":{"desktop":{"background-color":"var(--ast-global-color-4)","background-image":"","background-repeat":"repeat","background-position":"center center","background-size":"auto","background-attachment":"scroll","background-type":"","background-media":"","overlay-type":"","overlay-color":"","overlay-gradient":""},"tablet":{"background-color":"","background-image":"","background-repeat":"repeat","background-position":"center center","background-size":"auto","background-attachment":"scroll","background-type":"","background-media":"","overlay-type":"","overlay-color":"","overlay-gradient":""},"mobile":{"background-color":"","background-image":"","background-repeat":"repeat","background-position":"center center","background-size":"auto","background-attachment":"scroll","background-type":"","background-media":"","overlay-type":"","overlay-color":"","overlay-gradient":""}},"ast-content-background-meta":{"desktop":{"background-color":"var(--ast-global-color-5)","background-image":"","background-repeat":"repeat","background-position":"center center","background-size":"auto","background-attachment":"scroll","background-type":"","background-media":"","overlay-type":"","overlay-color":"","overlay-gradient":""},"tablet":{"background-color":"var(--ast-global-color-5)","background-image":"","background-repeat":"repeat","background-position":"center center","background-size":"auto","background-attachment":"scroll","background-type":"","background-media":"","overlay-type":"","overlay-color":"","overlay-gradient":""},"mobile":{"background-color":"var(--ast-global-color-5)","background-image":"","background-repeat":"repeat","background-position":"center center","background-size":"auto","background-attachment":"scroll","background-type":"","background-media":"","overlay-type":"","overlay-color":"","overlay-gradient":""}},"footnotes":""},"categories":[1],"tags":[31696,15009,824,5696,5888,191511],"class_list":["post-92619","post","type-post","status-publish","format-standard","hentry","category-sin-categoria","tag-agustin-albillos-Martinez","tag-antonio-jose-torres-garcia","tag-francisco-arnalich-fernandez","tag-julio-de-la-morena-fernandez","tag-manuel-diaz-rubio-garcia","tag-raquel-lana-soto"],"_links":{"self":[{"href":"https:\/\/www.deberes.net\/tesis\/wp-json\/wp\/v2\/posts\/92619","targetHints":{"allow":["GET"]}}],"collection":[{"href":"https:\/\/www.deberes.net\/tesis\/wp-json\/wp\/v2\/posts"}],"about":[{"href":"https:\/\/www.deberes.net\/tesis\/wp-json\/wp\/v2\/types\/post"}],"author":[{"embeddable":true,"href":"https:\/\/www.deberes.net\/tesis\/wp-json\/wp\/v2\/users\/1"}],"replies":[{"embeddable":true,"href":"https:\/\/www.deberes.net\/tesis\/wp-json\/wp\/v2\/comments?post=92619"}],"version-history":[{"count":0,"href":"https:\/\/www.deberes.net\/tesis\/wp-json\/wp\/v2\/posts\/92619\/revisions"}],"wp:attachment":[{"href":"https:\/\/www.deberes.net\/tesis\/wp-json\/wp\/v2\/media?parent=92619"}],"wp:term":[{"taxonomy":"category","embeddable":true,"href":"https:\/\/www.deberes.net\/tesis\/wp-json\/wp\/v2\/categories?post=92619"},{"taxonomy":"post_tag","embeddable":true,"href":"https:\/\/www.deberes.net\/tesis\/wp-json\/wp\/v2\/tags?post=92619"}],"curies":[{"name":"wp","href":"https:\/\/api.w.org\/{rel}","templated":true}]}}