{"id":92639,"date":"2009-01-04T00:00:00","date_gmt":"2009-01-04T00:00:00","guid":{"rendered":"https:\/\/www.deberes.net\/tesis\/sin-categoria\/abordaje-cla%c2%adnico-de-la-discapacidad-laboral-de-origen-musculoesqueletico\/"},"modified":"2009-01-04T00:00:00","modified_gmt":"2009-01-04T00:00:00","slug":"abordaje-cla%c2%adnico-de-la-discapacidad-laboral-de-origen-musculoesqueletico","status":"publish","type":"post","link":"https:\/\/www.deberes.net\/tesis\/sin-categoria\/abordaje-cla%c2%adnico-de-la-discapacidad-laboral-de-origen-musculoesqueletico\/","title":{"rendered":"Abordaje cl\u00ednico de la discapacidad laboral de origen musculoesquel\u00e9tico."},"content":{"rendered":"<h2>Tesis doctoral de <strong> Lydia Abasolo Alcazar <\/strong><\/h2>\n<p>Null abordaje cl\u00ednico de la discapacidad laboral de origen musculoesquel\u00e9tico resumen de tesis doctoral presentada por la licenciada d\u00f1a. Lydia ab\u00e1solo alc\u00e1zar  las enfermedades musculoesquel\u00e9ticas, constituyen en la actualidad uno de los principales prob lemas de salud de la poblaci\u00f3n en pa\u00edses occidentales. Presentan una elevada incidencia y preValencia, tendencia a la cronicidad y deterioro funcional, generando en muchas ocasiones restricci\u00f3n de la movilidad y discapacidad, siendo una de las princi pales causas de consumo de recursos sanitarios, por delante del c\u00e1ncer. Todo ello provoca un gran impacto socioecon\u00f3mico con importantes consecuencias para el individuo y para la sociedad.  en el \u00e1mbito laboral, las enfermedades musculoesquel\u00e9ticas c onstituyen la segunda causa de discapacidad para el trabajo a corto plazo o incapacidad temporal (it), tan s\u00f3lo por detr\u00e1s de los procesos de v\u00edas respiratorias altas, y la primera causa en discapacidad laboral a largo plazo o incapacidad permanente (ip). La situaci\u00f3n de it conlleva la existencia de una doble merma para el trabajador, la p\u00e9rdida de salud y de la capacidad para generar el salario que permita el sostenimiento personal y en muchos casos de la unidad familiar.  es importante adem\u00e1s tener en cuenta que no todos los pacientes con discapacidad laboral de origen musculoesquel\u00e9tico (it-me) evolucionan de la misma manera. Existe un porcentaje de ellos cuya it puede ser considerada como de mala evoluci\u00f3n, incluy\u00e9ndose aquellos pacient es que presentan m\u00e1s de un episodio de it o aqu\u00e9llos cuyo proceso de it se prolonga en el tiempo. El an\u00e1lisis en profundidad de las causas implicadas en la evoluci\u00f3n de la discapacidad para el trabajo de origen musculoesquel\u00e9tico precisar\u00eda de un abo rdaje m\u00e1s all\u00e1 del concepto cl\u00ednico de enfermedad, y que abordara otras facetas como las sociolaborales o incluso las psicosociales del individuo.  esta tesis tiene como finalidad contribuir a la b\u00fasqueda de soluciones y a definir  acciones positivas  y eficientes en relaci\u00f3n a la discapacidad laboral de origen musculoesquel\u00e9tico. Para ello se plante\u00f3 inicialmente evaluar las consecuencias de un programa asistencial espec\u00edfico y especializado donde se atendiera de forma precoz a pacientes que se encontraran en situaci\u00f3n de incapacidad laboral temporal, recibiendo un enfoque asistencial selectivo que fuera m\u00e1s all\u00e1 de las mejoras administrativas o sanitarias de car\u00e1cter general. Posteriormente, se propuso analizar e identificar informaci\u00f3n re<\/p>\n<p>&nbsp;<\/p>\n<h3>Datos acad\u00e9micos de la tesis doctoral \u00ab<strong>Abordaje cl\u00ednico de la discapacidad laboral de origen musculoesquel\u00e9tico.<\/strong>\u00ab<\/h3>\n<ul>\n<li><strong>T\u00edtulo de la tesis:<\/strong>\u00a0 Abordaje cl\u00ednico de la discapacidad laboral de origen musculoesquel\u00e9tico. <\/li>\n<li><strong>Autor:<\/strong>\u00a0 Lydia Abasolo Alcazar <\/li>\n<li><strong>Universidad:<\/strong>\u00a0 Complutense de Madrid<\/li>\n<li><strong>Fecha de lectura de la tesis:<\/strong>\u00a0 01\/04\/2009<\/li>\n<\/ul>\n<p>&nbsp;<\/p>\n<h3>Direcci\u00f3n y tribunal<\/h3>\n<ul>\n<li><strong>Director de la tesis<\/strong>\n<ul>\n<li>Juan  \u00e1ngel Jover Jover<\/li>\n<\/ul>\n<\/li>\n<li><strong>Tribunal<\/strong>\n<ul>\n<li>Presidente del tribunal: marcelino Revenga mart\u00ednez <\/li>\n<li>  (vocal)<\/li>\n<li>  (vocal)<\/li>\n<li>  (vocal)<\/li>\n<\/ul>\n<\/li>\n<\/ul>\n<p>&nbsp;<\/p>\n","protected":false},"excerpt":{"rendered":"<p>Tesis doctoral de Lydia Abasolo Alcazar Null abordaje cl\u00ednico de la discapacidad laboral de origen musculoesquel\u00e9tico resumen de tesis doctoral [&hellip;]<\/p>\n","protected":false},"author":1,"featured_media":0,"comment_status":"open","ping_status":"open","sticky":false,"template":"","format":"standard","meta":{"site-sidebar-layout":"default","site-content-layout":"","ast-site-content-layout":"","site-content-style":"default","site-sidebar-style":"default","ast-global-header-display":"","ast-banner-title-visibility":"","ast-main-header-display":"","ast-hfb-above-header-display":"","ast-hfb-below-header-display":"","ast-hfb-mobile-header-display":"","site-post-title":"","ast-breadcrumbs-content":"","ast-featured-img":"","footer-sml-layout":"","theme-transparent-header-meta":"","adv-header-id-meta":"","stick-header-meta":"","header-above-stick-meta":"","header-main-stick-meta":"","header-below-stick-meta":"","astra-migrate-meta-layouts":"default","ast-page-background-enabled":"default","ast-page-background-meta":{"desktop":{"background-color":"var(--ast-global-color-4)","background-image":"","background-repeat":"repeat","background-position":"center center","background-size":"auto","background-attachment":"scroll","background-type":"","background-media":"","overlay-type":"","overlay-color":"","overlay-gradient":""},"tablet":{"background-color":"","background-image":"","background-repeat":"repeat","background-position":"center center","background-size":"auto","background-attachment":"scroll","background-type":"","background-media":"","overlay-type":"","overlay-color":"","overlay-gradient":""},"mobile":{"background-color":"","background-image":"","background-repeat":"repeat","background-position":"center center","background-size":"auto","background-attachment":"scroll","background-type":"","background-media":"","overlay-type":"","overlay-color":"","overlay-gradient":""}},"ast-content-background-meta":{"desktop":{"background-color":"var(--ast-global-color-5)","background-image":"","background-repeat":"repeat","background-position":"center center","background-size":"auto","background-attachment":"scroll","background-type":"","background-media":"","overlay-type":"","overlay-color":"","overlay-gradient":""},"tablet":{"background-color":"var(--ast-global-color-5)","background-image":"","background-repeat":"repeat","background-position":"center center","background-size":"auto","background-attachment":"scroll","background-type":"","background-media":"","overlay-type":"","overlay-color":"","overlay-gradient":""},"mobile":{"background-color":"var(--ast-global-color-5)","background-image":"","background-repeat":"repeat","background-position":"center center","background-size":"auto","background-attachment":"scroll","background-type":"","background-media":"","overlay-type":"","overlay-color":"","overlay-gradient":""}},"footnotes":""},"categories":[1],"tags":[92514,191550,191551],"class_list":["post-92639","post","type-post","status-publish","format-standard","hentry","category-sin-categoria","tag-juan-angel-jover-jover","tag-lydia-abasolo-alcazar","tag-marcelino-revenga-Martinez"],"_links":{"self":[{"href":"https:\/\/www.deberes.net\/tesis\/wp-json\/wp\/v2\/posts\/92639","targetHints":{"allow":["GET"]}}],"collection":[{"href":"https:\/\/www.deberes.net\/tesis\/wp-json\/wp\/v2\/posts"}],"about":[{"href":"https:\/\/www.deberes.net\/tesis\/wp-json\/wp\/v2\/types\/post"}],"author":[{"embeddable":true,"href":"https:\/\/www.deberes.net\/tesis\/wp-json\/wp\/v2\/users\/1"}],"replies":[{"embeddable":true,"href":"https:\/\/www.deberes.net\/tesis\/wp-json\/wp\/v2\/comments?post=92639"}],"version-history":[{"count":0,"href":"https:\/\/www.deberes.net\/tesis\/wp-json\/wp\/v2\/posts\/92639\/revisions"}],"wp:attachment":[{"href":"https:\/\/www.deberes.net\/tesis\/wp-json\/wp\/v2\/media?parent=92639"}],"wp:term":[{"taxonomy":"category","embeddable":true,"href":"https:\/\/www.deberes.net\/tesis\/wp-json\/wp\/v2\/categories?post=92639"},{"taxonomy":"post_tag","embeddable":true,"href":"https:\/\/www.deberes.net\/tesis\/wp-json\/wp\/v2\/tags?post=92639"}],"curies":[{"name":"wp","href":"https:\/\/api.w.org\/{rel}","templated":true}]}}