{"id":92660,"date":"2009-01-04T00:00:00","date_gmt":"2009-01-04T00:00:00","guid":{"rendered":"https:\/\/www.deberes.net\/tesis\/sin-categoria\/genero-y-bienestar-una-propuesta-de-medicion\/"},"modified":"2009-01-04T00:00:00","modified_gmt":"2009-01-04T00:00:00","slug":"genero-y-bienestar-una-propuesta-de-medicion","status":"publish","type":"post","link":"https:\/\/www.deberes.net\/tesis\/analisis-multivariante\/genero-y-bienestar-una-propuesta-de-medicion\/","title":{"rendered":"G\u00e9nero y bienestar: una propuesta de medici\u00f3n"},"content":{"rendered":"<h2>Tesis doctoral de <strong> M\u00f3nica Dom\u00ednguez Serrano <\/strong><\/h2>\n<p>El an\u00e1lisis de la perspectiva de g\u00e9nero en el \u00e1mbito del desarrollo humano y el bienestar es un fen\u00f3meno relativamente reciente, especialmente en lo referente a la medici\u00f3n. A la complejidad del estudio del concepto de bienestar se une la problem\u00e1tica de considerar aspectos susceptibles de medici\u00f3n cuantitativa.  los organismos internacionales han puesto de manifiesto la necesidad de prestar una especial atenci\u00f3n a las cuestiones de g\u00e9nero en lo relacionado con el desarrollo humano (objetivos del milenio). Ante el amplio abanico de posibilidades que ofrece este campo, este trabajo se centra en el problema de la medici\u00f3n de la desigualdad desde el punto de vista cuantitativo. Se parte de la hip\u00f3tesis de que los sistemas que actualmente se utilizan para medir las desigualdades de g\u00e9nero, siguen presentando debilidades importantes en una doble vertiente: existencia de datos apropiados y metodolog\u00eda utilizada en la medici\u00f3n. Asimismo, la delimitaci\u00f3n precisa del propio concepto de desarrollo humano presenta algunas dificultades. ante la situaci\u00f3n descrita, la finalidad \u00faltima de este trabajo es hacer una aportaci\u00f3n \u00fatil para la implementaci\u00f3n de pol\u00edticas que sirvan para favorecer el desarrollo humano en todos los continentes. Para esto, se plantea un doble objetivo: &#8211;\tdefinir el concepto de desarrollo humano de manera que integre la perspectiva de g\u00e9nero y sea consistente con una concepci\u00f3n social, econ\u00f3mica y medioambientalmente sostenible. &#8211;\tplantear un nuevo modelo de medici\u00f3n del desarrollo humano que permita salvar algunas debilidades existentes en los anteriores, y sea id\u00f3neo para su promoci\u00f3n a nivel global. para dar respuesta al primero de los objetivos se utiliza el enfoque de las capacidades propuesto por  el premio nobel de econom\u00eda amartya sen a finales de los a\u00f1os ochenta. Esta teor\u00eda refleja de un modo bastante \u00fatil el concepto de desarrollo humano, ya que se centra en los individuos y en las posibilidades de \u00e9stos de desempe\u00f1ar una vida digna, observ\u00e1ndolos como elementos capaces y no \u00fanicamente como fines de un proceso. en cuanto a la medici\u00f3n, se hace una propuesta novedosa, tratando de superar las cr\u00edticas realizadas a los indicadores tradicionales que incorporan el g\u00e9nero en la medici\u00f3n del desarrollo humano. Se propone un nuevo indicador sint\u00e9tico que trata de recoger aspectos de gran relevancia y que habitualmente no son considerados. El m\u00e1s relevante es el uso del tiempo, en concreto aspectos relacionados con el trabajo no remunerado adem\u00e1s del trabajo de mercado. a la hora de elegir una herramienta de medida en cualquier esfera, la primera cuesti\u00f3n que se plantea resulta evidente: habr\u00e1 de determinarse cu\u00e1l ser\u00e1 el objeto a medir. Esta obviedad, sin embargo, no tiene una soluci\u00f3n inmediata en el caso que nos ocupa, pues la disyuntiva planteada a la hora de delimitar el concepto objeto de estudio, se trasladar\u00e1 tambi\u00e9n a este \u00e1mbito.  El hecho de que no exista una definici\u00f3n clara y excluyente, as\u00ed como que se combinen aspectos cuantitativos y cualitativos de dif\u00edcil medici\u00f3n, condicionar\u00e1 la metodolog\u00eda utilizada. La medici\u00f3n del desarrollo humano ha ido evolucionando en la medida en que lo ha hecho el propio concepto. El paso de una corriente centrada en una visi\u00f3n economicista del desarrollo (desarrollo econ\u00f3mico) a una corriente m\u00e1s preocupada por su vertiente social como superaci\u00f3n de la puramente econ\u00f3mica (desarrollo humano), se ha hecho patente tambi\u00e9n en la forma de medirlo.  el nuevo concepto de desarrollo, con claras connotaciones sociales, exig\u00eda la elaboraci\u00f3n de \u00edndices mucho m\u00e1s complejos que los puramente econ\u00f3micos; indicadores cuantitativos sint\u00e9ticos de los aspectos te\u00f3ricos que supon\u00eda el nuevo paradigma, que superaran al tradicionalmente utilizado: el pnb por habitante. Surge as\u00ed la necesidad de desarrollar nuevas alternativas de medici\u00f3n que recojan su complejidad as\u00ed como su naturaleza m\u00faltiple.  las principales limitaciones atribuidas a los indicadores est\u00e1n relacionadas con dos tipos de factores. De una parte nos encontramos las relacionadas con la elecci\u00f3n de las variables que formar\u00e1n parte del indicador y, de otra, las que tiene que ver con la metodolog\u00eda propuesta para la construcci\u00f3n de un indicador sint\u00e9tico de estas caracter\u00edsticas. en relaci\u00f3n al primero de los aspectos, los indicadores de desarrollo relativos al g\u00e9nero incluyen en su mayor\u00eda variables sobre el estado de salud, la educaci\u00f3n y el nivel de ingreso de la personas, estableciendo diferencias entre los niveles alcanzados por los hombres y las mujeres en distintas regiones. En el presente trabajo se propone dar un paso m\u00e1s en este sentido, incorporando variables que, pese a ser de gran utilidad, han sido escasamente utilizadas. la principal aportaci\u00f3n de las encuestas sobre uso del tiempo es la de suministrar informaci\u00f3n relativa a la distribuci\u00f3n desigual del tiempo que realizan mujeres y hombres. Numerosos estudios descriptivos a nivel internacional ponen de manifiesto que unas y otros dedican su tiempo a actividades distintas, existiendo claros sesgos en lo relativo a trabajo remunerado y no remunerado as\u00ed como a actividades de ocio, lo cual hace visible importantes dificultades en materias de sostenibilidad social y econ\u00f3mica del sistema. la medici\u00f3n del desarrollo, desde un prisma completo que incluya las capacidades de las personas y recoja las disparidades existentes entre ellas, no puede dejar al margen la variable tiempo. El indicador que se propone tendr\u00e1 en cuenta esta consideraci\u00f3n, junto a otros aspectos generales que necesariamente deben incluirse en el mismo, como los factores medioambientales. respecto al segundo grupo de limitaciones, relacionadas con las t\u00e9cnicas aplicadas para la construcci\u00f3n del indicador, destaca la arbitrariedad puesta de manifiesto en la asignaci\u00f3n de pesos a las componentes del indicador sint\u00e9tico. Por este motivo, se propone la combinaci\u00f3n de t\u00e9cnicas de car\u00e1cter matem\u00e1tico y estad\u00edstico para tratar de salvar este tipo de obst\u00e1culos. La utilizaci\u00f3n de t\u00e9cnicas que permitan la ponderaci\u00f3n interna de los subindicadores constituir\u00e1 la base de la medida propuesta. finalmente, se realiza un ejercicio pr\u00e1ctico a modo de ejemplo de la aplicaci\u00f3n que puede tener este tipo de indicadores para la medici\u00f3n del desarrollo humano, lo que a su vez constituye un elemento esencial para la implementaci\u00f3n, seguimiento y evaluaci\u00f3n de pol\u00edticas sociales en el \u00e1mbito de la cooperaci\u00f3n internacional.  por todo lo anterior, entiendo que el trabajo que presento cumple los requisitos del concurso y se adapta a los objetivos del mismo, proporcionando herramientas que pueden ser muy \u00fatiles en materia de planificaci\u00f3n de proyectos de cooperaci\u00f3n.<\/p>\n<p>&nbsp;<\/p>\n<h3>Datos acad\u00e9micos de la tesis doctoral \u00ab<strong>G\u00e9nero y bienestar: una propuesta de medici\u00f3n<\/strong>\u00ab<\/h3>\n<ul>\n<li><strong>T\u00edtulo de la tesis:<\/strong>\u00a0 G\u00e9nero y bienestar: una propuesta de medici\u00f3n <\/li>\n<li><strong>Autor:<\/strong>\u00a0 M\u00f3nica Dom\u00ednguez Serrano <\/li>\n<li><strong>Universidad:<\/strong>\u00a0 Pablo de olavide<\/li>\n<li><strong>Fecha de lectura de la tesis:<\/strong>\u00a0 01\/04\/2009<\/li>\n<\/ul>\n<p>&nbsp;<\/p>\n<h3>Direcci\u00f3n y tribunal<\/h3>\n<ul>\n<li><strong>Director de la tesis<\/strong>\n<ul>\n<li>Flor Mar\u00eda Guerrero Casas<\/li>\n<\/ul>\n<\/li>\n<li><strong>Tribunal<\/strong>\n<ul>\n<li>Presidente del tribunal: Juan  Antonio Fernandez cordon <\/li>\n<li>paloma De villota gil-escoin (vocal)<\/li>\n<li>Rafael Caballero fern\u00e1ndez (vocal)<\/li>\n<li>Mar\u00eda  victoria Rodriguez uria (vocal)<\/li>\n<\/ul>\n<\/li>\n<\/ul>\n<p>&nbsp;<\/p>\n","protected":false},"excerpt":{"rendered":"<p>Tesis doctoral de M\u00f3nica Dom\u00ednguez Serrano El an\u00e1lisis de la perspectiva de g\u00e9nero en el \u00e1mbito del desarrollo humano y [&hellip;]<\/p>\n","protected":false},"author":1,"featured_media":0,"comment_status":"open","ping_status":"open","sticky":false,"template":"","format":"standard","meta":{"site-sidebar-layout":"default","site-content-layout":"","ast-site-content-layout":"","site-content-style":"default","site-sidebar-style":"default","ast-global-header-display":"","ast-banner-title-visibility":"","ast-main-header-display":"","ast-hfb-above-header-display":"","ast-hfb-below-header-display":"","ast-hfb-mobile-header-display":"","site-post-title":"","ast-breadcrumbs-content":"","ast-featured-img":"","footer-sml-layout":"","theme-transparent-header-meta":"","adv-header-id-meta":"","stick-header-meta":"","header-above-stick-meta":"","header-main-stick-meta":"","header-below-stick-meta":"","astra-migrate-meta-layouts":"default","ast-page-background-enabled":"default","ast-page-background-meta":{"desktop":{"background-color":"var(--ast-global-color-4)","background-image":"","background-repeat":"repeat","background-position":"center center","background-size":"auto","background-attachment":"scroll","background-type":"","background-media":"","overlay-type":"","overlay-color":"","overlay-gradient":""},"tablet":{"background-color":"","background-image":"","background-repeat":"repeat","background-position":"center center","background-size":"auto","background-attachment":"scroll","background-type":"","background-media":"","overlay-type":"","overlay-color":"","overlay-gradient":""},"mobile":{"background-color":"","background-image":"","background-repeat":"repeat","background-position":"center center","background-size":"auto","background-attachment":"scroll","background-type":"","background-media":"","overlay-type":"","overlay-color":"","overlay-gradient":""}},"ast-content-background-meta":{"desktop":{"background-color":"var(--ast-global-color-5)","background-image":"","background-repeat":"repeat","background-position":"center center","background-size":"auto","background-attachment":"scroll","background-type":"","background-media":"","overlay-type":"","overlay-color":"","overlay-gradient":""},"tablet":{"background-color":"var(--ast-global-color-5)","background-image":"","background-repeat":"repeat","background-position":"center center","background-size":"auto","background-attachment":"scroll","background-type":"","background-media":"","overlay-type":"","overlay-color":"","overlay-gradient":""},"mobile":{"background-color":"var(--ast-global-color-5)","background-image":"","background-repeat":"repeat","background-position":"center center","background-size":"auto","background-attachment":"scroll","background-type":"","background-media":"","overlay-type":"","overlay-color":"","overlay-gradient":""}},"footnotes":""},"categories":[3148,19869,9310,124007,37286],"tags":[24914,135261,80529,191584,191585,8137],"class_list":["post-92660","post","type-post","status-publish","format-standard","hentry","category-analisis-multivariante","category-derechos-humanos","category-indicadores-economicos","category-medida-y-construccion-de-indices-sociologicos","category-pablo-de-olavide","tag-flor-maria-guerrero-casas","tag-juan-antonio-fernandez-cordon","tag-maria-victoria-rodriguez-uria","tag-monica-dominguez-serrano","tag-paloma-de-villota-gil-escoin","tag-rafael-caballero-fernandez"],"_links":{"self":[{"href":"https:\/\/www.deberes.net\/tesis\/wp-json\/wp\/v2\/posts\/92660","targetHints":{"allow":["GET"]}}],"collection":[{"href":"https:\/\/www.deberes.net\/tesis\/wp-json\/wp\/v2\/posts"}],"about":[{"href":"https:\/\/www.deberes.net\/tesis\/wp-json\/wp\/v2\/types\/post"}],"author":[{"embeddable":true,"href":"https:\/\/www.deberes.net\/tesis\/wp-json\/wp\/v2\/users\/1"}],"replies":[{"embeddable":true,"href":"https:\/\/www.deberes.net\/tesis\/wp-json\/wp\/v2\/comments?post=92660"}],"version-history":[{"count":0,"href":"https:\/\/www.deberes.net\/tesis\/wp-json\/wp\/v2\/posts\/92660\/revisions"}],"wp:attachment":[{"href":"https:\/\/www.deberes.net\/tesis\/wp-json\/wp\/v2\/media?parent=92660"}],"wp:term":[{"taxonomy":"category","embeddable":true,"href":"https:\/\/www.deberes.net\/tesis\/wp-json\/wp\/v2\/categories?post=92660"},{"taxonomy":"post_tag","embeddable":true,"href":"https:\/\/www.deberes.net\/tesis\/wp-json\/wp\/v2\/tags?post=92660"}],"curies":[{"name":"wp","href":"https:\/\/api.w.org\/{rel}","templated":true}]}}