{"id":92703,"date":"2009-03-04T00:00:00","date_gmt":"2009-03-04T00:00:00","guid":{"rendered":"https:\/\/www.deberes.net\/tesis\/sin-categoria\/enfoque-del-conflicto-israela%c2%ad-palestino-analisis-de-los-factores-culturales-que-influyen-en-los-corresponsales-enviados-especiales-y-free-lance\/"},"modified":"2009-03-04T00:00:00","modified_gmt":"2009-03-04T00:00:00","slug":"enfoque-del-conflicto-israela%c2%ad-palestino-analisis-de-los-factores-culturales-que-influyen-en-los-corresponsales-enviados-especiales-y-free-lance","status":"publish","type":"post","link":"https:\/\/www.deberes.net\/tesis\/nivel-cultural-y-personalidad\/enfoque-del-conflicto-israela%c2%ad-palestino-analisis-de-los-factores-culturales-que-influyen-en-los-corresponsales-enviados-especiales-y-free-lance\/","title":{"rendered":"Enfoque del conflicto israel\u00ed-palestino. an\u00e1lisis de los factores culturales que influyen en los corresponsales, enviados especiales y free lance.<br>"},"content":{"rendered":"<h2>Tesis doctoral de <strong> Mar\u00eda  Teresa Nicolas Gavil\u00e1n <\/strong><\/h2>\n<p>Los periodistas que informan sobre un conflicto, a trav\u00e9s del ejercicio de su profesi\u00f3n influyen en la din\u00e1mica de \u00e9ste. Este gran poder conlleva una gran responsabilidad. La unesco ha se\u00f1alado que los profesionales de la informaci\u00f3n est\u00e1n llamados a contribuir a la paz en la aldea global. Estas consideraciones han dado origen a nuevos modelos en el ejercicio del periodismo. Uno de ellos, es el peace journalism propuesto por john galtung en la d\u00e9cada de los 70. Este modelo propone una serie de pr\u00e1cticas para que la cobertura de un conflicto se realice de tal modo que contribuya a la soluci\u00f3n pac\u00edfica de \u00e9ste. La pieza central de este modelo es el profesional de la informaci\u00f3n. sin embargo, como se\u00f1al\u00f3 hanitzsch (2004): \u00c2\u00bfa pesar de toda la literatura que se acumula sobre la comunicaci\u00f3n de crisis y la resoluci\u00f3n de conflicto, es sorprendente lo poco que sabemos de las caracter\u00edsticas y los puntos de vista de los periodistas que cubren una guerra\u00c2\u00bf.  en la investigaci\u00f3n que presento eleg\u00ed como caso de estudio a los periodistas que cubren el conflicto en tierra santa para medios espa\u00f1oles. Hay muchas razones que hacen de oriente pr\u00f3ximo una zona cada vez m\u00e1s decisiva en el marco de las relaciones internacionales e interculturales. el objetivo principal de mi investigaci\u00f3n ha sido estudiar el punto de vista o enfoque de los corresponsales, enviados especiales y free lance que cubren el conflicto israel\u00ed-palestino, y determinar si es posible aplicar el modelo de peace journalism.  la hip\u00f3tesis de partida afirmaba que los factores personales o culturales de los periodistas de internacional, tienen m\u00e1s peso, que los factores externos, en el enfoque informativo o punto de vista de los periodistas. Para comprobar esto propongo un modelo sobre los factores personales que influyen en el enfoque de los profesionales de la informaci\u00f3n internacional. Son cuatro los aspectos que integran la identidad cultural: el bagaje o background cultural, el conocimiento de otras culturas, la dimensi\u00f3n pol\u00edtica y la dimensi\u00f3n profesional del periodista. utilic\u00e9 la triangulaci\u00f3n metodol\u00f3gica de t\u00e9cnicas cuantitativas y cualitativas: la entrevista en profundidad, la encuesta \u00c2\u00bfaplicadas a los periodistas-  y el an\u00e1lisis de contenido cuantitativo de prensa: se recopilaron 2.212 notas informativas publicadas entre el 1 de abril del 2007 y el 31 de marzo de 2008, por los peri\u00f3dicos que tienen corresponsales acreditados en israel: la vanguardia, abc, la gaceta de los negocios, el pa\u00eds, la raz\u00f3n, el mundo, el peri\u00f3dico de catalu\u00f1a y p\u00fablico.  conclusiones es posible aplicar el enfoque propuesto por el peace journalism en la cobertura de un conflicto. De hecho, el 100% de los periodistas de prensa analizados tienen un enfoque conforme a este modelo. se comprob\u00f3 la hip\u00f3tesis de partida: los factores que configuran la identidad cultural del periodista son los que m\u00e1s influyen en su framing. As\u00ed lo declararon m\u00e1s del 90% de los propios periodistas. La aplicaci\u00f3n del modelo que propongo ha demostrado su utilidad para determinar los factores que m\u00e1s influyen en el enfoque de un periodista de internacional. Los cuatro factores que m\u00e1s influyen en el enfoque del periodista son: la raza, la nacionalidad, la valoraci\u00f3n pol\u00edtica del pa\u00eds y el conflicto sobre el que informa, y el concepto de su rol profesional. En algunos casos, estas variables se orientaron en el mismo sentido, en otros casos se enfrentaron entre s\u00ed prevaleciendo una sobre otra.  la importancia de estos factores que configuran la identidad cultural del periodista se ve potenciada por el hecho de que el 50% deciden el enfoque de las noticias y el 30% lo propone a su medio, es decir el 80% plasma su enfoque personal en las noticias.<\/p>\n<p>&nbsp;<\/p>\n<h3>Datos acad\u00e9micos de la tesis doctoral \u00ab<strong>Enfoque del conflicto israel\u00ed-palestino. an\u00e1lisis de los factores culturales que influyen en los corresponsales, enviados especiales y free lance.<br \/><\/strong>\u00ab<\/h3>\n<ul>\n<li><strong>T\u00edtulo de la tesis:<\/strong>\u00a0 Enfoque del conflicto israel\u00ed-palestino. an\u00e1lisis de los factores culturales que influyen en los corresponsales, enviados especiales y free lance. <\/li>\n<li><strong>Autor:<\/strong>\u00a0 Mar\u00eda  Teresa Nicolas Gavil\u00e1n <\/li>\n<li><strong>Universidad:<\/strong>\u00a0 Navarra<\/li>\n<li><strong>Fecha de lectura de la tesis:<\/strong>\u00a0 03\/04\/2009<\/li>\n<\/ul>\n<p>&nbsp;<\/p>\n<h3>Direcci\u00f3n y tribunal<\/h3>\n<ul>\n<li><strong>Director de la tesis<\/strong>\n<ul>\n<li>Pedro Lozano Bartolozzi<\/li>\n<\/ul>\n<\/li>\n<li><strong>Tribunal<\/strong>\n<ul>\n<li>Presidente del tribunal: romualdo Bermejo Garc\u00eda <\/li>\n<li>felipe Mara\u00f1a marcos (vocal)<\/li>\n<li>Jos\u00e9 Luis Pe\u00f1alba abrisqueta (vocal)<\/li>\n<li>Mar\u00eda Jos\u00e9 P\u00e9rez pozo (vocal)<\/li>\n<\/ul>\n<\/li>\n<\/ul>\n<p>&nbsp;<\/p>\n","protected":false},"excerpt":{"rendered":"<p>Tesis doctoral de Mar\u00eda Teresa Nicolas Gavil\u00e1n Los periodistas que informan sobre un conflicto, a trav\u00e9s del ejercicio de su [&hellip;]<\/p>\n","protected":false},"author":1,"featured_media":0,"comment_status":"open","ping_status":"open","sticky":false,"template":"","format":"standard","meta":{"site-sidebar-layout":"default","site-content-layout":"","ast-site-content-layout":"","site-content-style":"default","site-sidebar-style":"default","ast-global-header-display":"","ast-banner-title-visibility":"","ast-main-header-display":"","ast-hfb-above-header-display":"","ast-hfb-below-header-display":"","ast-hfb-mobile-header-display":"","site-post-title":"","ast-breadcrumbs-content":"","ast-featured-img":"","footer-sml-layout":"","theme-transparent-header-meta":"","adv-header-id-meta":"","stick-header-meta":"","header-above-stick-meta":"","header-main-stick-meta":"","header-below-stick-meta":"","astra-migrate-meta-layouts":"default","ast-page-background-enabled":"default","ast-page-background-meta":{"desktop":{"background-color":"var(--ast-global-color-4)","background-image":"","background-repeat":"repeat","background-position":"center center","background-size":"auto","background-attachment":"scroll","background-type":"","background-media":"","overlay-type":"","overlay-color":"","overlay-gradient":""},"tablet":{"background-color":"","background-image":"","background-repeat":"repeat","background-position":"center center","background-size":"auto","background-attachment":"scroll","background-type":"","background-media":"","overlay-type":"","overlay-color":"","overlay-gradient":""},"mobile":{"background-color":"","background-image":"","background-repeat":"repeat","background-position":"center center","background-size":"auto","background-attachment":"scroll","background-type":"","background-media":"","overlay-type":"","overlay-color":"","overlay-gradient":""}},"ast-content-background-meta":{"desktop":{"background-color":"var(--ast-global-color-5)","background-image":"","background-repeat":"repeat","background-position":"center center","background-size":"auto","background-attachment":"scroll","background-type":"","background-media":"","overlay-type":"","overlay-color":"","overlay-gradient":""},"tablet":{"background-color":"var(--ast-global-color-5)","background-image":"","background-repeat":"repeat","background-position":"center center","background-size":"auto","background-attachment":"scroll","background-type":"","background-media":"","overlay-type":"","overlay-color":"","overlay-gradient":""},"mobile":{"background-color":"var(--ast-global-color-5)","background-image":"","background-repeat":"repeat","background-position":"center center","background-size":"auto","background-attachment":"scroll","background-type":"","background-media":"","overlay-type":"","overlay-color":"","overlay-gradient":""}},"footnotes":""},"categories":[24102,17749,1393,4073,83233],"tags":[24354,191668,191669,191667,17926,23390],"class_list":["post-92703","post","type-post","status-publish","format-standard","hentry","category-informacion","category-navarra","category-nivel-cultural-y-personalidad","category-relaciones-internacionales","category-solucion-de-conflictos-internacionales","tag-felipe-marana-marcos","tag-jose-luis-penalba-abrisqueta","tag-maria-jose-perez-pozo","tag-maria-teresa-nicolas-gavilan","tag-pedro-lozano-bartolozzi","tag-romualdo-bermejo-garcia"],"_links":{"self":[{"href":"https:\/\/www.deberes.net\/tesis\/wp-json\/wp\/v2\/posts\/92703","targetHints":{"allow":["GET"]}}],"collection":[{"href":"https:\/\/www.deberes.net\/tesis\/wp-json\/wp\/v2\/posts"}],"about":[{"href":"https:\/\/www.deberes.net\/tesis\/wp-json\/wp\/v2\/types\/post"}],"author":[{"embeddable":true,"href":"https:\/\/www.deberes.net\/tesis\/wp-json\/wp\/v2\/users\/1"}],"replies":[{"embeddable":true,"href":"https:\/\/www.deberes.net\/tesis\/wp-json\/wp\/v2\/comments?post=92703"}],"version-history":[{"count":0,"href":"https:\/\/www.deberes.net\/tesis\/wp-json\/wp\/v2\/posts\/92703\/revisions"}],"wp:attachment":[{"href":"https:\/\/www.deberes.net\/tesis\/wp-json\/wp\/v2\/media?parent=92703"}],"wp:term":[{"taxonomy":"category","embeddable":true,"href":"https:\/\/www.deberes.net\/tesis\/wp-json\/wp\/v2\/categories?post=92703"},{"taxonomy":"post_tag","embeddable":true,"href":"https:\/\/www.deberes.net\/tesis\/wp-json\/wp\/v2\/tags?post=92703"}],"curies":[{"name":"wp","href":"https:\/\/api.w.org\/{rel}","templated":true}]}}