{"id":92714,"date":"2009-03-04T00:00:00","date_gmt":"2009-03-04T00:00:00","guid":{"rendered":"https:\/\/www.deberes.net\/tesis\/sin-categoria\/la-participacion-de-los-sindicatos-en-las-funciones-normativas-de-los-poderes-publicos-una-comparacion-entre-espana-y-francia\/"},"modified":"2009-03-04T00:00:00","modified_gmt":"2009-03-04T00:00:00","slug":"la-participacion-de-los-sindicatos-en-las-funciones-normativas-de-los-poderes-publicos-una-comparacion-entre-espana-y-francia","status":"publish","type":"post","link":"https:\/\/www.deberes.net\/tesis\/derecho-del-trabajo-y-de-la-seguridad-social\/la-participacion-de-los-sindicatos-en-las-funciones-normativas-de-los-poderes-publicos-una-comparacion-entre-espana-y-francia\/","title":{"rendered":"La participaci\u00f3n de los sindicatos en las funciones normativas de los poderes p\u00fablicos. una comparaci\u00f3n entre espa\u00f1a y francia"},"content":{"rendered":"<h2>Tesis doctoral de <strong> Helena Ys\u00c1\u00a0s Molinero <\/strong><\/h2>\n<p>En las \u00faltimas d\u00e9cadas los sindicatos han ido ampliando sus funciones hacia el \u00e1mbito de la participaci\u00f3n, sin duda en la empresa, pero tambi\u00e9n en la esfera p\u00fablica. En el \u00e1mbito pol\u00edtico es habitual que las organizaciones sindicales, junto a las asociaciones empresariales, contribuyan a la gesti\u00f3n y control de determinadas pol\u00edticas p\u00fablicas, pero sus funciones van m\u00e1s all\u00e1 y pueden entrar en el n\u00facleo de las potestades de los poderes p\u00fablicos: la potestad para dictar normas con rango de ley o reglamentarias. Los sindicatos son, en consecuencia, instituciones que ocupan una posici\u00f3n de especial relevancia en nuestra sociedad, y as\u00ed lo ha reconocido el ordenamiento jur\u00eddico, ya desde el texto constitucional. es por ello que se dedica el primer cap\u00edtulo al estado social y democr\u00e1tico de derecho y a sus implicaciones participativas. Se trata de un cap\u00edtulo de car\u00e1cter introductorio pero esencial para la comprensi\u00f3n del papel constitucionalmente asignado en la actualidad a las organizaciones sindicales. Se analiza la incidencia que el art\u00edculo 1.1. De la constituci\u00f3n espa\u00f1ola debe tener en materia de participaci\u00f3n social, partiendo del estudio de la creaci\u00f3n y evoluci\u00f3n del concepto de estado social. Tambi\u00e9n se estudia la posici\u00f3n que la ce atribuye a los sindicatos a trav\u00e9s de su art\u00edculo 7. el segundo cap\u00edtulo de titula de la participaci\u00f3n a la participaci\u00f3n institucional. Los sindicatos representan los intereses generales no s\u00f3lo del colectivo de trabajadores sino del conjunto de la ciudadan\u00eda, por lo que deber\u00e1n tener determinadas funciones en la esfera p\u00fablica, es decir, m\u00e1s all\u00e1 de la acci\u00f3n sindical en el marco de la empresa-. Se establece una clara distinci\u00f3n entre las funciones de las organizaciones sindicales y de las asociaciones empresariales. Una de las manifestaciones de la intervenci\u00f3n de los sindicatos en la esfera p\u00fablica es la participaci\u00f3n institucional, que en este cap\u00edtulo se estudia desde el punto de vista de su marco te\u00f3rico y normativo. Se dedica tambi\u00e9n un apartado al estudio de las problem\u00e1ticas concretas en materia de representatividad sindical, como instrumento de legitimaci\u00f3n de la participaci\u00f3n de los sindicatos en determinados organismos vinculados a las administraciones p\u00fablicas. el tercer cap\u00edtulo el ejercicio de la participaci\u00f3n institucional en espa\u00f1a y otros mecanismos de intervenci\u00f3n: el di\u00e1logo social tripartito se subdivide en dos partes muy claramente diferenciadas: por un lado, aquella que hace referencia a la participaci\u00f3n institucional de los sindicatos, y, por otro lado, aquella que hace referencia al di\u00e1logo social tripartito. Ambas encuentran su punto de uni\u00f3n en el hecho de que la participaci\u00f3n institucional y el di\u00e1logo social son las dos manifestaciones m\u00e1s claras de la intervenci\u00f3n de los sindicatos en las funciones normativas de los poderes p\u00fablicos. O, dicho de otra forma, los sindicatos participan en alg\u00fan momento del proceso de elaboraci\u00f3n de la norma -recorrido m\u00e1s amplio que el procedimiento legislativo- o bien a trav\u00e9s de la participaci\u00f3n en organismos con competencias para proponer al gobierno la elaboraci\u00f3n y el contenido de un proyecto de ley o la aprobaci\u00f3n de una norma reglamentaria, o, de forma m\u00e1s frecuente, con competencias para dictaminar un proyecto de ley, o bien a trav\u00e9s de la negociaci\u00f3n directa con el gobierno, y, generalmente, con los representantes de las asociaciones empresariales, el contenido de una norma que posteriormente el gobierno presentar\u00e1 al parlamento como proyecto de ley. Estos procesos recib\u00edan hace unos a\u00f1os y de forma muy extensa la denominaci\u00f3n de concertaci\u00f3n social; no obstante, y por razones diversas, actualmente se hace referencia al di\u00e1logo social. el cuarto y \u00faltimo cap\u00edtulo lleva por t\u00edtulo la participaci\u00f3n de los sindicatos en la elaboraci\u00f3n de la ley en francia. En este cap\u00edtulo se ha hecho un estudio, en clave comparada, de los mecanismos que los sindicatos franceses tienen a su alcance para participar en la elaboraci\u00f3n de normas legales y reglamentarias. El cap\u00edtulo se estructura en tres partes, dedicadas, respectivamente, a la representatividad de los sindicatos, a la participaci\u00f3n institucional y al di\u00e1logo social. Este estudio ha permitido comparar los modelos de ambos pa\u00edses y llegar a la conclusi\u00f3n de que existen diferencias significativas y de que, al margen de iniciativas concretas, no es f\u00e1cil trasladar de forma m\u00e1s amplia el modelo de uno al otro.<\/p>\n<p>&nbsp;<\/p>\n<h3>Datos acad\u00e9micos de la tesis doctoral \u00ab<strong>La participaci\u00f3n de los sindicatos en las funciones normativas de los poderes p\u00fablicos. una comparaci\u00f3n entre espa\u00f1a y francia<\/strong>\u00ab<\/h3>\n<ul>\n<li><strong>T\u00edtulo de la tesis:<\/strong>\u00a0 La participaci\u00f3n de los sindicatos en las funciones normativas de los poderes p\u00fablicos. una comparaci\u00f3n entre espa\u00f1a y francia <\/li>\n<li><strong>Autor:<\/strong>\u00a0 Helena Ys\u00c1\u00a0s Molinero <\/li>\n<li><strong>Universidad:<\/strong>\u00a0 Aut\u00f3noma de barcelona<\/li>\n<li><strong>Fecha de lectura de la tesis:<\/strong>\u00a0 03\/04\/2009<\/li>\n<\/ul>\n<p>&nbsp;<\/p>\n<h3>Direcci\u00f3n y tribunal<\/h3>\n<ul>\n<li><strong>Director de la tesis<\/strong>\n<ul>\n<li>Francisco P\u00e9rez Amor\u00f3s<\/li>\n<\/ul>\n<\/li>\n<li><strong>Tribunal<\/strong>\n<ul>\n<li>Presidente del tribunal: Miguel Rodriguez pi\u00f1ero bravo ferrer <\/li>\n<li>marie-c\u00e9cile Amauger-lattes (vocal)<\/li>\n<li>  (vocal)<\/li>\n<li>  (vocal)<\/li>\n<\/ul>\n<\/li>\n<\/ul>\n<p>&nbsp;<\/p>\n","protected":false},"excerpt":{"rendered":"<p>Tesis doctoral de Helena Ys\u00c1\u00a0s Molinero En las \u00faltimas d\u00e9cadas los sindicatos han ido ampliando sus funciones hacia el \u00e1mbito [&hellip;]<\/p>\n","protected":false},"author":1,"featured_media":0,"comment_status":"open","ping_status":"open","sticky":false,"template":"","format":"standard","meta":{"site-sidebar-layout":"default","site-content-layout":"","ast-site-content-layout":"","site-content-style":"default","site-sidebar-style":"default","ast-global-header-display":"","ast-banner-title-visibility":"","ast-main-header-display":"","ast-hfb-above-header-display":"","ast-hfb-below-header-display":"","ast-hfb-mobile-header-display":"","site-post-title":"","ast-breadcrumbs-content":"","ast-featured-img":"","footer-sml-layout":"","theme-transparent-header-meta":"","adv-header-id-meta":"","stick-header-meta":"","header-above-stick-meta":"","header-main-stick-meta":"","header-below-stick-meta":"","astra-migrate-meta-layouts":"default","ast-page-background-enabled":"default","ast-page-background-meta":{"desktop":{"background-color":"var(--ast-global-color-4)","background-image":"","background-repeat":"repeat","background-position":"center center","background-size":"auto","background-attachment":"scroll","background-type":"","background-media":"","overlay-type":"","overlay-color":"","overlay-gradient":""},"tablet":{"background-color":"","background-image":"","background-repeat":"repeat","background-position":"center center","background-size":"auto","background-attachment":"scroll","background-type":"","background-media":"","overlay-type":"","overlay-color":"","overlay-gradient":""},"mobile":{"background-color":"","background-image":"","background-repeat":"repeat","background-position":"center center","background-size":"auto","background-attachment":"scroll","background-type":"","background-media":"","overlay-type":"","overlay-color":"","overlay-gradient":""}},"ast-content-background-meta":{"desktop":{"background-color":"var(--ast-global-color-5)","background-image":"","background-repeat":"repeat","background-position":"center center","background-size":"auto","background-attachment":"scroll","background-type":"","background-media":"","overlay-type":"","overlay-color":"","overlay-gradient":""},"tablet":{"background-color":"var(--ast-global-color-5)","background-image":"","background-repeat":"repeat","background-position":"center center","background-size":"auto","background-attachment":"scroll","background-type":"","background-media":"","overlay-type":"","overlay-color":"","overlay-gradient":""},"mobile":{"background-color":"var(--ast-global-color-5)","background-image":"","background-repeat":"repeat","background-position":"center center","background-size":"auto","background-attachment":"scroll","background-type":"","background-media":"","overlay-type":"","overlay-color":"","overlay-gradient":""}},"footnotes":""},"categories":[4927,2170],"tags":[75540,191684,191685,3701],"class_list":["post-92714","post","type-post","status-publish","format-standard","hentry","category-derecho-comparado","category-derecho-del-trabajo-y-de-la-seguridad-social","tag-francisco-perez-amoros","tag-helena-ysa-s-molinero","tag-marie-cecile-amauger-lattes","tag-miguel-rodriguez-pinero-bravo-ferrer"],"_links":{"self":[{"href":"https:\/\/www.deberes.net\/tesis\/wp-json\/wp\/v2\/posts\/92714","targetHints":{"allow":["GET"]}}],"collection":[{"href":"https:\/\/www.deberes.net\/tesis\/wp-json\/wp\/v2\/posts"}],"about":[{"href":"https:\/\/www.deberes.net\/tesis\/wp-json\/wp\/v2\/types\/post"}],"author":[{"embeddable":true,"href":"https:\/\/www.deberes.net\/tesis\/wp-json\/wp\/v2\/users\/1"}],"replies":[{"embeddable":true,"href":"https:\/\/www.deberes.net\/tesis\/wp-json\/wp\/v2\/comments?post=92714"}],"version-history":[{"count":0,"href":"https:\/\/www.deberes.net\/tesis\/wp-json\/wp\/v2\/posts\/92714\/revisions"}],"wp:attachment":[{"href":"https:\/\/www.deberes.net\/tesis\/wp-json\/wp\/v2\/media?parent=92714"}],"wp:term":[{"taxonomy":"category","embeddable":true,"href":"https:\/\/www.deberes.net\/tesis\/wp-json\/wp\/v2\/categories?post=92714"},{"taxonomy":"post_tag","embeddable":true,"href":"https:\/\/www.deberes.net\/tesis\/wp-json\/wp\/v2\/tags?post=92714"}],"curies":[{"name":"wp","href":"https:\/\/api.w.org\/{rel}","templated":true}]}}