{"id":92735,"date":"2009-03-04T00:00:00","date_gmt":"2009-03-04T00:00:00","guid":{"rendered":"https:\/\/www.deberes.net\/tesis\/sin-categoria\/spatial-structures-and-information-processing-in-nonlinear-optical-cavities\/"},"modified":"2009-03-04T00:00:00","modified_gmt":"2009-03-04T00:00:00","slug":"spatial-structures-and-information-processing-in-nonlinear-optical-cavities","status":"publish","type":"post","link":"https:\/\/www.deberes.net\/tesis\/fisica\/spatial-structures-and-information-processing-in-nonlinear-optical-cavities\/","title":{"rendered":"Spatial structures and information processing in nonlinear optical cavities"},"content":{"rendered":"<h2>Tesis doctoral de <strong> Adrian Jacobo <\/strong><\/h2>\n<p>En esta tesis se estudian diferentes aspectos del procesado de im\u00e1genes e informaci\u00f3n en cavidades \u00f3pticas no lineales. En la primer parte se estudia el uso de una cavidad de tipo ii de generaci\u00f3n de segundo harm\u00f3nico para realizar operaciones de procesado de im\u00e1genes enteramente \u00f3ptico, como el reconocimiento de contornos y la mejora del contraste. Tambi\u00e9n utilizamos algunas de estas ideas para la detecci\u00f3n de saltos en series de datos ecol\u00f3gicos y para la decodificaci\u00f3n de mensajes encriptados con caos. en la segunda parte estudiamos la din\u00e1mica de estructuras localizadas (el) en una cavidad de tipo kerr. Se muestra que estas el pueden desarrollar inestabilidades y volverse oscilatorias o excitables. Tambi\u00e9n estudiamos el efecto de un rayo localizado (aplicado permanentemente) sobre la din\u00e1mica de las el. Utilizando las propiedades de control que brinda el rayo localizado se muestra como es posible construir puertas para realizar operaciones l\u00f3gicas con las estructuras. Finalmente, tambi\u00e9n estudiamos la interacci\u00f3n de estructuras localizadas oscilantes como un modelo de oscilador no puntual.<\/p>\n<p>&nbsp;<\/p>\n<h3>Datos acad\u00e9micos de la tesis doctoral \u00ab<strong>Spatial structures and information processing in nonlinear optical cavities<\/strong>\u00ab<\/h3>\n<ul>\n<li><strong>T\u00edtulo de la tesis:<\/strong>\u00a0 Spatial structures and information processing in nonlinear optical cavities <\/li>\n<li><strong>Autor:<\/strong>\u00a0 Adrian Jacobo <\/li>\n<li><strong>Universidad:<\/strong>\u00a0 Illes balears<\/li>\n<li><strong>Fecha de lectura de la tesis:<\/strong>\u00a0 03\/04\/2009<\/li>\n<\/ul>\n<p>&nbsp;<\/p>\n<h3>Direcci\u00f3n y tribunal<\/h3>\n<ul>\n<li><strong>Director de la tesis<\/strong>\n<ul>\n<li>Pere Colet Rafecas<\/li>\n<\/ul>\n<\/li>\n<li><strong>Tribunal<\/strong>\n<ul>\n<li>Presidente del tribunal: pierre Glorieux <\/li>\n<li>alan r. Champneys (vocal)<\/li>\n<li>Luis Roso franco (vocal)<\/li>\n<li>cornelia Denz (vocal)<\/li>\n<\/ul>\n<\/li>\n<\/ul>\n<p>&nbsp;<\/p>\n","protected":false},"excerpt":{"rendered":"<p>Tesis doctoral de Adrian Jacobo En esta tesis se estudian diferentes aspectos del procesado de im\u00e1genes e informaci\u00f3n en cavidades [&hellip;]<\/p>\n","protected":false},"author":1,"featured_media":0,"comment_status":"open","ping_status":"open","sticky":false,"template":"","format":"standard","meta":{"site-sidebar-layout":"default","site-content-layout":"","ast-site-content-layout":"","site-content-style":"default","site-sidebar-style":"default","ast-global-header-display":"","ast-banner-title-visibility":"","ast-main-header-display":"","ast-hfb-above-header-display":"","ast-hfb-below-header-display":"","ast-hfb-mobile-header-display":"","site-post-title":"","ast-breadcrumbs-content":"","ast-featured-img":"","footer-sml-layout":"","theme-transparent-header-meta":"","adv-header-id-meta":"","stick-header-meta":"","header-above-stick-meta":"","header-main-stick-meta":"","header-below-stick-meta":"","astra-migrate-meta-layouts":"default","ast-page-background-enabled":"default","ast-page-background-meta":{"desktop":{"background-color":"var(--ast-global-color-4)","background-image":"","background-repeat":"repeat","background-position":"center center","background-size":"auto","background-attachment":"scroll","background-type":"","background-media":"","overlay-type":"","overlay-color":"","overlay-gradient":""},"tablet":{"background-color":"","background-image":"","background-repeat":"repeat","background-position":"center center","background-size":"auto","background-attachment":"scroll","background-type":"","background-media":"","overlay-type":"","overlay-color":"","overlay-gradient":""},"mobile":{"background-color":"","background-image":"","background-repeat":"repeat","background-position":"center center","background-size":"auto","background-attachment":"scroll","background-type":"","background-media":"","overlay-type":"","overlay-color":"","overlay-gradient":""}},"ast-content-background-meta":{"desktop":{"background-color":"var(--ast-global-color-5)","background-image":"","background-repeat":"repeat","background-position":"center center","background-size":"auto","background-attachment":"scroll","background-type":"","background-media":"","overlay-type":"","overlay-color":"","overlay-gradient":""},"tablet":{"background-color":"var(--ast-global-color-5)","background-image":"","background-repeat":"repeat","background-position":"center center","background-size":"auto","background-attachment":"scroll","background-type":"","background-media":"","overlay-type":"","overlay-color":"","overlay-gradient":""},"mobile":{"background-color":"var(--ast-global-color-5)","background-image":"","background-repeat":"repeat","background-position":"center center","background-size":"auto","background-attachment":"scroll","background-type":"","background-media":"","overlay-type":"","overlay-color":"","overlay-gradient":""}},"footnotes":""},"categories":[199,19034,12277,21130],"tags":[191725,191727,191728,12394,50443,191726],"class_list":["post-92735","post","type-post","status-publish","format-standard","hentry","category-fisica","category-illes-balears","category-optica-no-lineal","category-tratamiento-digital-de-imagenes","tag-adrian-jacobo","tag-alan-r-champneys","tag-cornelia-denz","tag-luis-roso-franco","tag-pere-colet-rafecas","tag-pierre-glorieux"],"_links":{"self":[{"href":"https:\/\/www.deberes.net\/tesis\/wp-json\/wp\/v2\/posts\/92735","targetHints":{"allow":["GET"]}}],"collection":[{"href":"https:\/\/www.deberes.net\/tesis\/wp-json\/wp\/v2\/posts"}],"about":[{"href":"https:\/\/www.deberes.net\/tesis\/wp-json\/wp\/v2\/types\/post"}],"author":[{"embeddable":true,"href":"https:\/\/www.deberes.net\/tesis\/wp-json\/wp\/v2\/users\/1"}],"replies":[{"embeddable":true,"href":"https:\/\/www.deberes.net\/tesis\/wp-json\/wp\/v2\/comments?post=92735"}],"version-history":[{"count":0,"href":"https:\/\/www.deberes.net\/tesis\/wp-json\/wp\/v2\/posts\/92735\/revisions"}],"wp:attachment":[{"href":"https:\/\/www.deberes.net\/tesis\/wp-json\/wp\/v2\/media?parent=92735"}],"wp:term":[{"taxonomy":"category","embeddable":true,"href":"https:\/\/www.deberes.net\/tesis\/wp-json\/wp\/v2\/categories?post=92735"},{"taxonomy":"post_tag","embeddable":true,"href":"https:\/\/www.deberes.net\/tesis\/wp-json\/wp\/v2\/tags?post=92735"}],"curies":[{"name":"wp","href":"https:\/\/api.w.org\/{rel}","templated":true}]}}