{"id":92753,"date":"2009-06-04T00:00:00","date_gmt":"2009-06-04T00:00:00","guid":{"rendered":"https:\/\/www.deberes.net\/tesis\/sin-categoria\/alergia-a-alimentos-de-origen-vegetal-en-pacientes-pola%c2%adnicos-del-area-mediterranea\/"},"modified":"2009-06-04T00:00:00","modified_gmt":"2009-06-04T00:00:00","slug":"alergia-a-alimentos-de-origen-vegetal-en-pacientes-pola%c2%adnicos-del-area-mediterranea","status":"publish","type":"post","link":"https:\/\/www.deberes.net\/tesis\/alergias\/alergia-a-alimentos-de-origen-vegetal-en-pacientes-pola%c2%adnicos-del-area-mediterranea\/","title":{"rendered":"Alergia a alimentos de origen vegetal en pacientes pol\u00ednicos del \u00e1rea mediterr\u00e1nea"},"content":{"rendered":"<h2>Tesis doctoral de <strong> Emilio Flores Pardo <\/strong><\/h2>\n<p>Los pacientes con alergia a p\u00f3lenes, con cierta frecuencia muestran reacciones adversas tras la ingesti\u00f3n de alimentos de origen vegetal. La primera descripci\u00f3n de esta relaci\u00f3n la encontramos en el a\u00f1o 1948, pero es durante est\u00e1s \u00faltimas d\u00e9cadas cuando est\u00e1 teniendo una especial atenci\u00f3n este tipo de alergias. Probablemente debido al marcado incremento de alergias, producidas por neumoalergenos durante este periodo. la polinosis en el \u00e1rea mediterranea es una enfermedad muy prevalente, que requiere un estudio detallado de sus caracter\u00edsticas y de la asociaci\u00f3n a reacciones adversas y sensibilizaci\u00f3n a los alimentos de origen vegetal. nos propusimos: &#8211; realizar un estudio  representativo del estudio de sensibilizaci\u00f3n a alimentos en pacientes polinicos tras un muestreo inicial en el \u00e1rea de elche. &#8211; estudiar las caracter\u00edsticas epidemiol\u00f3gicas de los pacientes de la muestra.Pacientes alergicos a p\u00f3lenes que poseen sensiblizaciones y alergia con alimentos vegetales.Alimentos m\u00e1s frecuentemente implicados como causa de alergia a alimentos. &#8211; demostrar que existe un patron diferenciado de reactividad cruzada en los sujetos con alergia a polen alegia a alimentos debido a las caracteristicas d la zona. lo hicimos: estudio  prospectivo observacional y descriptivo. nuestra hip\u00f3tesis plantear\u00e1 la existencia de posibles patrones de alergia a alimentos vegetales relacionados con el predominio de alergia a ciertos p\u00f3lenes y la b\u00fasqueda de un patr\u00f3n de sensibilizaci\u00f3n subyacente a alergenos el plan de trabajo se desarrollar\u00e1 seg\u00fan un procedimiento normalizado que evaluar\u00e1 a todos los pacientes admitidos en la consulta de alergia con motivo de polinosis para la clasificaci\u00f3n de los pacientes en los tres grupos de estudio. Incluyendo historia cl\u00ednca est\u00e1nadrizada, pruebas cut\u00e1neas estandar, rast, prick-prick y provocaci\u00f3n oral.  resultados obtenidos: el 39 % de los pacientes al\u00e9rgicos a polenes presenta un riesgo elevado de sufrir alergia a alimentaria,<\/p>\n<p>&nbsp;<\/p>\n<h3>Datos acad\u00e9micos de la tesis doctoral \u00ab<strong>Alergia a alimentos de origen vegetal en pacientes pol\u00ednicos del \u00e1rea mediterr\u00e1nea<\/strong>\u00ab<\/h3>\n<ul>\n<li><strong>T\u00edtulo de la tesis:<\/strong>\u00a0 Alergia a alimentos de origen vegetal en pacientes pol\u00ednicos del \u00e1rea mediterr\u00e1nea <\/li>\n<li><strong>Autor:<\/strong>\u00a0 Emilio Flores Pardo <\/li>\n<li><strong>Universidad:<\/strong>\u00a0 Miguel hern\u00e1ndez de elche<\/li>\n<li><strong>Fecha de lectura de la tesis:<\/strong>\u00a0 06\/04\/2009<\/li>\n<\/ul>\n<p>&nbsp;<\/p>\n<h3>Direcci\u00f3n y tribunal<\/h3>\n<ul>\n<li><strong>Director de la tesis<\/strong>\n<ul>\n<li>Francisco Javier Fern\u00e1ndez S\u00e1nchez<\/li>\n<\/ul>\n<\/li>\n<li><strong>Tribunal<\/strong>\n<ul>\n<li>Presidente del tribunal: Jorge Mart\u00ednez quesada <\/li>\n<li>joaqu\u00edn Uris selles (vocal)<\/li>\n<li>domingo Orozco beltran (vocal)<\/li>\n<li>angel Esteban rodriguez (vocal)<\/li>\n<\/ul>\n<\/li>\n<\/ul>\n<p>&nbsp;<\/p>\n","protected":false},"excerpt":{"rendered":"<p>Tesis doctoral de Emilio Flores Pardo Los pacientes con alergia a p\u00f3lenes, con cierta frecuencia muestran reacciones adversas tras la [&hellip;]<\/p>\n","protected":false},"author":1,"featured_media":0,"comment_status":"open","ping_status":"open","sticky":false,"template":"","format":"standard","meta":{"site-sidebar-layout":"default","site-content-layout":"","ast-site-content-layout":"","site-content-style":"default","site-sidebar-style":"default","ast-global-header-display":"","ast-banner-title-visibility":"","ast-main-header-display":"","ast-hfb-above-header-display":"","ast-hfb-below-header-display":"","ast-hfb-mobile-header-display":"","site-post-title":"","ast-breadcrumbs-content":"","ast-featured-img":"","footer-sml-layout":"","theme-transparent-header-meta":"","adv-header-id-meta":"","stick-header-meta":"","header-above-stick-meta":"","header-main-stick-meta":"","header-below-stick-meta":"","astra-migrate-meta-layouts":"default","ast-page-background-enabled":"default","ast-page-background-meta":{"desktop":{"background-color":"var(--ast-global-color-4)","background-image":"","background-repeat":"repeat","background-position":"center center","background-size":"auto","background-attachment":"scroll","background-type":"","background-media":"","overlay-type":"","overlay-color":"","overlay-gradient":""},"tablet":{"background-color":"","background-image":"","background-repeat":"repeat","background-position":"center center","background-size":"auto","background-attachment":"scroll","background-type":"","background-media":"","overlay-type":"","overlay-color":"","overlay-gradient":""},"mobile":{"background-color":"","background-image":"","background-repeat":"repeat","background-position":"center center","background-size":"auto","background-attachment":"scroll","background-type":"","background-media":"","overlay-type":"","overlay-color":"","overlay-gradient":""}},"ast-content-background-meta":{"desktop":{"background-color":"var(--ast-global-color-5)","background-image":"","background-repeat":"repeat","background-position":"center center","background-size":"auto","background-attachment":"scroll","background-type":"","background-media":"","overlay-type":"","overlay-color":"","overlay-gradient":""},"tablet":{"background-color":"var(--ast-global-color-5)","background-image":"","background-repeat":"repeat","background-position":"center center","background-size":"auto","background-attachment":"scroll","background-type":"","background-media":"","overlay-type":"","overlay-color":"","overlay-gradient":""},"mobile":{"background-color":"var(--ast-global-color-5)","background-image":"","background-repeat":"repeat","background-position":"center center","background-size":"auto","background-attachment":"scroll","background-type":"","background-media":"","overlay-type":"","overlay-color":"","overlay-gradient":""}},"footnotes":""},"categories":[1957,37169],"tags":[182538,48524,191758,63533,191759,29879],"class_list":["post-92753","post","type-post","status-publish","format-standard","hentry","category-alergias","category-miguel-hernandez-de-elche","tag-angel-esteban-rodriguez","tag-domingo-orozco-beltran","tag-emilio-flores-pardo","tag-francisco-javier-fernandez-sanchez","tag-joaquin-uris-selles","tag-jorge-Martinez-quesada"],"_links":{"self":[{"href":"https:\/\/www.deberes.net\/tesis\/wp-json\/wp\/v2\/posts\/92753","targetHints":{"allow":["GET"]}}],"collection":[{"href":"https:\/\/www.deberes.net\/tesis\/wp-json\/wp\/v2\/posts"}],"about":[{"href":"https:\/\/www.deberes.net\/tesis\/wp-json\/wp\/v2\/types\/post"}],"author":[{"embeddable":true,"href":"https:\/\/www.deberes.net\/tesis\/wp-json\/wp\/v2\/users\/1"}],"replies":[{"embeddable":true,"href":"https:\/\/www.deberes.net\/tesis\/wp-json\/wp\/v2\/comments?post=92753"}],"version-history":[{"count":0,"href":"https:\/\/www.deberes.net\/tesis\/wp-json\/wp\/v2\/posts\/92753\/revisions"}],"wp:attachment":[{"href":"https:\/\/www.deberes.net\/tesis\/wp-json\/wp\/v2\/media?parent=92753"}],"wp:term":[{"taxonomy":"category","embeddable":true,"href":"https:\/\/www.deberes.net\/tesis\/wp-json\/wp\/v2\/categories?post=92753"},{"taxonomy":"post_tag","embeddable":true,"href":"https:\/\/www.deberes.net\/tesis\/wp-json\/wp\/v2\/tags?post=92753"}],"curies":[{"name":"wp","href":"https:\/\/api.w.org\/{rel}","templated":true}]}}