{"id":92757,"date":"2009-07-04T00:00:00","date_gmt":"2009-07-04T00:00:00","guid":{"rendered":"https:\/\/www.deberes.net\/tesis\/sin-categoria\/prevalencia-de-la-fractura-vertebral-osteoporotica-y-factores-de-riesgo-asociados-en-mujeres-posmenopausicas-mayores-de-50-anos-en-la-ciudad-de-valencia\/"},"modified":"2009-07-04T00:00:00","modified_gmt":"2009-07-04T00:00:00","slug":"prevalencia-de-la-fractura-vertebral-osteoporotica-y-factores-de-riesgo-asociados-en-mujeres-posmenopausicas-mayores-de-50-anos-en-la-ciudad-de-valencia","status":"publish","type":"post","link":"https:\/\/www.deberes.net\/tesis\/ciencias-medicas\/prevalencia-de-la-fractura-vertebral-osteoporotica-y-factores-de-riesgo-asociados-en-mujeres-posmenopausicas-mayores-de-50-anos-en-la-ciudad-de-valencia\/","title":{"rendered":"PreValencia de la fractura vertebral osteopor\u00f3tica y factores de riesgo asociados en mujeres posmenopa\u00fasicas mayores de 50 a\u00f1os en la ciudad de Valencia"},"content":{"rendered":"<h2>Tesis doctoral de <strong> Mar\u00eda  Bego\u00f1a Reig Molla <\/strong><\/h2>\n<p>Objetivos.  estimar la preValencia de fractura vertebral, de la osteoporosis y de los factores de riesgo asociados en las mujeres posmenop\u00e1usicas mayores de 50 a\u00f1os en la ciudad de Valencia.    participantes y m\u00e9todos.  estudio transversal, descriptivo con componentes anal\u00edticos. Muestra poblacional estratificada por grupos de edad de mujeres posmenop\u00e1usicas mayores de 50 a\u00f1os residentes en la ciudad de Valencia obtenida por muestreo aleatorio del sistema de informaci\u00f3n poblacional. A las mujeres participantes se les realiz\u00f3 una encuesta estructurada mediante entrevista; una densitometr\u00eda de columna vertebral y de cadera, y una radiograf\u00eda lateral de columna dorsal centrada en d7 y columna lumbar en l2. La osteoporosis densitom\u00e9trica (od) se defini\u00f3 por criterios oms. La evaluaci\u00f3n radiol\u00f3gica de la presencia de fracturas vertebrales (fv) se realiz\u00f3 de acuerdo con el m\u00e9todo semicuantitativo de genant.   resultados.  de las 1.758 mujeres seleccionadas a las que se les invit\u00f3 a participar en el estudio por correo, se confirm\u00f3 la recepci\u00f3n de la carta en el 75,6% (1329), de estas s\u00f3lo el 6,9% no cumpl\u00edan los criterios de inclusi\u00f3n. La muestra final estudiada fue de 824 mujeres (46,87%). Las mujeres estudiadas ten\u00edan una edad media de 64 a\u00f1os con un rango de edad entre 50 y 87 a\u00f1os. La preValencia de fv se estim\u00f3 en 21,3% (17,74; 25,11), por grupos de edad fue de: 4,63% (0,64; 8,62) en el grupo de  50 a 54 a\u00f1os, 7,19% (3,08;11,30) en el grupo de  55 a 59 a\u00f1os, 11,98% (7,03; 16,92) en el grupo de 60 a 64 a\u00f1os, 14,55% (9,14; 19,95) en el grupo de  65 a 69 a\u00f1os, 24,48% (17,39; 31,56) en el grupo de  70 a 74 a\u00f1os, y de 46,27% (34,22; 58,32) en las mayores de 75 a\u00f1os. La preValencia de od de columna lumbar se estim\u00f3 en 26,95% (23,11; 30,79) y la de osteoporosis de cuello femoral en 15,11% (11,73; 18,49). La preValencia global fue 31,75% (27,80; 35,70).   conclusiones. la fractura vertebral y la osteoporosis densitom\u00e9trica presentan una alta preValencia en las mujeres posmenop\u00e1usicas Valencianas. Una de cada cinco mujeres presenta fractura vertebral y una de cada tres osteoporosis densitom\u00e9trica. Las variables asociadas a la fractura vertebral fueron la edad, la osteoporosis densitom\u00e9trica, el nivel educativo y la presencia de factores de alto riesgo de ca\u00eddas. Las variables asociadas a la presencia de osteoporosis en la densitometr\u00eda fueron la edad, el tener un \u00edndice de masa corporal por debajo de 19, la baja ingesta de calcio y el hipoestrogenismo.<\/p>\n<p>&nbsp;<\/p>\n<h3>Datos acad\u00e9micos de la tesis doctoral \u00ab<strong>PreValencia de la fractura vertebral osteopor\u00f3tica y factores de riesgo asociados en mujeres posmenopa\u00fasicas mayores de 50 a\u00f1os en la ciudad de Valencia<\/strong>\u00ab<\/h3>\n<ul>\n<li><strong>T\u00edtulo de la tesis:<\/strong>\u00a0 PreValencia de la fractura vertebral osteopor\u00f3tica y factores de riesgo asociados en mujeres posmenopa\u00fasicas mayores de 50 a\u00f1os en la ciudad de Valencia <\/li>\n<li><strong>Autor:<\/strong>\u00a0 Mar\u00eda  Bego\u00f1a Reig Molla <\/li>\n<li><strong>Universidad:<\/strong>\u00a0 Miguel hern\u00e1ndez de elche<\/li>\n<li><strong>Fecha de lectura de la tesis:<\/strong>\u00a0 07\/04\/2009<\/li>\n<\/ul>\n<p>&nbsp;<\/p>\n<h3>Direcci\u00f3n y tribunal<\/h3>\n<ul>\n<li><strong>Director de la tesis<\/strong>\n<ul>\n<li>Jose San Felix Genoves<\/li>\n<\/ul>\n<\/li>\n<li><strong>Tribunal<\/strong>\n<ul>\n<li>Presidente del tribunal: Jorge Navarro p\u00e9rez <\/li>\n<li>joan Quiles izquierdo (vocal)<\/li>\n<li>Jos\u00e9 Andr\u00e9s Roman  ivorra (vocal)<\/li>\n<li>Jos\u00e9 Carlos Rosas gomez de salazar (vocal)<\/li>\n<\/ul>\n<\/li>\n<\/ul>\n<p>&nbsp;<\/p>\n","protected":false},"excerpt":{"rendered":"<p>Tesis doctoral de Mar\u00eda Bego\u00f1a Reig Molla Objetivos. estimar la preValencia de fractura vertebral, de la osteoporosis y de los [&hellip;]<\/p>\n","protected":false},"author":1,"featured_media":0,"comment_status":"open","ping_status":"open","sticky":false,"template":"","format":"standard","meta":{"site-sidebar-layout":"default","site-content-layout":"","ast-site-content-layout":"","site-content-style":"default","site-sidebar-style":"default","ast-global-header-display":"","ast-banner-title-visibility":"","ast-main-header-display":"","ast-hfb-above-header-display":"","ast-hfb-below-header-display":"","ast-hfb-mobile-header-display":"","site-post-title":"","ast-breadcrumbs-content":"","ast-featured-img":"","footer-sml-layout":"","theme-transparent-header-meta":"","adv-header-id-meta":"","stick-header-meta":"","header-above-stick-meta":"","header-main-stick-meta":"","header-below-stick-meta":"","astra-migrate-meta-layouts":"default","ast-page-background-enabled":"default","ast-page-background-meta":{"desktop":{"background-color":"var(--ast-global-color-4)","background-image":"","background-repeat":"repeat","background-position":"center center","background-size":"auto","background-attachment":"scroll","background-type":"","background-media":"","overlay-type":"","overlay-color":"","overlay-gradient":""},"tablet":{"background-color":"","background-image":"","background-repeat":"repeat","background-position":"center center","background-size":"auto","background-attachment":"scroll","background-type":"","background-media":"","overlay-type":"","overlay-color":"","overlay-gradient":""},"mobile":{"background-color":"","background-image":"","background-repeat":"repeat","background-position":"center center","background-size":"auto","background-attachment":"scroll","background-type":"","background-media":"","overlay-type":"","overlay-color":"","overlay-gradient":""}},"ast-content-background-meta":{"desktop":{"background-color":"var(--ast-global-color-5)","background-image":"","background-repeat":"repeat","background-position":"center center","background-size":"auto","background-attachment":"scroll","background-type":"","background-media":"","overlay-type":"","overlay-color":"","overlay-gradient":""},"tablet":{"background-color":"var(--ast-global-color-5)","background-image":"","background-repeat":"repeat","background-position":"center center","background-size":"auto","background-attachment":"scroll","background-type":"","background-media":"","overlay-type":"","overlay-color":"","overlay-gradient":""},"mobile":{"background-color":"var(--ast-global-color-5)","background-image":"","background-repeat":"repeat","background-position":"center center","background-size":"auto","background-attachment":"scroll","background-type":"","background-media":"","overlay-type":"","overlay-color":"","overlay-gradient":""}},"footnotes":""},"categories":[155,9,1086,37169],"tags":[98893,42646,19443,174023,174600,191764],"class_list":["post-92757","post","type-post","status-publish","format-standard","hentry","category-ciencias-clinicas","category-ciencias-medicas","category-epidemiologia","category-miguel-hernandez-de-elche","tag-joan-quiles-izquierdo","tag-jorge-navarro-perez","tag-jose-andres-roman-ivorra","tag-jose-carlos-rosas-gomez-de-salazar","tag-jose-san-felix-genoves","tag-maria-begona-reig-molla"],"_links":{"self":[{"href":"https:\/\/www.deberes.net\/tesis\/wp-json\/wp\/v2\/posts\/92757","targetHints":{"allow":["GET"]}}],"collection":[{"href":"https:\/\/www.deberes.net\/tesis\/wp-json\/wp\/v2\/posts"}],"about":[{"href":"https:\/\/www.deberes.net\/tesis\/wp-json\/wp\/v2\/types\/post"}],"author":[{"embeddable":true,"href":"https:\/\/www.deberes.net\/tesis\/wp-json\/wp\/v2\/users\/1"}],"replies":[{"embeddable":true,"href":"https:\/\/www.deberes.net\/tesis\/wp-json\/wp\/v2\/comments?post=92757"}],"version-history":[{"count":0,"href":"https:\/\/www.deberes.net\/tesis\/wp-json\/wp\/v2\/posts\/92757\/revisions"}],"wp:attachment":[{"href":"https:\/\/www.deberes.net\/tesis\/wp-json\/wp\/v2\/media?parent=92757"}],"wp:term":[{"taxonomy":"category","embeddable":true,"href":"https:\/\/www.deberes.net\/tesis\/wp-json\/wp\/v2\/categories?post=92757"},{"taxonomy":"post_tag","embeddable":true,"href":"https:\/\/www.deberes.net\/tesis\/wp-json\/wp\/v2\/tags?post=92757"}],"curies":[{"name":"wp","href":"https:\/\/api.w.org\/{rel}","templated":true}]}}