{"id":92775,"date":"2018-03-11T10:11:53","date_gmt":"2018-03-11T10:11:53","guid":{"rendered":"https:\/\/www.deberes.net\/tesis\/sin-categoria\/la-audiencia-infantil-ante-los-contenidos-de-la-programacion-televisiva-en-espana-anos-2004-2006\/"},"modified":"2018-03-11T10:11:53","modified_gmt":"2018-03-11T10:11:53","slug":"la-audiencia-infantil-ante-los-contenidos-de-la-programacion-televisiva-en-espana-anos-2004-2006","status":"publish","type":"post","link":"https:\/\/www.deberes.net\/tesis\/television\/la-audiencia-infantil-ante-los-contenidos-de-la-programacion-televisiva-en-espana-anos-2004-2006\/","title":{"rendered":"La audiencia infantil ante los contenidos de la programaci\u00f3n televisiva en espa\u00f1a. a\u00f1os 2004-2006"},"content":{"rendered":"<h2>Tesis doctoral de <strong> Tamara V\u00e1zquez Barrio <\/strong><\/h2>\n<p>La tesis examina los h\u00e1bitos de consumo televisivo de la audiencia infantil, las pautas de programaci\u00f3n de las principales cadenas de televisi\u00f3n espa\u00f1olas, el contenido de la oferta televisiva dirigida a los ni\u00f1os y el de los programas que sin ser infantiles, aparec\u00edan en los listados de los espacios m\u00e1s vistos por el segmento de cuatro a doce a\u00f1os. El an\u00e1lisis de contenido aborda tres campos de estudio: las se\u00f1as de identidad de los productos, las caracter\u00edsticas de los protagonistas de la narraci\u00f3n y cuatro variables psicosociales que, desde las primeras investigaciones sobre la relaci\u00f3n de la televisi\u00f3n y la infancia, han preocupado especialmente a la comunidad cient\u00edfica y al p\u00fablico en genera: la violencia, el sexo y el erotismo, la discriminaci\u00f3n y el consumo de alcohol y drogas.<\/p>\n<p>&nbsp;<\/p>\n<h3>Datos acad\u00e9micos de la tesis doctoral \u00ab<strong>La audiencia infantil ante los contenidos de la programaci\u00f3n televisiva en espa\u00f1a. a\u00f1os 2004-2006<\/strong>\u00ab<\/h3>\n<ul>\n<li><strong>T\u00edtulo de la tesis:<\/strong>\u00a0 La audiencia infantil ante los contenidos de la programaci\u00f3n televisiva en espa\u00f1a. a\u00f1os 2004-2006 <\/li>\n<li><strong>Autor:<\/strong>\u00a0 Tamara V\u00e1zquez Barrio <\/li>\n<li><strong>Universidad:<\/strong>\u00a0 San pablo-ceu<\/li>\n<li><strong>Fecha de lectura de la tesis:<\/strong>\u00a0 15\/04\/2009<\/li>\n<\/ul>\n<p>&nbsp;<\/p>\n<h3>Direcci\u00f3n y tribunal<\/h3>\n<ul>\n<li><strong>Director de la tesis<\/strong>\n<ul>\n<li>Luis Nu\u00f1ez Ladeveze<\/li>\n<\/ul>\n<\/li>\n<li><strong>Tribunal<\/strong>\n<ul>\n<li>Presidente del tribunal: javier Fern\u00e1ndez del moral <\/li>\n<li>Jos\u00e9 ram\u00f3n P\u00e9rez ornia (vocal)<\/li>\n<li>salome Berrocal gonzalo (vocal)<\/li>\n<li>jackie Harrison (vocal)<\/li>\n<\/ul>\n<\/li>\n<\/ul>\n<p>&nbsp;<\/p>\n","protected":false},"excerpt":{"rendered":"<p>Tesis doctoral de Tamara V\u00e1zquez Barrio La tesis examina los h\u00e1bitos de consumo televisivo de la audiencia infantil, las pautas [&hellip;]<\/p>\n","protected":false},"author":1,"featured_media":0,"comment_status":"open","ping_status":"open","sticky":false,"template":"","format":"standard","meta":{"site-sidebar-layout":"default","site-content-layout":"","ast-site-content-layout":"","site-content-style":"default","site-sidebar-style":"default","ast-global-header-display":"","ast-banner-title-visibility":"","ast-main-header-display":"","ast-hfb-above-header-display":"","ast-hfb-below-header-display":"","ast-hfb-mobile-header-display":"","site-post-title":"","ast-breadcrumbs-content":"","ast-featured-img":"","footer-sml-layout":"","theme-transparent-header-meta":"","adv-header-id-meta":"","stick-header-meta":"","header-above-stick-meta":"","header-main-stick-meta":"","header-below-stick-meta":"","astra-migrate-meta-layouts":"default","ast-page-background-enabled":"default","ast-page-background-meta":{"desktop":{"background-color":"var(--ast-global-color-4)","background-image":"","background-repeat":"repeat","background-position":"center center","background-size":"auto","background-attachment":"scroll","background-type":"","background-media":"","overlay-type":"","overlay-color":"","overlay-gradient":""},"tablet":{"background-color":"","background-image":"","background-repeat":"repeat","background-position":"center center","background-size":"auto","background-attachment":"scroll","background-type":"","background-media":"","overlay-type":"","overlay-color":"","overlay-gradient":""},"mobile":{"background-color":"","background-image":"","background-repeat":"repeat","background-position":"center center","background-size":"auto","background-attachment":"scroll","background-type":"","background-media":"","overlay-type":"","overlay-color":"","overlay-gradient":""}},"ast-content-background-meta":{"desktop":{"background-color":"var(--ast-global-color-5)","background-image":"","background-repeat":"repeat","background-position":"center center","background-size":"auto","background-attachment":"scroll","background-type":"","background-media":"","overlay-type":"","overlay-color":"","overlay-gradient":""},"tablet":{"background-color":"var(--ast-global-color-5)","background-image":"","background-repeat":"repeat","background-position":"center center","background-size":"auto","background-attachment":"scroll","background-type":"","background-media":"","overlay-type":"","overlay-color":"","overlay-gradient":""},"mobile":{"background-color":"var(--ast-global-color-5)","background-image":"","background-repeat":"repeat","background-position":"center center","background-size":"auto","background-attachment":"scroll","background-type":"","background-media":"","overlay-type":"","overlay-color":"","overlay-gradient":""}},"footnotes":""},"categories":[13435,13434,39800,5052],"tags":[191794,13217,191793,5653,36303,191792],"class_list":["post-92775","post","type-post","status-publish","format-standard","hentry","category-emisores-de-television","category-receptores-de-television","category-san-pablo-ceu","category-television","tag-jackie-harrison","tag-javier-fernandez-del-moral","tag-jose-ramon-perez-ornia","tag-luis-nunez-ladeveze","tag-salome-berrocal-gonzalo","tag-tamara-vazquez-barrio"],"_links":{"self":[{"href":"https:\/\/www.deberes.net\/tesis\/wp-json\/wp\/v2\/posts\/92775","targetHints":{"allow":["GET"]}}],"collection":[{"href":"https:\/\/www.deberes.net\/tesis\/wp-json\/wp\/v2\/posts"}],"about":[{"href":"https:\/\/www.deberes.net\/tesis\/wp-json\/wp\/v2\/types\/post"}],"author":[{"embeddable":true,"href":"https:\/\/www.deberes.net\/tesis\/wp-json\/wp\/v2\/users\/1"}],"replies":[{"embeddable":true,"href":"https:\/\/www.deberes.net\/tesis\/wp-json\/wp\/v2\/comments?post=92775"}],"version-history":[{"count":0,"href":"https:\/\/www.deberes.net\/tesis\/wp-json\/wp\/v2\/posts\/92775\/revisions"}],"wp:attachment":[{"href":"https:\/\/www.deberes.net\/tesis\/wp-json\/wp\/v2\/media?parent=92775"}],"wp:term":[{"taxonomy":"category","embeddable":true,"href":"https:\/\/www.deberes.net\/tesis\/wp-json\/wp\/v2\/categories?post=92775"},{"taxonomy":"post_tag","embeddable":true,"href":"https:\/\/www.deberes.net\/tesis\/wp-json\/wp\/v2\/tags?post=92775"}],"curies":[{"name":"wp","href":"https:\/\/api.w.org\/{rel}","templated":true}]}}