{"id":92838,"date":"2018-03-11T10:11:59","date_gmt":"2018-03-11T10:11:59","guid":{"rendered":"https:\/\/www.deberes.net\/tesis\/sin-categoria\/la-comunicacion-de-los-sentimientos-a-traves-del-lenguaje-audiovisual\/"},"modified":"2018-03-11T10:11:59","modified_gmt":"2018-03-11T10:11:59","slug":"la-comunicacion-de-los-sentimientos-a-traves-del-lenguaje-audiovisual","status":"publish","type":"post","link":"https:\/\/www.deberes.net\/tesis\/psicologia\/la-comunicacion-de-los-sentimientos-a-traves-del-lenguaje-audiovisual\/","title":{"rendered":"La comunicaci\u00f3n de los sentimientos a trav\u00e9s del lenguaje audiovisual"},"content":{"rendered":"<h2>Tesis doctoral de <strong> Francisco Jos\u00e9 Mariano Romero <\/strong><\/h2>\n<p>La tesis la comunicaci\u00f3n de los sentimientos a trav\u00e9s del lenguaje audiovisual  tiene como tema central explorar las relaciones que se establecen entre las emociones y la memoria con la imagen audiovisual (cine y v\u00eddeo) en la etapa de la educaci\u00f3n infantil ( de tres a seis a\u00f1os de edad), tanto desde el punto de vista te\u00f3rico como experimental. Es una tesis arriesgada puesto que toca muchos campos de estudio ( psicolog\u00eda- de la emoci\u00f3n y de la memoria-, pedagog\u00eda, sociolog\u00eda, pol\u00edtica, antropolog\u00eda y medios de comunicaci\u00f3n social).  aparte del cuerpo te\u00f3rico el lector o lectora se encontrar\u00e1 con una serie de investigaciones que versan sobre el an\u00e1lisis de contenido de los videos de walt disney y la alianza disney -pixar, una investigaci\u00f3n experimental sobre la memoria a corto plazo con imagen fija y en movimiento y una longitudinal (durante tres a\u00f1os) sobre la memoria a largo plazo respecto a la imagen audiovisual en entornos escolares.  aunque la tesis no llega a resultados concluyentes (por la amplitud de las muestras), s\u00ed que estimamos que abre una l\u00ednea de investigaci\u00f3n fruct\u00edfera en relaci\u00f3n a la memoria, el v\u00eddeo y la emoci\u00f3n y las posibilidades de uso en entornos escolares, como as\u00ed lo demuestran los proyectos iniciados posteriormente dentro del programa etwinning de la uni\u00f3n europea.<\/p>\n<p>&nbsp;<\/p>\n<h3>Datos acad\u00e9micos de la tesis doctoral \u00ab<strong>La comunicaci\u00f3n de los sentimientos a trav\u00e9s del lenguaje audiovisual<\/strong>\u00ab<\/h3>\n<ul>\n<li><strong>T\u00edtulo de la tesis:<\/strong>\u00a0 La comunicaci\u00f3n de los sentimientos a trav\u00e9s del lenguaje audiovisual <\/li>\n<li><strong>Autor:<\/strong>\u00a0 Francisco Jos\u00e9 Mariano Romero <\/li>\n<li><strong>Universidad:<\/strong>\u00a0 Sevilla<\/li>\n<li><strong>Fecha de lectura de la tesis:<\/strong>\u00a0 17\/04\/2009<\/li>\n<\/ul>\n<p>&nbsp;<\/p>\n<h3>Direcci\u00f3n y tribunal<\/h3>\n<ul>\n<li><strong>Director de la tesis<\/strong>\n<ul>\n<li>Jes\u00fas Jimenez Segura<\/li>\n<\/ul>\n<\/li>\n<li><strong>Tribunal<\/strong>\n<ul>\n<li>Presidente del tribunal: pablo del Rio pereda <\/li>\n<li>pilar Mar\u00eda Dominguez toscano (vocal)<\/li>\n<li>Juan  de Pablos pons (vocal)<\/li>\n<li>isidro Moreno s\u00e1nchez (vocal)<\/li>\n<\/ul>\n<\/li>\n<\/ul>\n<p>&nbsp;<\/p>\n","protected":false},"excerpt":{"rendered":"<p>Tesis doctoral de Francisco Jos\u00e9 Mariano Romero La tesis la comunicaci\u00f3n de los sentimientos a trav\u00e9s del lenguaje audiovisual tiene [&hellip;]<\/p>\n","protected":false},"author":1,"featured_media":0,"comment_status":"open","ping_status":"open","sticky":false,"template":"","format":"standard","meta":{"site-sidebar-layout":"default","site-content-layout":"","ast-site-content-layout":"","site-content-style":"default","site-sidebar-style":"default","ast-global-header-display":"","ast-banner-title-visibility":"","ast-main-header-display":"","ast-hfb-above-header-display":"","ast-hfb-below-header-display":"","ast-hfb-mobile-header-display":"","site-post-title":"","ast-breadcrumbs-content":"","ast-featured-img":"","footer-sml-layout":"","theme-transparent-header-meta":"","adv-header-id-meta":"","stick-header-meta":"","header-above-stick-meta":"","header-main-stick-meta":"","header-below-stick-meta":"","astra-migrate-meta-layouts":"default","ast-page-background-enabled":"default","ast-page-background-meta":{"desktop":{"background-color":"var(--ast-global-color-4)","background-image":"","background-repeat":"repeat","background-position":"center center","background-size":"auto","background-attachment":"scroll","background-type":"","background-media":"","overlay-type":"","overlay-color":"","overlay-gradient":""},"tablet":{"background-color":"","background-image":"","background-repeat":"repeat","background-position":"center center","background-size":"auto","background-attachment":"scroll","background-type":"","background-media":"","overlay-type":"","overlay-color":"","overlay-gradient":""},"mobile":{"background-color":"","background-image":"","background-repeat":"repeat","background-position":"center center","background-size":"auto","background-attachment":"scroll","background-type":"","background-media":"","overlay-type":"","overlay-color":"","overlay-gradient":""}},"ast-content-background-meta":{"desktop":{"background-color":"var(--ast-global-color-5)","background-image":"","background-repeat":"repeat","background-position":"center center","background-size":"auto","background-attachment":"scroll","background-type":"","background-media":"","overlay-type":"","overlay-color":"","overlay-gradient":""},"tablet":{"background-color":"var(--ast-global-color-5)","background-image":"","background-repeat":"repeat","background-position":"center center","background-size":"auto","background-attachment":"scroll","background-type":"","background-media":"","overlay-type":"","overlay-color":"","overlay-gradient":""},"mobile":{"background-color":"var(--ast-global-color-5)","background-image":"","background-repeat":"repeat","background-position":"center center","background-size":"auto","background-attachment":"scroll","background-type":"","background-media":"","overlay-type":"","overlay-color":"","overlay-gradient":""}},"footnotes":""},"categories":[983,1141,324,10715,13715],"tags":[191908,55554,5802,133873,4924,182227],"class_list":["post-92838","post","type-post","status-publish","format-standard","hentry","category-antropologia-cultural","category-pedagogia","category-psicologia","category-sevilla","category-sociologia-de-los-medios-de-comunicacion-de-masas","tag-francisco-jose-mariano-romero","tag-isidro-moreno-sanchez","tag-jesus-jimenez-segura","tag-juan-de-pablos-pons","tag-pablo-del-rio-pereda","tag-pilar-maria-dominguez-toscano"],"_links":{"self":[{"href":"https:\/\/www.deberes.net\/tesis\/wp-json\/wp\/v2\/posts\/92838","targetHints":{"allow":["GET"]}}],"collection":[{"href":"https:\/\/www.deberes.net\/tesis\/wp-json\/wp\/v2\/posts"}],"about":[{"href":"https:\/\/www.deberes.net\/tesis\/wp-json\/wp\/v2\/types\/post"}],"author":[{"embeddable":true,"href":"https:\/\/www.deberes.net\/tesis\/wp-json\/wp\/v2\/users\/1"}],"replies":[{"embeddable":true,"href":"https:\/\/www.deberes.net\/tesis\/wp-json\/wp\/v2\/comments?post=92838"}],"version-history":[{"count":0,"href":"https:\/\/www.deberes.net\/tesis\/wp-json\/wp\/v2\/posts\/92838\/revisions"}],"wp:attachment":[{"href":"https:\/\/www.deberes.net\/tesis\/wp-json\/wp\/v2\/media?parent=92838"}],"wp:term":[{"taxonomy":"category","embeddable":true,"href":"https:\/\/www.deberes.net\/tesis\/wp-json\/wp\/v2\/categories?post=92838"},{"taxonomy":"post_tag","embeddable":true,"href":"https:\/\/www.deberes.net\/tesis\/wp-json\/wp\/v2\/tags?post=92838"}],"curies":[{"name":"wp","href":"https:\/\/api.w.org\/{rel}","templated":true}]}}