{"id":92897,"date":"2018-03-11T10:12:03","date_gmt":"2018-03-11T10:12:03","guid":{"rendered":"https:\/\/www.deberes.net\/tesis\/sin-categoria\/mas-alla-de-las-va%c2%adctimas-un-acercamiento-psicosocial-a-la-violencia-de-genero-desde-la-perspectiva-del-hombre-agresor\/"},"modified":"2018-03-11T10:12:03","modified_gmt":"2018-03-11T10:12:03","slug":"mas-alla-de-las-va%c2%adctimas-un-acercamiento-psicosocial-a-la-violencia-de-genero-desde-la-perspectiva-del-hombre-agresor","status":"publish","type":"post","link":"https:\/\/www.deberes.net\/tesis\/psicologia-clinica\/mas-alla-de-las-va%c2%adctimas-un-acercamiento-psicosocial-a-la-violencia-de-genero-desde-la-perspectiva-del-hombre-agresor\/","title":{"rendered":"M\u00e1s all\u00e1 de las v\u00edctimas. un acercamiento psicosocial a la violencia de g\u00e9nero desde la perspectiva del hombre agresor."},"content":{"rendered":"<h2>Tesis doctoral de <strong> Santiago Boira Sarto <\/strong><\/h2>\n<p>Esta tesis doctoral aborda la violencia de g\u00e9nero desde la perspectiva del maltratador. El marco te\u00f3rico desarrolla la violencia de g\u00e9nero como problema de investigaci\u00f3n a partir de los interrogantes que suscita la propia definici\u00f3n del t\u00e9rmino.  Se profundiza en las caracter\u00edsticas psicosociales de los hombres que ejercen esta violencia partiendo de una revisi\u00f3n bibliogr\u00e1fica de los principales aspectos tratados por los investigadores. Por \u00faltimo, se dedica un apartado a las estrategias de intervenci\u00f3n con los hombres, valorando su evoluci\u00f3n y tratando de actualizar los programas que en estos momentos est\u00e1n interviniendo en espa\u00f1a. A partir de un planteamiento metodol\u00f3gico cuantitativo y cualitativo, el estudio emp\u00edrico recoge y analiza la informaci\u00f3n de los hombres participantes en un dispositivo de intervenci\u00f3n con hombres maltratadores. En este caso, los participantes en el servicio espacio del instituto aragon\u00e9s de la mujer entre los a\u00f1os 1999 y 2006. El an\u00e1lisis desde la praxis parte de la percepci\u00f3n y desarrollo de las relaciones de violencia de los hombres que componen el grupo de estudio: la din\u00e1mica de la pareja, los roles y las estructuras patriarcales y la caracterizaci\u00f3n y din\u00e1mica del comportamiento agresivo. En segundo lugar, se describen las caracter\u00edsticas demogr\u00e1ficas, sociales y psicol\u00f3gicas de estos hombres y, en tercer lugar, se realiza un balance del programa espacio de intervenci\u00f3n psicol\u00f3gica con hombres maltratadores. Entre las conclusiones m\u00e1s importantes que se plantean en este trabajo destaca la imposibilidad de identificar un perfil inequ\u00edvoco de hombre maltratador y, por tanto, la imposibilidad de comprender la violencia en el entorno de la pareja \u00fanicamente desde un \u00fanico factor. La violencia dentro de la pareja se define aqu\u00ed como el conjunto de comportamientos dirigidos a mantener una estructura asim\u00e9trica en la relaci\u00f3n motivados por la percepci\u00f3n de disminuci\u00f3n de dominio, de p\u00e9rdida o de independencia por parte de la v\u00edctima. En este sentido, las estructuras disfuncionales de g\u00e9nero representan el \u00abmar de fondo\u00bb de las relaciones de violencia pero no logran explicarla en todos los casos. Por \u00faltimo la tesis finaliza con unas recomendaciones para la mejora de la investigaci\u00f3n y el tratamiento de los hombres que ejercen violencia dentro de la pareja.<\/p>\n<p>&nbsp;<\/p>\n<h3>Datos acad\u00e9micos de la tesis doctoral \u00ab<strong>M\u00e1s all\u00e1 de las v\u00edctimas. un acercamiento psicosocial a la violencia de g\u00e9nero desde la perspectiva del hombre agresor.<\/strong>\u00ab<\/h3>\n<ul>\n<li><strong>T\u00edtulo de la tesis:<\/strong>\u00a0 M\u00e1s all\u00e1 de las v\u00edctimas. un acercamiento psicosocial a la violencia de g\u00e9nero desde la perspectiva del hombre agresor. <\/li>\n<li><strong>Autor:<\/strong>\u00a0 Santiago Boira Sarto <\/li>\n<li><strong>Universidad:<\/strong>\u00a0 Zaragoza<\/li>\n<li><strong>Fecha de lectura de la tesis:<\/strong>\u00a0 21\/04\/2009<\/li>\n<\/ul>\n<p>&nbsp;<\/p>\n<h3>Direcci\u00f3n y tribunal<\/h3>\n<ul>\n<li><strong>Director de la tesis<\/strong>\n<ul>\n<li>Chaime Marcuello Servos<\/li>\n<\/ul>\n<\/li>\n<li><strong>Tribunal<\/strong>\n<ul>\n<li>Presidente del tribunal: manuel Calvo Garc\u00eda <\/li>\n<li>manel gaspar Da silva lisboa (vocal)<\/li>\n<li>Ana Garcia mina freire (vocal)<\/li>\n<li>Fernando D\u00edaz orueta (vocal)<\/li>\n<\/ul>\n<\/li>\n<\/ul>\n<p>&nbsp;<\/p>\n","protected":false},"excerpt":{"rendered":"<p>Tesis doctoral de Santiago Boira Sarto Esta tesis doctoral aborda la violencia de g\u00e9nero desde la perspectiva del maltratador. El [&hellip;]<\/p>\n","protected":false},"author":1,"featured_media":0,"comment_status":"open","ping_status":"open","sticky":false,"template":"","format":"standard","meta":{"site-sidebar-layout":"default","site-content-layout":"","ast-site-content-layout":"","site-content-style":"default","site-sidebar-style":"default","ast-global-header-display":"","ast-banner-title-visibility":"","ast-main-header-display":"","ast-hfb-above-header-display":"","ast-hfb-below-header-display":"","ast-hfb-mobile-header-display":"","site-post-title":"","ast-breadcrumbs-content":"","ast-featured-img":"","footer-sml-layout":"","theme-transparent-header-meta":"","adv-header-id-meta":"","stick-header-meta":"","header-above-stick-meta":"","header-main-stick-meta":"","header-below-stick-meta":"","astra-migrate-meta-layouts":"default","ast-page-background-enabled":"default","ast-page-background-meta":{"desktop":{"background-color":"var(--ast-global-color-4)","background-image":"","background-repeat":"repeat","background-position":"center center","background-size":"auto","background-attachment":"scroll","background-type":"","background-media":"","overlay-type":"","overlay-color":"","overlay-gradient":""},"tablet":{"background-color":"","background-image":"","background-repeat":"repeat","background-position":"center center","background-size":"auto","background-attachment":"scroll","background-type":"","background-media":"","overlay-type":"","overlay-color":"","overlay-gradient":""},"mobile":{"background-color":"","background-image":"","background-repeat":"repeat","background-position":"center center","background-size":"auto","background-attachment":"scroll","background-type":"","background-media":"","overlay-type":"","overlay-color":"","overlay-gradient":""}},"ast-content-background-meta":{"desktop":{"background-color":"var(--ast-global-color-5)","background-image":"","background-repeat":"repeat","background-position":"center center","background-size":"auto","background-attachment":"scroll","background-type":"","background-media":"","overlay-type":"","overlay-color":"","overlay-gradient":""},"tablet":{"background-color":"var(--ast-global-color-5)","background-image":"","background-repeat":"repeat","background-position":"center center","background-size":"auto","background-attachment":"scroll","background-type":"","background-media":"","overlay-type":"","overlay-color":"","overlay-gradient":""},"mobile":{"background-color":"var(--ast-global-color-5)","background-image":"","background-repeat":"repeat","background-position":"center center","background-size":"auto","background-attachment":"scroll","background-type":"","background-media":"","overlay-type":"","overlay-color":"","overlay-gradient":""}},"footnotes":""},"categories":[4264,6025,1295,487,13610],"tags":[99330,86956,57889,192018,82253,192017],"class_list":["post-92897","post","type-post","status-publish","format-standard","hentry","category-asesoramiento-y-orientacion-psicologicas","category-estudio-psicologico-de-cuestiones-sociales","category-problemas-y-conflictos-sociales","category-psicologia-clinica","category-zaragoza","tag-ana-garcia-mina-freire","tag-chaime-marcuello-servos","tag-fernando-diaz-orueta","tag-manel-gaspar-da-silva-lisboa","tag-manuel-calvo-garcia","tag-santiago-boira-sarto"],"_links":{"self":[{"href":"https:\/\/www.deberes.net\/tesis\/wp-json\/wp\/v2\/posts\/92897","targetHints":{"allow":["GET"]}}],"collection":[{"href":"https:\/\/www.deberes.net\/tesis\/wp-json\/wp\/v2\/posts"}],"about":[{"href":"https:\/\/www.deberes.net\/tesis\/wp-json\/wp\/v2\/types\/post"}],"author":[{"embeddable":true,"href":"https:\/\/www.deberes.net\/tesis\/wp-json\/wp\/v2\/users\/1"}],"replies":[{"embeddable":true,"href":"https:\/\/www.deberes.net\/tesis\/wp-json\/wp\/v2\/comments?post=92897"}],"version-history":[{"count":0,"href":"https:\/\/www.deberes.net\/tesis\/wp-json\/wp\/v2\/posts\/92897\/revisions"}],"wp:attachment":[{"href":"https:\/\/www.deberes.net\/tesis\/wp-json\/wp\/v2\/media?parent=92897"}],"wp:term":[{"taxonomy":"category","embeddable":true,"href":"https:\/\/www.deberes.net\/tesis\/wp-json\/wp\/v2\/categories?post=92897"},{"taxonomy":"post_tag","embeddable":true,"href":"https:\/\/www.deberes.net\/tesis\/wp-json\/wp\/v2\/tags?post=92897"}],"curies":[{"name":"wp","href":"https:\/\/api.w.org\/{rel}","templated":true}]}}