{"id":92899,"date":"2018-03-11T10:12:03","date_gmt":"2018-03-11T10:12:03","guid":{"rendered":"https:\/\/www.deberes.net\/tesis\/sin-categoria\/optimizacion-de-la-tecnologa%c2%ada-fotovoltaica-de-concentracion-euclides\/"},"modified":"2018-03-11T10:12:03","modified_gmt":"2018-03-11T10:12:03","slug":"optimizacion-de-la-tecnologa%c2%ada-fotovoltaica-de-concentracion-euclides","status":"publish","type":"post","link":"https:\/\/www.deberes.net\/tesis\/ingenieria-y-tecnologia-electricas\/optimizacion-de-la-tecnologa%c2%ada-fotovoltaica-de-concentracion-euclides\/","title":{"rendered":"Optimizaci\u00f3n de la tecnolog\u00eda fotovoltaica de concentraci\u00f3n euclides"},"content":{"rendered":"<h2>Tesis doctoral de <strong> Marta Vivar Garcia <\/strong><\/h2>\n<p>El tema de investigaci\u00f3n de la tesis doctoral se centra en los sistemas fotovoltaicos de baja y media concentraci\u00f3n que utilizan c\u00e9lulas de silicio, en concreto en la optimizaci\u00f3n de la tecnolog\u00eda de concentraci\u00f3n euclides. Este concentrador, desarrollado desde el a\u00f1o 1995, es del tipo cil\u00edndrico-parab\u00f3lico horizontal, est\u00e1 orientado norte-sur con un sistema de seguimiento de un solo eje; y utiliza c\u00e9lulas de silicio a baja concentraci\u00f3n refrigeradas mediante disipaci\u00f3n pasiva.  \ten el marco del proyecto europeo ideoconte, se ha desarrollado una nueva generaci\u00f3n de  sistemas euclides con los objetivos generales de revisar y solucionar los problemas y fallos encontrados en los prototipos anteriores: el prototipo de Madrid y la planta euclides-thermie de tenerife, en su momento la mayor del mundo; as\u00ed como de pre-industrializar y consolidar aquellos elementos que han mostrado un funcionamiento correcto.   \tde esta forma, durante el trabajo de investigaci\u00f3n la actividad ha estado centrada fundamentalmente en el encapsulado de las c\u00e9lulas, la fiabilidad de los componentes del sistema y  la valoraci\u00f3n sistem\u00e1tica de resultados en operaci\u00f3n, con el fin de poner esta tecnolog\u00eda a las puertas de la industrializaci\u00f3n y la comercializaci\u00f3n si fuera el caso.  \tde forma espec\u00edfica, se han realizado las siguientes tareas:   \tse han analizado los problemas y puntos cr\u00edticos de cada uno de los componentes, redise\u00f1ando y fabricando todos los elementos clave necesarios del sistema euclides para los dos niveles de concentraci\u00f3n desarrollados, 20x y 40x: espejos, disipadores y receptores.   \tse han realizado ensayos de fiabilidad de todos los componentes utilizando la norma iec62108, haciendo especial \u00e9nfasis en el receptor, sin duda alguna el elemento m\u00e1s complejo de un sistema de concentraci\u00f3n.    \ta ra\u00edz de los resultados obtenidos tras los ensayos de fiabilidad, se han propuesto soluciones alternativas para el encapsulado de c\u00e9lulas de concentraci\u00f3n de gran \u00e1rea.   \tse han fabricado e instalado tres sistemas de 2kwp cada uno en stuttgart (alemania), ferrara (italia) y Madrid (espa\u00f1a) y se ha procedido a su caracterizaci\u00f3n y monitorizaci\u00f3n en funcionamiento.  \ttras la monitorizaci\u00f3n y seguimiento de la producci\u00f3n de energ\u00eda el\u00e9ctrica del concentrador euclides iii en los tres lugares de prueba, se ha observado que el sistema queda por debajo de los paneles planos convencionales en cuanto a eficiencia. Una de las principales causas es la utilizaci\u00f3n de c\u00e9lulas solares con una eficiencia media de un 18%. Esta eficiencia, al trasladarse al sistema completo de concentraci\u00f3n, e incluyendo las p\u00e9rdidas totales del mismo, llega a transformarse en un 10%.  \tllegados a este punto se plante\u00f3 la siguiente pregunta: \u00c2\u00bfc\u00f3mo mejorar el sistema para aumentar la eficiencia del mismo y que pueda ser competitivo con los sistemas fotovoltaicos de m\u00f3dulo plano? Para tratar de buscar respuestas a esta pregunta, se ha realizado un primer an\u00e1lisis de costes para tratar de estimar cu\u00e1l es el coste por watio-pico del sistema, y tratar de analizar qu\u00e9 elementos son susceptibles de reducir su precio. En general, el resultado de este estudio es que el sistema es a\u00fan caro seg\u00fan las condiciones actuales del mercado fotovoltaico, por lo que habr\u00eda que mejorar el sistema, disminuyendo su coste o aumentando su eficiencia como ya se hab\u00eda apuntado anteriormente.  \tuna de las posibles soluciones implementadas para mejorar la eficiencia de los sistemas de baja y media concentraci\u00f3n es el uso de sistemas combinados termo-fotovoltaicos, es decir, sistemas que utilizan refrigeraci\u00f3n activa para enfriar las c\u00e9lulas y que utilizan el calor producido en aplicaciones dom\u00e9sticas. Se ha analizado el caso de un sistema similar al euclides que emplea el calor que se extrae de las c\u00e9lulas para generar agua caliente, el concentrador chaps (combined heat and power system), de la australian national university (anu).   \tpor otro lado, durante el desarrollo de la investigaci\u00f3n se han encontrado otros temas  de investigaci\u00f3n interesantes que tambi\u00e9n se han estudiado en paralelo, como es el efecto de la suciedad en los concentradores en comparaci\u00f3n con los paneles planos convencionales. Los primeros resultados apuntan a que la suciedad afecta m\u00e1s a los concentradores que a los m\u00f3dulos planos, pero deber\u00edan realizarse m\u00e1s experimentos. Otro resultado interesante que se presenta en esta tesis ha sido el dise\u00f1o y desarrollo de un receptor para discos parab\u00f3licos con una disposici\u00f3n radial de las c\u00e9lulas para disminuir las p\u00e9rdidas por los efectos del desajuste \u00f3ptico. Este trabajo ha dado lugar a la presentaci\u00f3n de una patente que est\u00e1 en proceso y  cuya tecnolog\u00eda se transferir\u00e1 a una empresa interesada para la que ya se ha desarrollado un primer prototipo.<\/p>\n<p>&nbsp;<\/p>\n<h3>Datos acad\u00e9micos de la tesis doctoral \u00ab<strong>Optimizaci\u00f3n de la tecnolog\u00eda fotovoltaica de concentraci\u00f3n euclides<\/strong>\u00ab<\/h3>\n<ul>\n<li><strong>T\u00edtulo de la tesis:<\/strong>\u00a0 Optimizaci\u00f3n de la tecnolog\u00eda fotovoltaica de concentraci\u00f3n euclides <\/li>\n<li><strong>Autor:<\/strong>\u00a0 Marta Vivar Garcia <\/li>\n<li><strong>Universidad:<\/strong>\u00a0 Polit\u00e9cnica de Madrid<\/li>\n<li><strong>Fecha de lectura de la tesis:<\/strong>\u00a0 21\/04\/2009<\/li>\n<\/ul>\n<p>&nbsp;<\/p>\n<h3>Direcci\u00f3n y tribunal<\/h3>\n<ul>\n<li><strong>Director de la tesis<\/strong>\n<ul>\n<li>Gabriel Sala Pano<\/li>\n<\/ul>\n<\/li>\n<li><strong>Tribunal<\/strong>\n<ul>\n<li>Presidente del tribunal: gabino Almonacid puche <\/li>\n<li>carmen Morilla padial (vocal)<\/li>\n<li>tim Bruton (vocal)<\/li>\n<li>pedro Antonio Banda rueda (vocal)<\/li>\n<\/ul>\n<\/li>\n<\/ul>\n<p>&nbsp;<\/p>\n","protected":false},"excerpt":{"rendered":"<p>Tesis doctoral de Marta Vivar Garcia El tema de investigaci\u00f3n de la tesis doctoral se centra en los sistemas fotovoltaicos [&hellip;]<\/p>\n","protected":false},"author":1,"featured_media":0,"comment_status":"open","ping_status":"open","sticky":false,"template":"","format":"standard","meta":{"site-sidebar-layout":"default","site-content-layout":"","ast-site-content-layout":"","site-content-style":"default","site-sidebar-style":"default","ast-global-header-display":"","ast-banner-title-visibility":"","ast-main-header-display":"","ast-hfb-above-header-display":"","ast-hfb-below-header-display":"","ast-hfb-mobile-header-display":"","site-post-title":"","ast-breadcrumbs-content":"","ast-featured-img":"","footer-sml-layout":"","theme-transparent-header-meta":"","adv-header-id-meta":"","stick-header-meta":"","header-above-stick-meta":"","header-main-stick-meta":"","header-below-stick-meta":"","astra-migrate-meta-layouts":"default","ast-page-background-enabled":"default","ast-page-background-meta":{"desktop":{"background-color":"var(--ast-global-color-4)","background-image":"","background-repeat":"repeat","background-position":"center center","background-size":"auto","background-attachment":"scroll","background-type":"","background-media":"","overlay-type":"","overlay-color":"","overlay-gradient":""},"tablet":{"background-color":"","background-image":"","background-repeat":"repeat","background-position":"center center","background-size":"auto","background-attachment":"scroll","background-type":"","background-media":"","overlay-type":"","overlay-color":"","overlay-gradient":""},"mobile":{"background-color":"","background-image":"","background-repeat":"repeat","background-position":"center center","background-size":"auto","background-attachment":"scroll","background-type":"","background-media":"","overlay-type":"","overlay-color":"","overlay-gradient":""}},"ast-content-background-meta":{"desktop":{"background-color":"var(--ast-global-color-5)","background-image":"","background-repeat":"repeat","background-position":"center center","background-size":"auto","background-attachment":"scroll","background-type":"","background-media":"","overlay-type":"","overlay-color":"","overlay-gradient":""},"tablet":{"background-color":"var(--ast-global-color-5)","background-image":"","background-repeat":"repeat","background-position":"center center","background-size":"auto","background-attachment":"scroll","background-type":"","background-media":"","overlay-type":"","overlay-color":"","overlay-gradient":""},"mobile":{"background-color":"var(--ast-global-color-5)","background-image":"","background-repeat":"repeat","background-position":"center center","background-size":"auto","background-attachment":"scroll","background-type":"","background-media":"","overlay-type":"","overlay-color":"","overlay-gradient":""}},"footnotes":""},"categories":[16122,8096,16008],"tags":[192023,16286,16125,192022,192025,192024],"class_list":["post-92899","post","type-post","status-publish","format-standard","hentry","category-energia-solar","category-ingenieria-y-tecnologia-electricas","category-politecnica-de-madrid","tag-carmen-morilla-padial","tag-gabino-almonacid-puche","tag-gabriel-sala-pano","tag-marta-vivar-garcia","tag-pedro-antonio-banda-rueda","tag-tim-bruton"],"_links":{"self":[{"href":"https:\/\/www.deberes.net\/tesis\/wp-json\/wp\/v2\/posts\/92899","targetHints":{"allow":["GET"]}}],"collection":[{"href":"https:\/\/www.deberes.net\/tesis\/wp-json\/wp\/v2\/posts"}],"about":[{"href":"https:\/\/www.deberes.net\/tesis\/wp-json\/wp\/v2\/types\/post"}],"author":[{"embeddable":true,"href":"https:\/\/www.deberes.net\/tesis\/wp-json\/wp\/v2\/users\/1"}],"replies":[{"embeddable":true,"href":"https:\/\/www.deberes.net\/tesis\/wp-json\/wp\/v2\/comments?post=92899"}],"version-history":[{"count":0,"href":"https:\/\/www.deberes.net\/tesis\/wp-json\/wp\/v2\/posts\/92899\/revisions"}],"wp:attachment":[{"href":"https:\/\/www.deberes.net\/tesis\/wp-json\/wp\/v2\/media?parent=92899"}],"wp:term":[{"taxonomy":"category","embeddable":true,"href":"https:\/\/www.deberes.net\/tesis\/wp-json\/wp\/v2\/categories?post=92899"},{"taxonomy":"post_tag","embeddable":true,"href":"https:\/\/www.deberes.net\/tesis\/wp-json\/wp\/v2\/tags?post=92899"}],"curies":[{"name":"wp","href":"https:\/\/api.w.org\/{rel}","templated":true}]}}