{"id":92901,"date":"2018-03-11T10:12:03","date_gmt":"2018-03-11T10:12:03","guid":{"rendered":"https:\/\/www.deberes.net\/tesis\/sin-categoria\/la-orden-de-san-francisco-en-la-sociedad-colonial-cubana-1531-1842\/"},"modified":"2018-03-11T10:12:03","modified_gmt":"2018-03-11T10:12:03","slug":"la-orden-de-san-francisco-en-la-sociedad-colonial-cubana-1531-1842","status":"publish","type":"post","link":"https:\/\/www.deberes.net\/tesis\/historia-de-paises\/la-orden-de-san-francisco-en-la-sociedad-colonial-cubana-1531-1842\/","title":{"rendered":"La orden de san francisco en la sociedad colonial cubana (1531-1842)"},"content":{"rendered":"<h2>Tesis doctoral de <strong> Arelis Rivero Cabrera <\/strong><\/h2>\n<p>Fueron los frailes de san francisco los primeros que se establecieron en cuba, los que fundaron la red conventual m\u00e1s extensa, realmente la \u00fanica, de la colonia y quienes constituyeron la mayor comunidad religiosa de la isla. En proporci\u00f3n, la acci\u00f3n de los frailes menores en las distintas esferas de la sociedad insular no fue menos relevante. Un estudio monogr\u00e1fico sobre la presencia franciscana, enfocado al an\u00e1lisis sistem\u00e1tico de los mecanismos que posibilitaron el arraigo de la orden en la sociedad colonial insular promet\u00eda una tarea dif\u00edcil; pero la inmensa laguna historiogr\u00e1fica y el entusiasmo personal llevaron a asumir los riesgos de esta investigaci\u00f3n. As\u00ed, en s\u00edntesis, la tesis doctoral la orden de san francisco en la sociedad colonial cubana (1531-1842) pretende responder, a cinco preguntas con la intenci\u00f3n de captar en su m\u00e1s amplia dimensi\u00f3n el papel desempe\u00f1ado por los franciscanos en el pasado colonial de la mayor de las antillas. \u00c2\u00bfpor qu\u00e9 fue la orden franciscana la que lleg\u00f3 a tener m\u00e1s conventos en cuba? \u00c2\u00bfpor qu\u00e9 constituy\u00f3 la comunidad  m\u00e1s numerosa y hasta qu\u00e9 punto fue en este aspecto superior a otras \u00f3rdenes? \u00c2\u00bfpor qu\u00e9 a pesar de tantas dificultades la presencia ser\u00e1fica en la isla se mantuvo constante durante m\u00e1s de tres centurias? \u00c2\u00bfa trav\u00e9s de qu\u00e9 mecanismos los frailes interactuaron con el siglo? Y al final \u00c2\u00bfpor qu\u00e9 y c\u00f3mo se produjo el desmontaje de todo cuanto se hab\u00eda construido?<\/p>\n<p>&nbsp;<\/p>\n<h3>Datos acad\u00e9micos de la tesis doctoral \u00ab<strong>La orden de san francisco en la sociedad colonial cubana (1531-1842)<\/strong>\u00ab<\/h3>\n<ul>\n<li><strong>T\u00edtulo de la tesis:<\/strong>\u00a0 La orden de san francisco en la sociedad colonial cubana (1531-1842) <\/li>\n<li><strong>Autor:<\/strong>\u00a0 Arelis Rivero Cabrera <\/li>\n<li><strong>Universidad:<\/strong>\u00a0 Zaragoza<\/li>\n<li><strong>Fecha de lectura de la tesis:<\/strong>\u00a0 21\/04\/2009<\/li>\n<\/ul>\n<p>&nbsp;<\/p>\n<h3>Direcci\u00f3n y tribunal<\/h3>\n<ul>\n<li><strong>Director de la tesis<\/strong>\n<ul>\n<li>Jos\u00e9 Antonio Armillas Vicente<\/li>\n<\/ul>\n<\/li>\n<li><strong>Tribunal<\/strong>\n<ul>\n<li>Presidente del tribunal: alberto De la hera p\u00e9rez cuesta <\/li>\n<li>Jos\u00e9 Luis Mora m\u00e9rida (vocal)<\/li>\n<li>magdalena de pazzis Pi corrales (vocal)<\/li>\n<li>Juan  bosco Amores carredano (vocal)<\/li>\n<\/ul>\n<\/li>\n<\/ul>\n<p>&nbsp;<\/p>\n","protected":false},"excerpt":{"rendered":"<p>Tesis doctoral de Arelis Rivero Cabrera Fueron los frailes de san francisco los primeros que se establecieron en cuba, los [&hellip;]<\/p>\n","protected":false},"author":1,"featured_media":0,"comment_status":"open","ping_status":"open","sticky":false,"template":"","format":"standard","meta":{"site-sidebar-layout":"default","site-content-layout":"","ast-site-content-layout":"","site-content-style":"default","site-sidebar-style":"default","ast-global-header-display":"","ast-banner-title-visibility":"","ast-main-header-display":"","ast-hfb-above-header-display":"","ast-hfb-below-header-display":"","ast-hfb-mobile-header-display":"","site-post-title":"","ast-breadcrumbs-content":"","ast-featured-img":"","footer-sml-layout":"","theme-transparent-header-meta":"","adv-header-id-meta":"","stick-header-meta":"","header-above-stick-meta":"","header-main-stick-meta":"","header-below-stick-meta":"","astra-migrate-meta-layouts":"default","ast-page-background-enabled":"default","ast-page-background-meta":{"desktop":{"background-color":"var(--ast-global-color-4)","background-image":"","background-repeat":"repeat","background-position":"center center","background-size":"auto","background-attachment":"scroll","background-type":"","background-media":"","overlay-type":"","overlay-color":"","overlay-gradient":""},"tablet":{"background-color":"","background-image":"","background-repeat":"repeat","background-position":"center center","background-size":"auto","background-attachment":"scroll","background-type":"","background-media":"","overlay-type":"","overlay-color":"","overlay-gradient":""},"mobile":{"background-color":"","background-image":"","background-repeat":"repeat","background-position":"center center","background-size":"auto","background-attachment":"scroll","background-type":"","background-media":"","overlay-type":"","overlay-color":"","overlay-gradient":""}},"ast-content-background-meta":{"desktop":{"background-color":"var(--ast-global-color-5)","background-image":"","background-repeat":"repeat","background-position":"center center","background-size":"auto","background-attachment":"scroll","background-type":"","background-media":"","overlay-type":"","overlay-color":"","overlay-gradient":""},"tablet":{"background-color":"var(--ast-global-color-5)","background-image":"","background-repeat":"repeat","background-position":"center center","background-size":"auto","background-attachment":"scroll","background-type":"","background-media":"","overlay-type":"","overlay-color":"","overlay-gradient":""},"mobile":{"background-color":"var(--ast-global-color-5)","background-image":"","background-repeat":"repeat","background-position":"center center","background-size":"auto","background-attachment":"scroll","background-type":"","background-media":"","overlay-type":"","overlay-color":"","overlay-gradient":""}},"footnotes":""},"categories":[3967,639,6480,13610],"tags":[45590,192027,4941,11073,59217,192028],"class_list":["post-92901","post","type-post","status-publish","format-standard","hentry","category-historia-de-la-iglesia","category-historia-de-paises","category-historia-social-y-cultural-de-america","category-zaragoza","tag-alberto-de-la-hera-perez-cuesta","tag-arelis-rivero-cabrera","tag-jose-antonio-armillas-vicente","tag-jose-luis-mora-merida","tag-juan-bosco-amores-carredano","tag-magdalena-de-pazzis-pi-corrales"],"_links":{"self":[{"href":"https:\/\/www.deberes.net\/tesis\/wp-json\/wp\/v2\/posts\/92901","targetHints":{"allow":["GET"]}}],"collection":[{"href":"https:\/\/www.deberes.net\/tesis\/wp-json\/wp\/v2\/posts"}],"about":[{"href":"https:\/\/www.deberes.net\/tesis\/wp-json\/wp\/v2\/types\/post"}],"author":[{"embeddable":true,"href":"https:\/\/www.deberes.net\/tesis\/wp-json\/wp\/v2\/users\/1"}],"replies":[{"embeddable":true,"href":"https:\/\/www.deberes.net\/tesis\/wp-json\/wp\/v2\/comments?post=92901"}],"version-history":[{"count":0,"href":"https:\/\/www.deberes.net\/tesis\/wp-json\/wp\/v2\/posts\/92901\/revisions"}],"wp:attachment":[{"href":"https:\/\/www.deberes.net\/tesis\/wp-json\/wp\/v2\/media?parent=92901"}],"wp:term":[{"taxonomy":"category","embeddable":true,"href":"https:\/\/www.deberes.net\/tesis\/wp-json\/wp\/v2\/categories?post=92901"},{"taxonomy":"post_tag","embeddable":true,"href":"https:\/\/www.deberes.net\/tesis\/wp-json\/wp\/v2\/tags?post=92901"}],"curies":[{"name":"wp","href":"https:\/\/api.w.org\/{rel}","templated":true}]}}