{"id":93052,"date":"2018-03-11T10:12:18","date_gmt":"2018-03-11T10:12:18","guid":{"rendered":"https:\/\/www.deberes.net\/tesis\/sin-categoria\/el-paisaje-como-patrimonio-rural-propuesta-de-una-sistematica-integrada-para-el-analisis-de-los-paisajes-valencianos\/"},"modified":"2018-03-11T10:12:18","modified_gmt":"2018-03-11T10:12:18","slug":"el-paisaje-como-patrimonio-rural-propuesta-de-una-sistematica-integrada-para-el-analisis-de-los-paisajes-valencianos","status":"publish","type":"post","link":"https:\/\/www.deberes.net\/tesis\/geografia-regional\/el-paisaje-como-patrimonio-rural-propuesta-de-una-sistematica-integrada-para-el-analisis-de-los-paisajes-valencianos\/","title":{"rendered":"El paisaje como patrimonio rural. propuesta de una sistem\u00e1tica integrada para el an\u00e1lisis de los paisajes Valencianos"},"content":{"rendered":"<h2>Tesis doctoral de <strong> Emilio Iranzo Garc\u00eda <\/strong><\/h2>\n<p>El proyecto de tesis doctoral \u00abel paisaje como patrimonio rural. Propuesta de una sistem\u00e1tica integrada para el an\u00e1lisis de los paisajes Valencianos\u00bb se plantea como un ejercicio de an\u00e1lisis de los paisajes regionales Valencianos y el estudio en profundidad de uno de ellos, a partir del dise\u00f1o de una metodolog\u00eda gen\u00e9rica para el estudio del paisaje. el tratamiento territorial del concepto paisaje, que emana del convenio europeo del paisaje y que recoge la ley 4\/2004 de la generalitat Valenciana de ordenaci\u00f3n del territorio y protecci\u00f3n del paisaje, nos han instado a plantear una sistem\u00e1tica fundamentada en la identificaci\u00f3n, clasificaci\u00f3n, caracterizaci\u00f3n, evaluaci\u00f3n y dise\u00f1o de medidas de actuaci\u00f3n, que utilizando una infraestructura de datos espaciales gestionada por un sig, permite su aplicaci\u00f3n en ejercicios de planificaci\u00f3n a diferentes escalas territoriales. asimismo, la tesis efect\u00faa un ejercicio de clasificaci\u00f3n jer\u00e1rquica del paisaje, a partir de los elementos estructurantes y procesos tanto naturales como patrimoniales, distinguiendo 5 niveles territoriales: \u00e1reas funcionales, \u00e1mbitos paisaj\u00edsticos, paisajes tipo, \u00e1reas paisaj\u00edsticas y unidades de inventario. el \u00e1mbito paisaj\u00edstico seleccionado como \u00e1rea piloto para la aplicaci\u00f3n de la sistem\u00e1tica, se presenta como un paisaje de relieves tabulares, fosas interiores y muelas ib\u00e9ricas. \u00e9ste ha sido denominado valle de cofrentes-ayora y bajo cabriel, el cual forma parte del \u00e1rea funcional de requena. La elecci\u00f3n del \u00e1rea de estudio guarda relaci\u00f3n con su car\u00e1cter eminentemente rural y por su localizaci\u00f3n lim\u00edtrofe con con otra comunidad aut\u00f3noma, condici\u00f3n esencial para reforzar que el estudio y las pol\u00edticas de planificaci\u00f3n y gesti\u00f3n del paisaje debe superar los l\u00edmites administrativos. en definitiva, la tesis defiende que, por su car\u00e1cter y por su esencia el paisaje es un patrimonio geogr\u00e1fico de todos los Valencianos, que necesita potenciar su conocimiento cient\u00edfico y reconocimiento social, en el objetivo de preservarlo, ordenarlo y gestionarlo para salvaguardar el equilibrio ambiental y cultural, garantizar la calidad de vida de los ciudadanos e incluso incorporarlo como un nuevo recurso intr\u00ednseco de los lugares.<\/p>\n<p>&nbsp;<\/p>\n<h3>Datos acad\u00e9micos de la tesis doctoral \u00ab<strong>El paisaje como patrimonio rural. propuesta de una sistem\u00e1tica integrada para el an\u00e1lisis de los paisajes Valencianos<\/strong>\u00ab<\/h3>\n<ul>\n<li><strong>T\u00edtulo de la tesis:<\/strong>\u00a0 El paisaje como patrimonio rural. propuesta de una sistem\u00e1tica integrada para el an\u00e1lisis de los paisajes Valencianos <\/li>\n<li><strong>Autor:<\/strong>\u00a0 Emilio Iranzo Garc\u00eda <\/li>\n<li><strong>Universidad:<\/strong>\u00a0 Universitat de val\u00e9ncia (estudi general)<\/li>\n<li><strong>Fecha de lectura de la tesis:<\/strong>\u00a0 29\/04\/2009<\/li>\n<\/ul>\n<p>&nbsp;<\/p>\n<h3>Direcci\u00f3n y tribunal<\/h3>\n<ul>\n<li><strong>Director de la tesis<\/strong>\n<ul>\n<li>Jorge Hermosilla Pla<\/li>\n<\/ul>\n<\/li>\n<li><strong>Tribunal<\/strong>\n<ul>\n<li>Presidente del tribunal: Juan Piqueras haba <\/li>\n<li>Jorge Olcina cantos (vocal)<\/li>\n<li>Rafael Mata olmo (vocal)<\/li>\n<li>joaquin saul Garcia marchante (vocal)<\/li>\n<\/ul>\n<\/li>\n<\/ul>\n<p>&nbsp;<\/p>\n","protected":false},"excerpt":{"rendered":"<p>Tesis doctoral de Emilio Iranzo Garc\u00eda El proyecto de tesis doctoral \u00abel paisaje como patrimonio rural. Propuesta de una sistem\u00e1tica [&hellip;]<\/p>\n","protected":false},"author":1,"featured_media":0,"comment_status":"open","ping_status":"open","sticky":false,"template":"","format":"standard","meta":{"site-sidebar-layout":"default","site-content-layout":"","ast-site-content-layout":"","site-content-style":"default","site-sidebar-style":"default","ast-global-header-display":"","ast-banner-title-visibility":"","ast-main-header-display":"","ast-hfb-above-header-display":"","ast-hfb-below-header-display":"","ast-hfb-mobile-header-display":"","site-post-title":"","ast-breadcrumbs-content":"","ast-featured-img":"","footer-sml-layout":"","theme-transparent-header-meta":"","adv-header-id-meta":"","stick-header-meta":"","header-above-stick-meta":"","header-main-stick-meta":"","header-below-stick-meta":"","astra-migrate-meta-layouts":"default","ast-page-background-enabled":"default","ast-page-background-meta":{"desktop":{"background-color":"var(--ast-global-color-4)","background-image":"","background-repeat":"repeat","background-position":"center center","background-size":"auto","background-attachment":"scroll","background-type":"","background-media":"","overlay-type":"","overlay-color":"","overlay-gradient":""},"tablet":{"background-color":"","background-image":"","background-repeat":"repeat","background-position":"center center","background-size":"auto","background-attachment":"scroll","background-type":"","background-media":"","overlay-type":"","overlay-color":"","overlay-gradient":""},"mobile":{"background-color":"","background-image":"","background-repeat":"repeat","background-position":"center center","background-size":"auto","background-attachment":"scroll","background-type":"","background-media":"","overlay-type":"","overlay-color":"","overlay-gradient":""}},"ast-content-background-meta":{"desktop":{"background-color":"var(--ast-global-color-5)","background-image":"","background-repeat":"repeat","background-position":"center center","background-size":"auto","background-attachment":"scroll","background-type":"","background-media":"","overlay-type":"","overlay-color":"","overlay-gradient":""},"tablet":{"background-color":"var(--ast-global-color-5)","background-image":"","background-repeat":"repeat","background-position":"center center","background-size":"auto","background-attachment":"scroll","background-type":"","background-media":"","overlay-type":"","overlay-color":"","overlay-gradient":""},"mobile":{"background-color":"var(--ast-global-color-5)","background-image":"","background-repeat":"repeat","background-position":"center center","background-size":"auto","background-attachment":"scroll","background-type":"","background-media":"","overlay-type":"","overlay-color":"","overlay-gradient":""}},"footnotes":""},"categories":[3090,11298,13542],"tags":[192294,18493,60126,67710,112801,14950],"class_list":["post-93052","post","type-post","status-publish","format-standard","hentry","category-geografia-regional","category-geografia-rural","category-sistemas-de-informacion-geografica","tag-emilio-iranzo-garcia","tag-joaquin-saul-garcia-marchante","tag-jorge-hermosilla-pla","tag-jorge-olcina-cantos","tag-juan-piqueras-haba","tag-rafael-mata-olmo"],"_links":{"self":[{"href":"https:\/\/www.deberes.net\/tesis\/wp-json\/wp\/v2\/posts\/93052","targetHints":{"allow":["GET"]}}],"collection":[{"href":"https:\/\/www.deberes.net\/tesis\/wp-json\/wp\/v2\/posts"}],"about":[{"href":"https:\/\/www.deberes.net\/tesis\/wp-json\/wp\/v2\/types\/post"}],"author":[{"embeddable":true,"href":"https:\/\/www.deberes.net\/tesis\/wp-json\/wp\/v2\/users\/1"}],"replies":[{"embeddable":true,"href":"https:\/\/www.deberes.net\/tesis\/wp-json\/wp\/v2\/comments?post=93052"}],"version-history":[{"count":0,"href":"https:\/\/www.deberes.net\/tesis\/wp-json\/wp\/v2\/posts\/93052\/revisions"}],"wp:attachment":[{"href":"https:\/\/www.deberes.net\/tesis\/wp-json\/wp\/v2\/media?parent=93052"}],"wp:term":[{"taxonomy":"category","embeddable":true,"href":"https:\/\/www.deberes.net\/tesis\/wp-json\/wp\/v2\/categories?post=93052"},{"taxonomy":"post_tag","embeddable":true,"href":"https:\/\/www.deberes.net\/tesis\/wp-json\/wp\/v2\/tags?post=93052"}],"curies":[{"name":"wp","href":"https:\/\/api.w.org\/{rel}","templated":true}]}}