{"id":93099,"date":"2018-03-11T10:12:18","date_gmt":"2018-03-11T10:12:18","guid":{"rendered":"https:\/\/www.deberes.net\/tesis\/sin-categoria\/sistemas-supramoleculares-basados-en-la-encapsulacion-en-cucurbitnuriles\/"},"modified":"2018-03-11T10:12:18","modified_gmt":"2018-03-11T10:12:18","slug":"sistemas-supramoleculares-basados-en-la-encapsulacion-en-cucurbitnuriles","status":"publish","type":"post","link":"https:\/\/www.deberes.net\/tesis\/macromoleculas\/sistemas-supramoleculares-basados-en-la-encapsulacion-en-cucurbitnuriles\/","title":{"rendered":"Sistemas supramoleculares basados en la encapsulaci\u00f3n en cucurbit(n)uriles"},"content":{"rendered":"<h2>Tesis doctoral de <strong> Pedro Manuel Montes Navajas <\/strong><\/h2>\n<p>Desde el comienzo de su modernizaci\u00f3n a finales del siglo xviii, la qu\u00edmica se ha desarrollado continua y r\u00e1pidamente a trav\u00e9s de la teor\u00eda at\u00f3mico-molecular; sin embargo, esta qu\u00edmica del enlace covalente ha sido explotada hasta sus l\u00edmites conceptuales, de forma que incluso el mejor qu\u00edmico sint\u00e9tico de hoy d\u00eda no puede fabricar sistemas moleculares complicados usando s\u00f3lo el repertorio de herramientas disponibles para crear enlaces covalentes. Puesto que el siguiente paso al aumentar el nivel de complejidad hacia los sistemas polimoleculares organizados presentes en los sistemas vivos se encuentra unido a las interacciones no covalentes, es el momento de que los qu\u00edmicos miren m\u00e1s all\u00e1 de la s\u00edntesis cl\u00e1sica hacia la qu\u00edmica supramolecular, una rama relativamente joven de la ciencia que se preocupa del estudio de las caracter\u00edsticas b\u00e1sicas de estas interacciones no covalentes. en los \u00faltimos 25 a\u00f1os, una enorme parte de la investigaci\u00f3n qu\u00edmica se ha detenido en el campo de los dispositivos moleculares fotoactivos, observando que los resultados que pueden ser obtenidos de la interacci\u00f3n de la luz con la materia dependen del grado de organizaci\u00f3n de la misma; en este sentido, las entidades supramoleculares que contienen este tipo de componentes pueden desarrollar propiedades nuevas moduladas por la disposici\u00f3n de sus unidades constitutivas, dando lugar a procesos fotoqu\u00edmicos distintivos de estas especies. A trav\u00e9s de esta ruta es posible disponer componentes moleculares prefabricados que lleven a cabo una determinada propiedad relacionada con la luz, siendo posible dise\u00f1ar sistemas organizados y funcionalmente integrados capaces de elaborar la se\u00f1al proporcionada por los fotones para desarrollar funciones complejas. la familia de hospedadores sint\u00e9ticos denominados cucurbit[n]uriles (cb[n]), denominados as\u00ed por la forma de calabaza de estas c\u00e1psulas org\u00e1nicas en las que el di\u00e1metro central de la misma es mayor que los portales flanqueados por grupos carbonilo ur<\/p>\n<p>&nbsp;<\/p>\n<h3>Datos acad\u00e9micos de la tesis doctoral \u00ab<strong>Sistemas supramoleculares basados en la encapsulaci\u00f3n en cucurbit(n)uriles<\/strong>\u00ab<\/h3>\n<ul>\n<li><strong>T\u00edtulo de la tesis:<\/strong>\u00a0 Sistemas supramoleculares basados en la encapsulaci\u00f3n en cucurbit(n)uriles <\/li>\n<li><strong>Autor:<\/strong>\u00a0 Pedro Manuel Montes Navajas <\/li>\n<li><strong>Universidad:<\/strong>\u00a0 Polit\u00e9cnica de Valencia<\/li>\n<li><strong>Fecha de lectura de la tesis:<\/strong>\u00a0 30\/04\/2009<\/li>\n<\/ul>\n<p>&nbsp;<\/p>\n<h3>Direcci\u00f3n y tribunal<\/h3>\n<ul>\n<li><strong>Director de la tesis<\/strong>\n<ul>\n<li>Hermenegildo Garc\u00eda G\u00f3mez<\/li>\n<\/ul>\n<\/li>\n<li><strong>Tribunal<\/strong>\n<ul>\n<li>Presidente del tribunal: Miguel \u00e1ngel Miranda alonso <\/li>\n<li>pablo Jos\u00e9 Ballester balaguer (vocal)<\/li>\n<li>julia P\u00e9rez prieto (vocal)<\/li>\n<li>Juan  c\u00e9sar Scaiano (vocal)<\/li>\n<\/ul>\n<\/li>\n<\/ul>\n<p>&nbsp;<\/p>\n","protected":false},"excerpt":{"rendered":"<p>Tesis doctoral de Pedro Manuel Montes Navajas Desde el comienzo de su modernizaci\u00f3n a finales del siglo xviii, la qu\u00edmica [&hellip;]<\/p>\n","protected":false},"author":1,"featured_media":0,"comment_status":"open","ping_status":"open","sticky":false,"template":"","format":"standard","meta":{"site-sidebar-layout":"default","site-content-layout":"","ast-site-content-layout":"","site-content-style":"default","site-sidebar-style":"default","ast-global-header-display":"","ast-banner-title-visibility":"","ast-main-header-display":"","ast-hfb-above-header-display":"","ast-hfb-below-header-display":"","ast-hfb-mobile-header-display":"","site-post-title":"","ast-breadcrumbs-content":"","ast-featured-img":"","footer-sml-layout":"","theme-transparent-header-meta":"","adv-header-id-meta":"","stick-header-meta":"","header-above-stick-meta":"","header-main-stick-meta":"","header-below-stick-meta":"","astra-migrate-meta-layouts":"default","ast-page-background-enabled":"default","ast-page-background-meta":{"desktop":{"background-color":"var(--ast-global-color-4)","background-image":"","background-repeat":"repeat","background-position":"center center","background-size":"auto","background-attachment":"scroll","background-type":"","background-media":"","overlay-type":"","overlay-color":"","overlay-gradient":""},"tablet":{"background-color":"","background-image":"","background-repeat":"repeat","background-position":"center center","background-size":"auto","background-attachment":"scroll","background-type":"","background-media":"","overlay-type":"","overlay-color":"","overlay-gradient":""},"mobile":{"background-color":"","background-image":"","background-repeat":"repeat","background-position":"center center","background-size":"auto","background-attachment":"scroll","background-type":"","background-media":"","overlay-type":"","overlay-color":"","overlay-gradient":""}},"ast-content-background-meta":{"desktop":{"background-color":"var(--ast-global-color-5)","background-image":"","background-repeat":"repeat","background-position":"center center","background-size":"auto","background-attachment":"scroll","background-type":"","background-media":"","overlay-type":"","overlay-color":"","overlay-gradient":""},"tablet":{"background-color":"var(--ast-global-color-5)","background-image":"","background-repeat":"repeat","background-position":"center center","background-size":"auto","background-attachment":"scroll","background-type":"","background-media":"","overlay-type":"","overlay-color":"","overlay-gradient":""},"mobile":{"background-color":"var(--ast-global-color-5)","background-image":"","background-repeat":"repeat","background-position":"center center","background-size":"auto","background-attachment":"scroll","background-type":"","background-media":"","overlay-type":"","overlay-color":"","overlay-gradient":""}},"footnotes":""},"categories":[35049,4709,1387,16820,58053],"tags":[40494,128719,43088,8213,107244,192377],"class_list":["post-93099","post","type-post","status-publish","format-standard","hentry","category-fisica-de-macromoleculas","category-fotoquimica","category-macromoleculas","category-politecnica-de-valencia","category-quimica-de-los-colorantes","tag-hermenegildo-garcia-gomez","tag-juan-cesar-scaiano","tag-julia-perez-prieto","tag-miguel-angel-miranda-alonso","tag-pablo-jose-ballester-balaguer","tag-pedro-manuel-montes-navajas"],"_links":{"self":[{"href":"https:\/\/www.deberes.net\/tesis\/wp-json\/wp\/v2\/posts\/93099","targetHints":{"allow":["GET"]}}],"collection":[{"href":"https:\/\/www.deberes.net\/tesis\/wp-json\/wp\/v2\/posts"}],"about":[{"href":"https:\/\/www.deberes.net\/tesis\/wp-json\/wp\/v2\/types\/post"}],"author":[{"embeddable":true,"href":"https:\/\/www.deberes.net\/tesis\/wp-json\/wp\/v2\/users\/1"}],"replies":[{"embeddable":true,"href":"https:\/\/www.deberes.net\/tesis\/wp-json\/wp\/v2\/comments?post=93099"}],"version-history":[{"count":0,"href":"https:\/\/www.deberes.net\/tesis\/wp-json\/wp\/v2\/posts\/93099\/revisions"}],"wp:attachment":[{"href":"https:\/\/www.deberes.net\/tesis\/wp-json\/wp\/v2\/media?parent=93099"}],"wp:term":[{"taxonomy":"category","embeddable":true,"href":"https:\/\/www.deberes.net\/tesis\/wp-json\/wp\/v2\/categories?post=93099"},{"taxonomy":"post_tag","embeddable":true,"href":"https:\/\/www.deberes.net\/tesis\/wp-json\/wp\/v2\/tags?post=93099"}],"curies":[{"name":"wp","href":"https:\/\/api.w.org\/{rel}","templated":true}]}}