{"id":93111,"date":"2009-04-05T00:00:00","date_gmt":"2009-04-05T00:00:00","guid":{"rendered":"https:\/\/www.deberes.net\/tesis\/sin-categoria\/dessiller-la-langue-ecriture-et-vision-chez-hela%c2%a8ne-cixouts-et-jacques-derrida\/"},"modified":"2009-04-05T00:00:00","modified_gmt":"2009-04-05T00:00:00","slug":"dessiller-la-langue-ecriture-et-vision-chez-hela%c2%a8ne-cixouts-et-jacques-derrida","status":"publish","type":"post","link":"https:\/\/www.deberes.net\/tesis\/barcelona\/dessiller-la-langue-ecriture-et-vision-chez-hela%c2%a8ne-cixouts-et-jacques-derrida\/","title":{"rendered":"Dessiller la langue: \u00e9criture et vision chez h\u00e9l\u00e9ne cixouts et jacques derrida"},"content":{"rendered":"<h2>Tesis doctoral de <strong> Joana Mas\u00f3 Illamola <\/strong><\/h2>\n<p>En el discurso filos\u00f3fico, la cr\u00edtica literaria y la historia del arte, el discurso y la imagen han sido objeto de m\u00faltiples paralelismos y oposiciones que configuran el marco te\u00f3rico de nuestra reflexi\u00f3n. La articulaci\u00f3n del texto y la imagen -su incompatibilidad, adecuaci\u00f3n, correspondencia o complementariedad-, nos lleva a reflexionar sobre los distintos modelos o paradigmas de lo visible y lo textual, as\u00ed como sobre sus figuras principales: la representaci\u00f3n, el conocimiento, la revelaci\u00f3n, la interpretaci\u00f3n, etc.  la escritura de h\u00e9l\u00e9ne cixous y el pensamiento de jacques derrida retoman la herencia indo-europea de la visi\u00f3n para transformarla en el marco de una experiencia deconstructiva de la lengua. Dicha deconstrucci\u00f3n desarrolla una fuerte cr\u00edtica a la noci\u00f3n griega del saber y la verdad, profundamente ligada a la producci\u00f3n del sentido. De igual modo, ello nos lleva a abordar los nuevos modelos y problemas perceptivos que se perfilan en el corpus cixousiano y derridiano.  el estudio de ambos corpus nos permite situar y analizar la fuerte cr\u00edtica de la visi\u00f3n que tiene lugar en la cr\u00edtica literaria y filos\u00f3fica francesa durante el periodo post-estructuralista, en la obra de autores como michel foucault, jean-francois lyotard, gilles deleuze, jean-luc nancy, luce irigaray o catherine malabou, entre otros.<\/p>\n<p>&nbsp;<\/p>\n<h3>Datos acad\u00e9micos de la tesis doctoral \u00ab<strong>Dessiller la langue: \u00e9criture et vision chez h\u00e9l\u00e9ne cixouts et jacques derrida<\/strong>\u00ab<\/h3>\n<ul>\n<li><strong>T\u00edtulo de la tesis:<\/strong>\u00a0 Dessiller la langue: \u00e9criture et vision chez h\u00e9l\u00e9ne cixouts et jacques derrida <\/li>\n<li><strong>Autor:<\/strong>\u00a0 Joana Mas\u00f3 Illamola <\/li>\n<li><strong>Universidad:<\/strong>\u00a0 Barcelona<\/li>\n<li><strong>Fecha de lectura de la tesis:<\/strong>\u00a0 04\/05\/2009<\/li>\n<\/ul>\n<p>&nbsp;<\/p>\n<h3>Direcci\u00f3n y tribunal<\/h3>\n<ul>\n<li><strong>Director de la tesis<\/strong>\n<ul>\n<li>Marta Segarra Montaner<\/li>\n<\/ul>\n<\/li>\n<li><strong>Tribunal<\/strong>\n<ul>\n<li>Presidente del tribunal: eric Prenowitz <\/li>\n<li>mireille Calle gruber (vocal)<\/li>\n<li>  (vocal)<\/li>\n<li>  (vocal)<\/li>\n<\/ul>\n<\/li>\n<\/ul>\n<p>&nbsp;<\/p>\n","protected":false},"excerpt":{"rendered":"<p>Tesis doctoral de Joana Mas\u00f3 Illamola En el discurso filos\u00f3fico, la cr\u00edtica literaria y la historia del arte, el discurso [&hellip;]<\/p>\n","protected":false},"author":1,"featured_media":0,"comment_status":"open","ping_status":"open","sticky":false,"template":"","format":"standard","meta":{"site-sidebar-layout":"default","site-content-layout":"","ast-site-content-layout":"","site-content-style":"default","site-sidebar-style":"default","ast-global-header-display":"","ast-banner-title-visibility":"","ast-main-header-display":"","ast-hfb-above-header-display":"","ast-hfb-below-header-display":"","ast-hfb-mobile-header-display":"","site-post-title":"","ast-breadcrumbs-content":"","ast-featured-img":"","footer-sml-layout":"","theme-transparent-header-meta":"","adv-header-id-meta":"","stick-header-meta":"","header-above-stick-meta":"","header-main-stick-meta":"","header-below-stick-meta":"","astra-migrate-meta-layouts":"default","ast-page-background-enabled":"default","ast-page-background-meta":{"desktop":{"background-color":"var(--ast-global-color-4)","background-image":"","background-repeat":"repeat","background-position":"center center","background-size":"auto","background-attachment":"scroll","background-type":"","background-media":"","overlay-type":"","overlay-color":"","overlay-gradient":""},"tablet":{"background-color":"","background-image":"","background-repeat":"repeat","background-position":"center center","background-size":"auto","background-attachment":"scroll","background-type":"","background-media":"","overlay-type":"","overlay-color":"","overlay-gradient":""},"mobile":{"background-color":"","background-image":"","background-repeat":"repeat","background-position":"center center","background-size":"auto","background-attachment":"scroll","background-type":"","background-media":"","overlay-type":"","overlay-color":"","overlay-gradient":""}},"ast-content-background-meta":{"desktop":{"background-color":"var(--ast-global-color-5)","background-image":"","background-repeat":"repeat","background-position":"center center","background-size":"auto","background-attachment":"scroll","background-type":"","background-media":"","overlay-type":"","overlay-color":"","overlay-gradient":""},"tablet":{"background-color":"var(--ast-global-color-5)","background-image":"","background-repeat":"repeat","background-position":"center center","background-size":"auto","background-attachment":"scroll","background-type":"","background-media":"","overlay-type":"","overlay-color":"","overlay-gradient":""},"mobile":{"background-color":"var(--ast-global-color-5)","background-image":"","background-repeat":"repeat","background-position":"center center","background-size":"auto","background-attachment":"scroll","background-type":"","background-media":"","overlay-type":"","overlay-color":"","overlay-gradient":""}},"footnotes":""},"categories":[951,25876],"tags":[192401,192400,95987,192402],"class_list":["post-93111","post","type-post","status-publish","format-standard","hentry","category-barcelona","category-teoria-de-la-percepcion","tag-eric-prenowitz","tag-joana-maso-illamola","tag-marta-segarra-montaner","tag-mireille-calle-gruber"],"_links":{"self":[{"href":"https:\/\/www.deberes.net\/tesis\/wp-json\/wp\/v2\/posts\/93111","targetHints":{"allow":["GET"]}}],"collection":[{"href":"https:\/\/www.deberes.net\/tesis\/wp-json\/wp\/v2\/posts"}],"about":[{"href":"https:\/\/www.deberes.net\/tesis\/wp-json\/wp\/v2\/types\/post"}],"author":[{"embeddable":true,"href":"https:\/\/www.deberes.net\/tesis\/wp-json\/wp\/v2\/users\/1"}],"replies":[{"embeddable":true,"href":"https:\/\/www.deberes.net\/tesis\/wp-json\/wp\/v2\/comments?post=93111"}],"version-history":[{"count":0,"href":"https:\/\/www.deberes.net\/tesis\/wp-json\/wp\/v2\/posts\/93111\/revisions"}],"wp:attachment":[{"href":"https:\/\/www.deberes.net\/tesis\/wp-json\/wp\/v2\/media?parent=93111"}],"wp:term":[{"taxonomy":"category","embeddable":true,"href":"https:\/\/www.deberes.net\/tesis\/wp-json\/wp\/v2\/categories?post=93111"},{"taxonomy":"post_tag","embeddable":true,"href":"https:\/\/www.deberes.net\/tesis\/wp-json\/wp\/v2\/tags?post=93111"}],"curies":[{"name":"wp","href":"https:\/\/api.w.org\/{rel}","templated":true}]}}