{"id":93131,"date":"2009-06-05T00:00:00","date_gmt":"2009-06-05T00:00:00","guid":{"rendered":"https:\/\/www.deberes.net\/tesis\/sin-categoria\/regimen-jura%c2%addico-de-la-propiedad-agraria-sujeta-a-la-nueva-pac\/"},"modified":"2009-06-05T00:00:00","modified_gmt":"2009-06-05T00:00:00","slug":"regimen-jura%c2%addico-de-la-propiedad-agraria-sujeta-a-la-nueva-pac","status":"publish","type":"post","link":"https:\/\/www.deberes.net\/tesis\/derecho-civil\/regimen-jura%c2%addico-de-la-propiedad-agraria-sujeta-a-la-nueva-pac\/","title":{"rendered":"R\u00e9gimen jur\u00eddico de la propiedad agraria sujeta a la nueva pac"},"content":{"rendered":"<h2>Tesis doctoral de <strong> Andr\u00e9s Miguel Cosialls Ubach <\/strong><\/h2>\n<p>Este trabajo analiza, en primer lugar, la evoluci\u00f3n de la codificaci\u00f3n civil espa\u00f1ola y, especialmente, el tratamiento del derecho de propiedad en los diferentes proyectos de c\u00f3digo, as\u00ed como la evoluci\u00f3n doctrinal en el estudio de este derecho. A continuaci\u00f3n, se ocupa de examinar los or\u00edgenes de la codificaci\u00f3n rural, con especial detalle de los diferentes proyectos que la doctrina cient\u00edfica aport\u00f3 a este campo. El autor dedica especial inter\u00e9s al proyecto de c\u00f3digo rural de manuel d\u00e1nvila, que supone el mayor esfuerzo codificador de la materia. D\u00e1nvila realiz\u00f3 dos versiones de su c\u00f3digo rural, una antes de la aprobaci\u00f3n del c\u00f3digo civil, y otra, posterior a dicha aprobaci\u00f3n. Mientras que la primera es citada por la mayor\u00eda de autores que tratan del proceso codificador, el segundo proyecto, adaptado al c\u00f3digo civil, pasa inc\u00f3gnito en los estudios doctrinales. El presente trabajo se encarga de realizar un an\u00e1lisis comparativo entre estos dos proyectos sobre el tratamiento del derecho de propiedad, as\u00ed como la evaluaci\u00f3n de los diferentes informes que se aportaron desde juntas provinciales.  posteriormente, se realiza un an\u00e1lisis de la incidencia de la funci\u00f3n social en la propiedad agraria a trav\u00e9s de los distintos textos legales que la recogen: constituci\u00f3n de la segunda rep\u00fablica y leyes de laboreo forzoso, la obligaci\u00f3n de cultivo y las leyes franquistas o la nueva definici\u00f3n de la funci\u00f3n social de la propiedad agraria en la ley de reforma y desarrollo agrario. Asimismo, se analiza su trascendencia en la constituci\u00f3n y las leyes auton\u00f3micas sobre reforma y pol\u00edtica agraria.  un breve cap\u00edtulo para sentar las bases sobre la pol\u00edtica agr\u00edcola com\u00fan servir\u00e1 para introducir el principal marco de estudio: la propiedad agraria especial\u00edsima. De esta manera, se estudian los diferentes objetos del derecho de propiedad agraria (la explotaci\u00f3n agr\u00edcola, la finca, los animales y los derechos) para analizar la implicaci\u00f3n de la pac sobre los mismos.  una vez delimitado el objeto de la propiedad agraria, se examinan con profundidad cada una de las facultades dominicales afectadas por la regulaci\u00f3n de la pac y, en especial, de la condicionalidad vinculada al r\u00e9gimen de pago \u00fanico. Cada una de las facultades dominicales t\u00edpicas ha sido subdividida en sus diferentes manifestaciones. As\u00ed, encontramos la libertad de elecci\u00f3n del uso sobre la cosa, la libertad de transformar la finca o el deber de cultivar. Se realiza un an\u00e1lisis detenido de los diferentes aprovechamientos del derecho de propiedad afectados por la pac (v. Gr. Caza, le\u00f1as, pastos o rastrojeras), as\u00ed como de otras facultades que vienen afectadas en menor medida.  en definitiva, el presente trabajo pretende proporcionar un an\u00e1lisis sistem\u00e1tico del estatuto de la propiedad agraria bajo una nueva realidad jur\u00eddica como la pol\u00edtica agr\u00edcola com\u00fan.<\/p>\n<p>&nbsp;<\/p>\n<h3>Datos acad\u00e9micos de la tesis doctoral \u00ab<strong>R\u00e9gimen jur\u00eddico de la propiedad agraria sujeta a la nueva pac<\/strong>\u00ab<\/h3>\n<ul>\n<li><strong>T\u00edtulo de la tesis:<\/strong>\u00a0 R\u00e9gimen jur\u00eddico de la propiedad agraria sujeta a la nueva pac <\/li>\n<li><strong>Autor:<\/strong>\u00a0 Andr\u00e9s Miguel Cosialls Ubach <\/li>\n<li><strong>Universidad:<\/strong>\u00a0 Lleida<\/li>\n<li><strong>Fecha de lectura de la tesis:<\/strong>\u00a0 06\/05\/2009<\/li>\n<\/ul>\n<p>&nbsp;<\/p>\n<h3>Direcci\u00f3n y tribunal<\/h3>\n<ul>\n<li><strong>Director de la tesis<\/strong>\n<ul>\n<li>Antoni Vaquer Aloy<\/li>\n<\/ul>\n<\/li>\n<li><strong>Tribunal<\/strong>\n<ul>\n<li>Presidente del tribunal: ferran Badosa coll <\/li>\n<li>pedro de Pablo contreras (vocal)<\/li>\n<li>Jos\u00e9 Mar\u00eda julio De la cuesta saenz (vocal)<\/li>\n<li>Andr\u00e9s Dominguez luelmo (vocal)<\/li>\n<\/ul>\n<\/li>\n<\/ul>\n<p>&nbsp;<\/p>\n","protected":false},"excerpt":{"rendered":"<p>Tesis doctoral de Andr\u00e9s Miguel Cosialls Ubach Este trabajo analiza, en primer lugar, la evoluci\u00f3n de la codificaci\u00f3n civil espa\u00f1ola [&hellip;]<\/p>\n","protected":false},"author":1,"featured_media":0,"comment_status":"open","ping_status":"open","sticky":false,"template":"","format":"standard","meta":{"site-sidebar-layout":"default","site-content-layout":"","ast-site-content-layout":"","site-content-style":"default","site-sidebar-style":"default","ast-global-header-display":"","ast-banner-title-visibility":"","ast-main-header-display":"","ast-hfb-above-header-display":"","ast-hfb-below-header-display":"","ast-hfb-mobile-header-display":"","site-post-title":"","ast-breadcrumbs-content":"","ast-featured-img":"","footer-sml-layout":"","theme-transparent-header-meta":"","adv-header-id-meta":"","stick-header-meta":"","header-above-stick-meta":"","header-main-stick-meta":"","header-below-stick-meta":"","astra-migrate-meta-layouts":"default","ast-page-background-enabled":"default","ast-page-background-meta":{"desktop":{"background-color":"var(--ast-global-color-4)","background-image":"","background-repeat":"repeat","background-position":"center center","background-size":"auto","background-attachment":"scroll","background-type":"","background-media":"","overlay-type":"","overlay-color":"","overlay-gradient":""},"tablet":{"background-color":"","background-image":"","background-repeat":"repeat","background-position":"center center","background-size":"auto","background-attachment":"scroll","background-type":"","background-media":"","overlay-type":"","overlay-color":"","overlay-gradient":""},"mobile":{"background-color":"","background-image":"","background-repeat":"repeat","background-position":"center center","background-size":"auto","background-attachment":"scroll","background-type":"","background-media":"","overlay-type":"","overlay-color":"","overlay-gradient":""}},"ast-content-background-meta":{"desktop":{"background-color":"var(--ast-global-color-5)","background-image":"","background-repeat":"repeat","background-position":"center center","background-size":"auto","background-attachment":"scroll","background-type":"","background-media":"","overlay-type":"","overlay-color":"","overlay-gradient":""},"tablet":{"background-color":"var(--ast-global-color-5)","background-image":"","background-repeat":"repeat","background-position":"center center","background-size":"auto","background-attachment":"scroll","background-type":"","background-media":"","overlay-type":"","overlay-color":"","overlay-gradient":""},"mobile":{"background-color":"var(--ast-global-color-5)","background-image":"","background-repeat":"repeat","background-position":"center center","background-size":"auto","background-attachment":"scroll","background-type":"","background-media":"","overlay-type":"","overlay-color":"","overlay-gradient":""}},"footnotes":""},"categories":[1251,3894,18842],"tags":[76069,192445,158067,37838,46501,17812],"class_list":["post-93131","post","type-post","status-publish","format-standard","hentry","category-derecho-civil","category-derecho-privado","category-lleida","tag-andres-dominguez-luelmo","tag-andres-miguel-cosialls-ubach","tag-antoni-vaquer-aloy","tag-ferran-badosa-coll","tag-jose-maria-julio-de-la-cuesta-saenz","tag-pedro-de-pablo-contreras"],"_links":{"self":[{"href":"https:\/\/www.deberes.net\/tesis\/wp-json\/wp\/v2\/posts\/93131","targetHints":{"allow":["GET"]}}],"collection":[{"href":"https:\/\/www.deberes.net\/tesis\/wp-json\/wp\/v2\/posts"}],"about":[{"href":"https:\/\/www.deberes.net\/tesis\/wp-json\/wp\/v2\/types\/post"}],"author":[{"embeddable":true,"href":"https:\/\/www.deberes.net\/tesis\/wp-json\/wp\/v2\/users\/1"}],"replies":[{"embeddable":true,"href":"https:\/\/www.deberes.net\/tesis\/wp-json\/wp\/v2\/comments?post=93131"}],"version-history":[{"count":0,"href":"https:\/\/www.deberes.net\/tesis\/wp-json\/wp\/v2\/posts\/93131\/revisions"}],"wp:attachment":[{"href":"https:\/\/www.deberes.net\/tesis\/wp-json\/wp\/v2\/media?parent=93131"}],"wp:term":[{"taxonomy":"category","embeddable":true,"href":"https:\/\/www.deberes.net\/tesis\/wp-json\/wp\/v2\/categories?post=93131"},{"taxonomy":"post_tag","embeddable":true,"href":"https:\/\/www.deberes.net\/tesis\/wp-json\/wp\/v2\/tags?post=93131"}],"curies":[{"name":"wp","href":"https:\/\/api.w.org\/{rel}","templated":true}]}}