{"id":93142,"date":"2009-06-05T00:00:00","date_gmt":"2009-06-05T00:00:00","guid":{"rendered":"https:\/\/www.deberes.net\/tesis\/sin-categoria\/estudio-prospectivo-sobre-alteraciones-neuropsicologicas-y-factores-pronosticos-en-pacientes-con-ictus-isquemico-leve\/"},"modified":"2009-06-05T00:00:00","modified_gmt":"2009-06-05T00:00:00","slug":"estudio-prospectivo-sobre-alteraciones-neuropsicologicas-y-factores-pronosticos-en-pacientes-con-ictus-isquemico-leve","status":"publish","type":"post","link":"https:\/\/www.deberes.net\/tesis\/analisis-por-escalas-en-psicologia\/estudio-prospectivo-sobre-alteraciones-neuropsicologicas-y-factores-pronosticos-en-pacientes-con-ictus-isquemico-leve\/","title":{"rendered":"Estudio prospectivo sobre alteraciones neuropsicol\u00f3gicas y factores pron\u00f3sticos en pacientes con ictus isqu\u00e9mico leve"},"content":{"rendered":"<h2>Tesis doctoral de <strong> Nuria Ortiz Marqu\u00e9s <\/strong><\/h2>\n<p>Objetivo: esta tesis doctoral se ha dividido en dos grandes apartados. Uno de los objetivos principales ha sido establecer y proporcionar datos normativos estandarizados de una versi\u00f3n del rey auditory-verbal learning test ravlt (rey, 1964) para poblaci\u00f3n espa\u00f1ola mayor de sesenta a\u00f1os. El segundo gran objetivo ha sido determinar las caracter\u00edsticas neuropsicol\u00f3gicas y conductuales iniciales y tras un a\u00f1o en pacientes que han sufrido un ictus leve, con una puntuaci\u00f3n menor o igual a 2 en la escala de rankin modificada y detectar los factores que puedan pronosticar el deterioro.  m\u00e9todo: en la estandarizaci\u00f3n de la prueba se incluyeron 156 personas voluntarias mayores de 60 a\u00f1os y se realizaron an\u00e1lisis descriptivos, se elaboraron percentiles y puntuaciones escalares. El segundo estudio est\u00e1 compuesto por un grupo control y un grupo cl\u00ednico de pacientes que han sufrido un ictus leve. El grupo cl\u00ednico fue evaluado despu\u00e9s del ictus y al a\u00f1o del proceso agudo, el grupo control tambi\u00e9n fue evaluado en dos momentos. Se utiliz\u00f3 una bater\u00eda amplia de evaluaci\u00f3n, sin embargo, este estudio se centra en la memoria verbal explicita y sem\u00e1ntica y en algunos aspectos relacionados con la funci\u00f3n ejecutiva (flexibilidad cognitiva, fluencia no verbal).   resultados: los resultados relacionados con la estandarizaci\u00f3n de la prueba son tablas de percentiles y de puntaciones escalares para que los profesionales que lo utilicen conozcan en qu\u00e9 percentil y puntuaci\u00f3n escalar se encuentra la persona mayor que ha evaluado. El rendimiento cognitivo del grupo cl\u00ednico es inferior que el del grupo control en ambos momentos de evaluaci\u00f3n y las diferencias significativas se encontraban en las medidas de memoria verbal y flexibilidad cognitiva. El an\u00e1lisis de la evoluci\u00f3n de las capacidades cognitivas medidas muestra que no hay diferencias significativas, es decir, que permanecen relativamente estables cognitivamente a lo largo del tiempo. Se han analizado las variables sociodemogr\u00e1ficas y los factores de riesgo que predicen el inferior funcionamiento cognitivo de las capacidades analizadas y adem\u00e1s se ha analizado si alguna de esas variables permiten predecir la evoluci\u00f3n cognitiva a lo largo del tiempo en los pacientes que han sufrido un ictus. En el primer momento de evaluaci\u00f3n, la edad y los a\u00f1os de escolaridad estaban inversamente y directamente relacionados respectivamente, sin embargo, no es posible identificar factores que pronostiquen el deterioro a largo plazo.  conclusiones: es importante realizar evaluaciones neuropsicol\u00f3gicas m\u00e1s extensas a los pacientes que han sufrido un ictus leve ya que hemos visto que las capacidades que se han medido en este trabajo se encuentran alteradas en el primer momento de evaluaci\u00f3n y al a\u00f1o del proceso agudo. De esta manera podremos dise\u00f1ar programas de intervenci\u00f3n m\u00e1s dirigidos e individualizados.<\/p>\n<p>&nbsp;<\/p>\n<h3>Datos acad\u00e9micos de la tesis doctoral \u00ab<strong>Estudio prospectivo sobre alteraciones neuropsicol\u00f3gicas y factores pron\u00f3sticos en pacientes con ictus isqu\u00e9mico leve<\/strong>\u00ab<\/h3>\n<ul>\n<li><strong>T\u00edtulo de la tesis:<\/strong>\u00a0 Estudio prospectivo sobre alteraciones neuropsicol\u00f3gicas y factores pron\u00f3sticos en pacientes con ictus isqu\u00e9mico leve <\/li>\n<li><strong>Autor:<\/strong>\u00a0 Nuria Ortiz Marqu\u00e9s <\/li>\n<li><strong>Universidad:<\/strong>\u00a0 Deusto<\/li>\n<li><strong>Fecha de lectura de la tesis:<\/strong>\u00a0 06\/05\/2009<\/li>\n<\/ul>\n<p>&nbsp;<\/p>\n<h3>Direcci\u00f3n y tribunal<\/h3>\n<ul>\n<li><strong>Director de la tesis<\/strong>\n<ul>\n<li>Inmanol Amayra Caro<\/li>\n<\/ul>\n<\/li>\n<li><strong>Tribunal<\/strong>\n<ul>\n<li>Presidente del tribunal: serafin Lemos giraldez <\/li>\n<li>Juan  Francisco L\u00f3pez paz (vocal)<\/li>\n<li>benedicto Crespo facorro (vocal)<\/li>\n<li>Miguel Perez garcia (vocal)<\/li>\n<\/ul>\n<\/li>\n<\/ul>\n<p>&nbsp;<\/p>\n","protected":false},"excerpt":{"rendered":"<p>Tesis doctoral de Nuria Ortiz Marqu\u00e9s Objetivo: esta tesis doctoral se ha dividido en dos grandes apartados. Uno de los [&hellip;]<\/p>\n","protected":false},"author":1,"featured_media":0,"comment_status":"open","ping_status":"open","sticky":false,"template":"","format":"standard","meta":{"site-sidebar-layout":"default","site-content-layout":"","ast-site-content-layout":"","site-content-style":"default","site-sidebar-style":"default","ast-global-header-display":"","ast-banner-title-visibility":"","ast-main-header-display":"","ast-hfb-above-header-display":"","ast-hfb-below-header-display":"","ast-hfb-mobile-header-display":"","site-post-title":"","ast-breadcrumbs-content":"","ast-featured-img":"","footer-sml-layout":"","theme-transparent-header-meta":"","adv-header-id-meta":"","stick-header-meta":"","header-above-stick-meta":"","header-main-stick-meta":"","header-below-stick-meta":"","astra-migrate-meta-layouts":"default","ast-page-background-enabled":"default","ast-page-background-meta":{"desktop":{"background-color":"var(--ast-global-color-4)","background-image":"","background-repeat":"repeat","background-position":"center center","background-size":"auto","background-attachment":"scroll","background-type":"","background-media":"","overlay-type":"","overlay-color":"","overlay-gradient":""},"tablet":{"background-color":"","background-image":"","background-repeat":"repeat","background-position":"center center","background-size":"auto","background-attachment":"scroll","background-type":"","background-media":"","overlay-type":"","overlay-color":"","overlay-gradient":""},"mobile":{"background-color":"","background-image":"","background-repeat":"repeat","background-position":"center center","background-size":"auto","background-attachment":"scroll","background-type":"","background-media":"","overlay-type":"","overlay-color":"","overlay-gradient":""}},"ast-content-background-meta":{"desktop":{"background-color":"var(--ast-global-color-5)","background-image":"","background-repeat":"repeat","background-position":"center center","background-size":"auto","background-attachment":"scroll","background-type":"","background-media":"","overlay-type":"","overlay-color":"","overlay-gradient":""},"tablet":{"background-color":"var(--ast-global-color-5)","background-image":"","background-repeat":"repeat","background-position":"center center","background-size":"auto","background-attachment":"scroll","background-type":"","background-media":"","overlay-type":"","overlay-color":"","overlay-gradient":""},"mobile":{"background-color":"var(--ast-global-color-5)","background-image":"","background-repeat":"repeat","background-position":"center center","background-size":"auto","background-attachment":"scroll","background-type":"","background-media":"","overlay-type":"","overlay-color":"","overlay-gradient":""}},"footnotes":""},"categories":[2871,31910,7302,13633,5773],"tags":[92531,148076,192465,22256,192464,9045],"class_list":["post-93142","post","type-post","status-publish","format-standard","hentry","category-analisis-por-escalas-en-psicologia","category-deusto","category-procesos-cognitivos","category-procesos-de-la-memoria","category-senectud","tag-benedicto-crespo-facorro","tag-inmanol-amayra-caro","tag-juan-francisco-lopez-paz","tag-miguel-perez-garcia","tag-nuria-ortiz-marques","tag-serafin-lemos-giraldez"],"_links":{"self":[{"href":"https:\/\/www.deberes.net\/tesis\/wp-json\/wp\/v2\/posts\/93142","targetHints":{"allow":["GET"]}}],"collection":[{"href":"https:\/\/www.deberes.net\/tesis\/wp-json\/wp\/v2\/posts"}],"about":[{"href":"https:\/\/www.deberes.net\/tesis\/wp-json\/wp\/v2\/types\/post"}],"author":[{"embeddable":true,"href":"https:\/\/www.deberes.net\/tesis\/wp-json\/wp\/v2\/users\/1"}],"replies":[{"embeddable":true,"href":"https:\/\/www.deberes.net\/tesis\/wp-json\/wp\/v2\/comments?post=93142"}],"version-history":[{"count":0,"href":"https:\/\/www.deberes.net\/tesis\/wp-json\/wp\/v2\/posts\/93142\/revisions"}],"wp:attachment":[{"href":"https:\/\/www.deberes.net\/tesis\/wp-json\/wp\/v2\/media?parent=93142"}],"wp:term":[{"taxonomy":"category","embeddable":true,"href":"https:\/\/www.deberes.net\/tesis\/wp-json\/wp\/v2\/categories?post=93142"},{"taxonomy":"post_tag","embeddable":true,"href":"https:\/\/www.deberes.net\/tesis\/wp-json\/wp\/v2\/tags?post=93142"}],"curies":[{"name":"wp","href":"https:\/\/api.w.org\/{rel}","templated":true}]}}