{"id":93184,"date":"2009-08-05T00:00:00","date_gmt":"2009-08-05T00:00:00","guid":{"rendered":"https:\/\/www.deberes.net\/tesis\/sin-categoria\/producciones-narrativas-en-ninos-chilenosun-estdio-exploratorio\/"},"modified":"2009-08-05T00:00:00","modified_gmt":"2009-08-05T00:00:00","slug":"producciones-narrativas-en-ninos-chilenosun-estdio-exploratorio","status":"publish","type":"post","link":"https:\/\/www.deberes.net\/tesis\/lenguaje-infantil\/producciones-narrativas-en-ninos-chilenosun-estdio-exploratorio\/","title":{"rendered":"Producciones narrativas en ni\u00f1os chilenos:un estdio exploratorio."},"content":{"rendered":"<h2>Tesis doctoral de <strong> Amelia D\u00edaz Oyarce <\/strong><\/h2>\n<p>El estudio se propuso conocer y analizar desde la perspectiva del lenguaje, el desempe\u00f1o en la producci\u00f3n del discurso narrativo en escolares de 4\u00c2\u00ba, 5\u00c2\u00ba y 6\u00c2\u00ba a\u00f1o de ense\u00f1anza b\u00e1sica, pertenecientes a diferentes niveles  socioecon\u00f3micos. Adem\u00e1s determinar en qu\u00e9 medida algunas variables como: escolaridad, edad y g\u00e9nero tienen incidencia directa en el desarrollo de las habilidades ling\u00ed\u00bc\u00edsticas para construir textos narrativos escritos. esta investigaci\u00f3n tambi\u00e9n estudi\u00f3 la presencia de algunas categor\u00edas que conforman la gram\u00e1tica narrativa como es el uso del tiempo, el espacio y los conectores en la construcci\u00f3n del discurso escrito. la muestra estuvo conformada por 162 escolares distribuidos en grupos de 18 ni\u00f1os por edad. El tipo de estudio corresponde a un dise\u00f1o descriptivo e interpretativo. Los resultados dan cuenta que no se observan diferencia significativas en la construcci\u00f3n de estructuras narrativas, as\u00ed como tampoco por escolaridad, edad, g\u00e9nero y nivel socioecon\u00f3mico. Se observaron algunas diferencias de car\u00e1cter cualitativas en el uso del tiempo, espacio y conectores en los sujetos de la muestra. se estima que conocer c\u00f3mo los ni\u00f1os escolares producen textos narrativos, hace posible contar con diagn\u00f3stico de la realidad, que permita dise\u00f1ar programas de mejoramiento en la calidad de la educaci\u00f3n, garantizando un mejor desempe\u00f1o en la etapa escolar.<\/p>\n<p>&nbsp;<\/p>\n<h3>Datos acad\u00e9micos de la tesis doctoral \u00ab<strong>Producciones narrativas en ni\u00f1os chilenos:un estdio exploratorio.<\/strong>\u00ab<\/h3>\n<ul>\n<li><strong>T\u00edtulo de la tesis:<\/strong>\u00a0 Producciones narrativas en ni\u00f1os chilenos:un estdio exploratorio. <\/li>\n<li><strong>Autor:<\/strong>\u00a0 Amelia D\u00edaz Oyarce <\/li>\n<li><strong>Universidad:<\/strong>\u00a0 Valladolid<\/li>\n<li><strong>Fecha de lectura de la tesis:<\/strong>\u00a0 08\/05\/2009<\/li>\n<\/ul>\n<p>&nbsp;<\/p>\n<h3>Direcci\u00f3n y tribunal<\/h3>\n<ul>\n<li><strong>Director de la tesis<\/strong>\n<ul>\n<li>C\u00e9sar Hern\u00e1ndez Alonso<\/li>\n<\/ul>\n<\/li>\n<li><strong>Tribunal<\/strong>\n<ul>\n<li>Presidente del tribunal: salvador Guti\u00e9rrez ord\u00f3\u00f1ez <\/li>\n<li>Luis Santos r\u00edo (vocal)<\/li>\n<li>Antonio Alvarez tejedor (vocal)<\/li>\n<li>em\u00edlio Ridruejo alonso (vocal)<\/li>\n<\/ul>\n<\/li>\n<\/ul>\n<p>&nbsp;<\/p>\n","protected":false},"excerpt":{"rendered":"<p>Tesis doctoral de Amelia D\u00edaz Oyarce El estudio se propuso conocer y analizar desde la perspectiva del lenguaje, el desempe\u00f1o [&hellip;]<\/p>\n","protected":false},"author":1,"featured_media":0,"comment_status":"open","ping_status":"open","sticky":false,"template":"","format":"standard","meta":{"site-sidebar-layout":"default","site-content-layout":"","ast-site-content-layout":"","site-content-style":"default","site-sidebar-style":"default","ast-global-header-display":"","ast-banner-title-visibility":"","ast-main-header-display":"","ast-hfb-above-header-display":"","ast-hfb-below-header-display":"","ast-hfb-mobile-header-display":"","site-post-title":"","ast-breadcrumbs-content":"","ast-featured-img":"","footer-sml-layout":"","theme-transparent-header-meta":"","adv-header-id-meta":"","stick-header-meta":"","header-above-stick-meta":"","header-main-stick-meta":"","header-below-stick-meta":"","astra-migrate-meta-layouts":"default","ast-page-background-enabled":"default","ast-page-background-meta":{"desktop":{"background-color":"var(--ast-global-color-4)","background-image":"","background-repeat":"repeat","background-position":"center center","background-size":"auto","background-attachment":"scroll","background-type":"","background-media":"","overlay-type":"","overlay-color":"","overlay-gradient":""},"tablet":{"background-color":"","background-image":"","background-repeat":"repeat","background-position":"center center","background-size":"auto","background-attachment":"scroll","background-type":"","background-media":"","overlay-type":"","overlay-color":"","overlay-gradient":""},"mobile":{"background-color":"","background-image":"","background-repeat":"repeat","background-position":"center center","background-size":"auto","background-attachment":"scroll","background-type":"","background-media":"","overlay-type":"","overlay-color":"","overlay-gradient":""}},"ast-content-background-meta":{"desktop":{"background-color":"var(--ast-global-color-5)","background-image":"","background-repeat":"repeat","background-position":"center center","background-size":"auto","background-attachment":"scroll","background-type":"","background-media":"","overlay-type":"","overlay-color":"","overlay-gradient":""},"tablet":{"background-color":"var(--ast-global-color-5)","background-image":"","background-repeat":"repeat","background-position":"center center","background-size":"auto","background-attachment":"scroll","background-type":"","background-media":"","overlay-type":"","overlay-color":"","overlay-gradient":""},"mobile":{"background-color":"var(--ast-global-color-5)","background-image":"","background-repeat":"repeat","background-position":"center center","background-size":"auto","background-attachment":"scroll","background-type":"","background-media":"","overlay-type":"","overlay-color":"","overlay-gradient":""}},"footnotes":""},"categories":[5557,12451],"tags":[192538,47358,12471,12598,22552,3018],"class_list":["post-93184","post","type-post","status-publish","format-standard","hentry","category-lenguaje-infantil","category-valladolid","tag-amelia-diaz-oyarce","tag-antonio-alvarez-tejedor","tag-cesar-hernandez-alonso","tag-emilio-ridruejo-alonso","tag-luis-santos-rio","tag-salvador-gutierrez-ordonez"],"_links":{"self":[{"href":"https:\/\/www.deberes.net\/tesis\/wp-json\/wp\/v2\/posts\/93184","targetHints":{"allow":["GET"]}}],"collection":[{"href":"https:\/\/www.deberes.net\/tesis\/wp-json\/wp\/v2\/posts"}],"about":[{"href":"https:\/\/www.deberes.net\/tesis\/wp-json\/wp\/v2\/types\/post"}],"author":[{"embeddable":true,"href":"https:\/\/www.deberes.net\/tesis\/wp-json\/wp\/v2\/users\/1"}],"replies":[{"embeddable":true,"href":"https:\/\/www.deberes.net\/tesis\/wp-json\/wp\/v2\/comments?post=93184"}],"version-history":[{"count":0,"href":"https:\/\/www.deberes.net\/tesis\/wp-json\/wp\/v2\/posts\/93184\/revisions"}],"wp:attachment":[{"href":"https:\/\/www.deberes.net\/tesis\/wp-json\/wp\/v2\/media?parent=93184"}],"wp:term":[{"taxonomy":"category","embeddable":true,"href":"https:\/\/www.deberes.net\/tesis\/wp-json\/wp\/v2\/categories?post=93184"},{"taxonomy":"post_tag","embeddable":true,"href":"https:\/\/www.deberes.net\/tesis\/wp-json\/wp\/v2\/tags?post=93184"}],"curies":[{"name":"wp","href":"https:\/\/api.w.org\/{rel}","templated":true}]}}