{"id":93243,"date":"2009-11-05T00:00:00","date_gmt":"2009-11-05T00:00:00","guid":{"rendered":"https:\/\/www.deberes.net\/tesis\/sin-categoria\/efectos-del-tamano-de-paricula-en-las-propiedades-de-los-tableros-de-cana-comun\/"},"modified":"2009-11-05T00:00:00","modified_gmt":"2009-11-05T00:00:00","slug":"efectos-del-tamano-de-paricula-en-las-propiedades-de-los-tableros-de-cana-comun","status":"publish","type":"post","link":"https:\/\/www.deberes.net\/tesis\/control-de-malezas\/efectos-del-tamano-de-paricula-en-las-propiedades-de-los-tableros-de-cana-comun\/","title":{"rendered":"Efectos del tama\u00f1o de paricula en las propiedades de los tableros de ca\u00f1a comun"},"content":{"rendered":"<h2>Tesis doctoral de <strong> Antonio Ferr\u00e1ndez Sala <\/strong><\/h2>\n<p>Resumen de la tesis: el sector de los tableros de madera en espa\u00f1a tiene un grave problema de d\u00e9ficit de materia prima, los recursos existentes son escasos y costosos, y la importaci\u00f3n es prohibitiva, unido a que provocar\u00eda una falta de competitividad en toda la industria del tablero en espa\u00f1a.  con este trabajo se plantea como objetivo cient\u00edfico el estudiar los efectos del tama\u00f1o de las part\u00edculas en las propiedades de los tableros de ca\u00f1a com\u00fan. Y como objetivos aplicados, la obtenci\u00f3n de un tablero de part\u00edculas aglomeradas utilizando un recurso f\u00e1cilmente renovable, la ca\u00f1a com\u00fan, de esta manera se posibilita el control de una mala hierba y un producto (tableros de part\u00edculas) de una materia prima m\u00e1s renovable que la madera, ya que la ca\u00f1a es una planta vivaz, con recolecci\u00f3n anual, de la que se pueden obtener altas producciones. para llevar a cabo estos objetivos se ha desarrollado un protocolo experimental en el que se fabricaron 40 tableros de 50&#215;35 cm de part\u00edculas aglomeradas, compuestos por diferentes tama\u00f1os de part\u00edculas de ca\u00f1a com\u00fan (0,25 a 1 mm, 0,25 a 2 mm, 1 a 2 mm, 2 a 4 mm, 4 a 8 mm y 8 a 10 mm). Con distintas disposiciones de las part\u00edculas (1 capa y 3 capas) y dos estados de humedad relativa previa de las part\u00edculas (4% y 10 %). Se fabricaron con temperaturas de 80\u00c2\u00ba c y 120\u00c2\u00ba c y con un 5,85 % en peso de u.F. Respecto al peso de las part\u00edculas. Posteriormente se cortaron las probetas con las dimensiones adecuadas para cada ensayo seg\u00fan las normas une en de los tableros de madera, adaptando el muestreo al tama\u00f1o de tablero fabricado. Se han realizado los ensayos de densidad, humedad y resistencia a la flexi\u00f3n, obteniendo el m\u00f3dulo de elasticidad en flexi\u00f3n, seg\u00fan las normas une en de los tableros de madera. los resultados obtenidos han mostrado que, la densidad, % humedad y resistencia a flexi\u00f3n dependen del tama\u00f1o de las part\u00edculas (tanto interiores como exteriores) con las que han sido fabricados, y que con tama\u00f1os menores de part\u00edculas, mayor es la densidad  y el porcentaje de humedad del tablero. Hay que destacar que la densidad obtenida en todos los tableros es menor que 600 kg\/m3, siendo la definida para los tableros ultraligeros, los m\u00e1s demandados por el mercado. la resistencia a flexi\u00f3n, tambi\u00e9n depende de la humedad previa de las part\u00edculas. Con menor humedad relativa de las part\u00edculas se obtiene mayor resistencia. Los tableros fabricados con tama\u00f1os de  part\u00edculas entre 0,25 y 4 mm son los que mayor resistencia a flexi\u00f3n tienen. como conclusi\u00f3n general, puede afirmarse que los resultados indican que la ca\u00f1a com\u00fan puede ser un buen material vegetal sustituto de la madera, para la fabricaci\u00f3n de tableros, ya que se han obtenido tableros con valores resistentes adecuados para su comercializaci\u00f3n. http:\/\/repositorio.Bib.Upct.Es\/dspace\/<\/p>\n<p>&nbsp;<\/p>\n<h3>Datos acad\u00e9micos de la tesis doctoral \u00ab<strong>Efectos del tama\u00f1o de paricula en las propiedades de los tableros de ca\u00f1a comun<\/strong>\u00ab<\/h3>\n<ul>\n<li><strong>T\u00edtulo de la tesis:<\/strong>\u00a0 Efectos del tama\u00f1o de paricula en las propiedades de los tableros de ca\u00f1a comun <\/li>\n<li><strong>Autor:<\/strong>\u00a0 Antonio Ferr\u00e1ndez Sala <\/li>\n<li><strong>Universidad:<\/strong>\u00a0 Polit\u00e9cnica de cartagena<\/li>\n<li><strong>Fecha de lectura de la tesis:<\/strong>\u00a0 11\/05\/2009<\/li>\n<\/ul>\n<p>&nbsp;<\/p>\n<h3>Direcci\u00f3n y tribunal<\/h3>\n<ul>\n<li><strong>Director de la tesis<\/strong>\n<ul>\n<li>Mar\u00eda Dolores G\u00f3mez L\u00f3pez<\/li>\n<\/ul>\n<\/li>\n<li><strong>Tribunal<\/strong>\n<ul>\n<li>Presidente del tribunal: Miguel \u00e1ngel Mart\u00ednez ca\u00f1adas <\/li>\n<li>Antonio Brasa ramos (vocal)<\/li>\n<li>Manuel Ferr\u00e1ndez-villena Garc\u00eda (vocal)<\/li>\n<li>Francisco Montero riquelme (vocal)<\/li>\n<\/ul>\n<\/li>\n<\/ul>\n<p>&nbsp;<\/p>\n","protected":false},"excerpt":{"rendered":"<p>Tesis doctoral de Antonio Ferr\u00e1ndez Sala Resumen de la tesis: el sector de los tableros de madera en espa\u00f1a tiene [&hellip;]<\/p>\n","protected":false},"author":1,"featured_media":0,"comment_status":"open","ping_status":"open","sticky":false,"template":"","format":"standard","meta":{"site-sidebar-layout":"default","site-content-layout":"","ast-site-content-layout":"","site-content-style":"default","site-sidebar-style":"default","ast-global-header-display":"","ast-banner-title-visibility":"","ast-main-header-display":"","ast-hfb-above-header-display":"","ast-hfb-below-header-display":"","ast-hfb-mobile-header-display":"","site-post-title":"","ast-breadcrumbs-content":"","ast-featured-img":"","footer-sml-layout":"","theme-transparent-header-meta":"","adv-header-id-meta":"","stick-header-meta":"","header-above-stick-meta":"","header-main-stick-meta":"","header-below-stick-meta":"","astra-migrate-meta-layouts":"default","ast-page-background-enabled":"default","ast-page-background-meta":{"desktop":{"background-color":"var(--ast-global-color-4)","background-image":"","background-repeat":"repeat","background-position":"center center","background-size":"auto","background-attachment":"scroll","background-type":"","background-media":"","overlay-type":"","overlay-color":"","overlay-gradient":""},"tablet":{"background-color":"","background-image":"","background-repeat":"repeat","background-position":"center center","background-size":"auto","background-attachment":"scroll","background-type":"","background-media":"","overlay-type":"","overlay-color":"","overlay-gradient":""},"mobile":{"background-color":"","background-image":"","background-repeat":"repeat","background-position":"center center","background-size":"auto","background-attachment":"scroll","background-type":"","background-media":"","overlay-type":"","overlay-color":"","overlay-gradient":""}},"ast-content-background-meta":{"desktop":{"background-color":"var(--ast-global-color-5)","background-image":"","background-repeat":"repeat","background-position":"center center","background-size":"auto","background-attachment":"scroll","background-type":"","background-media":"","overlay-type":"","overlay-color":"","overlay-gradient":""},"tablet":{"background-color":"var(--ast-global-color-5)","background-image":"","background-repeat":"repeat","background-position":"center center","background-size":"auto","background-attachment":"scroll","background-type":"","background-media":"","overlay-type":"","overlay-color":"","overlay-gradient":""},"mobile":{"background-color":"var(--ast-global-color-5)","background-image":"","background-repeat":"repeat","background-position":"center center","background-size":"auto","background-attachment":"scroll","background-type":"","background-media":"","overlay-type":"","overlay-color":"","overlay-gradient":""}},"footnotes":""},"categories":[2198,36532,18123,15648,2790],"tags":[40881,192624,40882,76619,81061,8709],"class_list":["post-93243","post","type-post","status-publish","format-standard","hentry","category-control-de-malezas","category-politecnica-de-cartagena","category-propiedades-mecanicas-de-materiales","category-residuos-industriales","category-tecnologia-de-la-madera","tag-antonio-brasa-ramos","tag-antonio-ferrandez-sala","tag-francisco-montero-riquelme","tag-manuel-ferrandez-villena-garcia","tag-maria-dolores-gomez-lopez","tag-miguel-angel-Martinez-canadas"],"_links":{"self":[{"href":"https:\/\/www.deberes.net\/tesis\/wp-json\/wp\/v2\/posts\/93243","targetHints":{"allow":["GET"]}}],"collection":[{"href":"https:\/\/www.deberes.net\/tesis\/wp-json\/wp\/v2\/posts"}],"about":[{"href":"https:\/\/www.deberes.net\/tesis\/wp-json\/wp\/v2\/types\/post"}],"author":[{"embeddable":true,"href":"https:\/\/www.deberes.net\/tesis\/wp-json\/wp\/v2\/users\/1"}],"replies":[{"embeddable":true,"href":"https:\/\/www.deberes.net\/tesis\/wp-json\/wp\/v2\/comments?post=93243"}],"version-history":[{"count":0,"href":"https:\/\/www.deberes.net\/tesis\/wp-json\/wp\/v2\/posts\/93243\/revisions"}],"wp:attachment":[{"href":"https:\/\/www.deberes.net\/tesis\/wp-json\/wp\/v2\/media?parent=93243"}],"wp:term":[{"taxonomy":"category","embeddable":true,"href":"https:\/\/www.deberes.net\/tesis\/wp-json\/wp\/v2\/categories?post=93243"},{"taxonomy":"post_tag","embeddable":true,"href":"https:\/\/www.deberes.net\/tesis\/wp-json\/wp\/v2\/tags?post=93243"}],"curies":[{"name":"wp","href":"https:\/\/api.w.org\/{rel}","templated":true}]}}