{"id":93245,"date":"2009-11-05T00:00:00","date_gmt":"2009-11-05T00:00:00","guid":{"rendered":"https:\/\/www.deberes.net\/tesis\/sin-categoria\/o-contrato-individual-de-trabalho-e-a-relaa%c2%a7ao-jura%c2%addica-de-emprego-na-administraa%c2%a7ao-publica\/"},"modified":"2009-11-05T00:00:00","modified_gmt":"2009-11-05T00:00:00","slug":"o-contrato-individual-de-trabalho-e-a-relaa%c2%a7ao-jura%c2%addica-de-emprego-na-administraa%c2%a7ao-publica","status":"publish","type":"post","link":"https:\/\/www.deberes.net\/tesis\/derecho-publico\/o-contrato-individual-de-trabalho-e-a-relaa%c2%a7ao-jura%c2%addica-de-emprego-na-administraa%c2%a7ao-publica\/","title":{"rendered":"O contrato individual de trabalho e a rela\u00c1\u00a7\u00c1\u00a3o jur\u00eddica de emprego na administra\u00c1\u00a7\u00c1\u00a3o p\u00fablica."},"content":{"rendered":"<h2>Tesis doctoral de <strong> Manuela Mar\u00eda Ribeiro  Da Silva <\/strong><\/h2>\n<p>Activos intangibles: estudio de la contabilizaci\u00f3n y divulgaci\u00f3n por las sociedades financieras ib\u00e9ricas.<\/p>\n<p>&nbsp;<\/p>\n<h3>Datos acad\u00e9micos de la tesis doctoral \u00ab<strong>O contrato individual de trabalho e a rela\u00c1\u00a7\u00c1\u00a3o jur\u00eddica de emprego na administra\u00c1\u00a7\u00c1\u00a3o p\u00fablica.<\/strong>\u00ab<\/h3>\n<ul>\n<li><strong>T\u00edtulo de la tesis:<\/strong>\u00a0 O contrato individual de trabalho e a rela\u00c1\u00a7\u00c1\u00a3o jur\u00eddica de emprego na administra\u00c1\u00a7\u00c1\u00a3o p\u00fablica. <\/li>\n<li><strong>Autor:<\/strong>\u00a0 Manuela Mar\u00eda Ribeiro  Da Silva <\/li>\n<li><strong>Universidad:<\/strong>\u00a0 Vigo<\/li>\n<li><strong>Fecha de lectura de la tesis:<\/strong>\u00a0 11\/05\/2009<\/li>\n<\/ul>\n<p>&nbsp;<\/p>\n<h3>Direcci\u00f3n y tribunal<\/h3>\n<ul>\n<li><strong>Director de la tesis<\/strong>\n<ul>\n<li>Juan  Ant\u00f3nio Hern\u00e1ndez Corchete<\/li>\n<\/ul>\n<\/li>\n<li><strong>Tribunal<\/strong>\n<ul>\n<li>Presidente del tribunal: lorenzo Martin retortillo baquer <\/li>\n<li>Jos\u00e9 Luis Pi\u00f1ar ma\u00f1as (vocal)<\/li>\n<li>remedios Roqueta buj (vocal)<\/li>\n<li>Miguel S\u00e1nchez mor\u00f3n (vocal)<\/li>\n<\/ul>\n<\/li>\n<\/ul>\n<p>&nbsp;<\/p>\n","protected":false},"excerpt":{"rendered":"<p>Tesis doctoral de Manuela Mar\u00eda Ribeiro Da Silva Activos intangibles: estudio de la contabilizaci\u00f3n y divulgaci\u00f3n por las sociedades financieras [&hellip;]<\/p>\n","protected":false},"author":1,"featured_media":0,"comment_status":"open","ping_status":"open","sticky":false,"template":"","format":"standard","meta":{"site-sidebar-layout":"default","site-content-layout":"","ast-site-content-layout":"","site-content-style":"default","site-sidebar-style":"default","ast-global-header-display":"","ast-banner-title-visibility":"","ast-main-header-display":"","ast-hfb-above-header-display":"","ast-hfb-below-header-display":"","ast-hfb-mobile-header-display":"","site-post-title":"","ast-breadcrumbs-content":"","ast-featured-img":"","footer-sml-layout":"","theme-transparent-header-meta":"","adv-header-id-meta":"","stick-header-meta":"","header-above-stick-meta":"","header-main-stick-meta":"","header-below-stick-meta":"","astra-migrate-meta-layouts":"default","ast-page-background-enabled":"default","ast-page-background-meta":{"desktop":{"background-color":"var(--ast-global-color-4)","background-image":"","background-repeat":"repeat","background-position":"center center","background-size":"auto","background-attachment":"scroll","background-type":"","background-media":"","overlay-type":"","overlay-color":"","overlay-gradient":""},"tablet":{"background-color":"","background-image":"","background-repeat":"repeat","background-position":"center center","background-size":"auto","background-attachment":"scroll","background-type":"","background-media":"","overlay-type":"","overlay-color":"","overlay-gradient":""},"mobile":{"background-color":"","background-image":"","background-repeat":"repeat","background-position":"center center","background-size":"auto","background-attachment":"scroll","background-type":"","background-media":"","overlay-type":"","overlay-color":"","overlay-gradient":""}},"ast-content-background-meta":{"desktop":{"background-color":"var(--ast-global-color-5)","background-image":"","background-repeat":"repeat","background-position":"center center","background-size":"auto","background-attachment":"scroll","background-type":"","background-media":"","overlay-type":"","overlay-color":"","overlay-gradient":""},"tablet":{"background-color":"var(--ast-global-color-5)","background-image":"","background-repeat":"repeat","background-position":"center center","background-size":"auto","background-attachment":"scroll","background-type":"","background-media":"","overlay-type":"","overlay-color":"","overlay-gradient":""},"mobile":{"background-color":"var(--ast-global-color-5)","background-image":"","background-repeat":"repeat","background-position":"center center","background-size":"auto","background-attachment":"scroll","background-type":"","background-media":"","overlay-type":"","overlay-color":"","overlay-gradient":""}},"footnotes":""},"categories":[5964,18657],"tags":[6455,147364,6452,192644,18560,36385],"class_list":["post-93245","post","type-post","status-publish","format-standard","hentry","category-derecho-publico","category-vigo","tag-jose-luis-pinar-manas","tag-juan-antonio-hernandez-corchete","tag-lorenzo-martin-retortillo-baquer","tag-manuela-maria-ribeiro-da-silva","tag-miguel-sanchez-moron","tag-remedios-roqueta-buj"],"_links":{"self":[{"href":"https:\/\/www.deberes.net\/tesis\/wp-json\/wp\/v2\/posts\/93245","targetHints":{"allow":["GET"]}}],"collection":[{"href":"https:\/\/www.deberes.net\/tesis\/wp-json\/wp\/v2\/posts"}],"about":[{"href":"https:\/\/www.deberes.net\/tesis\/wp-json\/wp\/v2\/types\/post"}],"author":[{"embeddable":true,"href":"https:\/\/www.deberes.net\/tesis\/wp-json\/wp\/v2\/users\/1"}],"replies":[{"embeddable":true,"href":"https:\/\/www.deberes.net\/tesis\/wp-json\/wp\/v2\/comments?post=93245"}],"version-history":[{"count":0,"href":"https:\/\/www.deberes.net\/tesis\/wp-json\/wp\/v2\/posts\/93245\/revisions"}],"wp:attachment":[{"href":"https:\/\/www.deberes.net\/tesis\/wp-json\/wp\/v2\/media?parent=93245"}],"wp:term":[{"taxonomy":"category","embeddable":true,"href":"https:\/\/www.deberes.net\/tesis\/wp-json\/wp\/v2\/categories?post=93245"},{"taxonomy":"post_tag","embeddable":true,"href":"https:\/\/www.deberes.net\/tesis\/wp-json\/wp\/v2\/tags?post=93245"}],"curies":[{"name":"wp","href":"https:\/\/api.w.org\/{rel}","templated":true}]}}