{"id":93282,"date":"2018-03-11T10:12:39","date_gmt":"2018-03-11T10:12:39","guid":{"rendered":"https:\/\/www.deberes.net\/tesis\/sin-categoria\/asistencia-materno-infantil-y-cuestiones-de-genero-en-el-programa-al-servicio-de-espana-y-del-nino-espanol-1938-1963\/"},"modified":"2018-03-11T10:12:39","modified_gmt":"2018-03-11T10:12:39","slug":"asistencia-materno-infantil-y-cuestiones-de-genero-en-el-programa-al-servicio-de-espana-y-del-nino-espanol-1938-1963","status":"publish","type":"post","link":"https:\/\/www.deberes.net\/tesis\/salud-publica\/asistencia-materno-infantil-y-cuestiones-de-genero-en-el-programa-al-servicio-de-espana-y-del-nino-espanol-1938-1963\/","title":{"rendered":"Asistencia materno-infantil y cuestiones de g\u00e9nero en el programa \u00abal servicio de espa\u00f1a y del ni\u00f1o espa\u00f1ol\u00bb (1938-1963)"},"content":{"rendered":"<h2>Tesis doctoral de <strong> Modesta Salazar Agullo <\/strong><\/h2>\n<p>A partir del an\u00e1lisis de las publicaciones de la colecci\u00f3n \u00abal servicio de espa\u00f1a y del ni\u00f1o espa\u00f1ol\u00bb (1938-1963), se describen las cuestiones de genero y asistenciales en relaci\u00f3n con la salud materno-infantil. Se analiza el problema demogr\u00e1fico y la importancia de disminuir la mortalidad infantil, mejorando la capacitaci\u00f3n de las madres, quienes deb\u00edan quedarse al cuidado de los hijos en el hogar. Se combati\u00f3 el trabajo femenino y se promocion\u00f3 la lactancia natural. Las matronas en este programa sanitario fueron culpabilizadas de los errores en el cuidado de los ni\u00f1os y de mala asistencia al parto. Pese a que la mortalidad materna era ocho veces inferior en la asistencia domiciliaria, en el programa se promovi\u00f3 el parto institucionalizado, lleg\u00e1ndose a ofrecer en los centros del seguro obligatorio de enfermedad hasta ocho d\u00edas de estancia gratuita para los partos normales. La culpabilizaci\u00f3n femenina en el cuidado de los hijos fue muy considerable.  g\u00e9nero, salud materno-infantil, enfermer\u00eda, matrona, franquismo, parto.<\/p>\n<p>&nbsp;<\/p>\n<h3>Datos acad\u00e9micos de la tesis doctoral \u00ab<strong>Asistencia materno-infantil y cuestiones de g\u00e9nero en el programa \u00abal servicio de espa\u00f1a y del ni\u00f1o espa\u00f1ol\u00bb (1938-1963)<\/strong>\u00ab<\/h3>\n<ul>\n<li><strong>T\u00edtulo de la tesis:<\/strong>\u00a0 Asistencia materno-infantil y cuestiones de g\u00e9nero en el programa \u00abal servicio de espa\u00f1a y del ni\u00f1o espa\u00f1ol\u00bb (1938-1963) <\/li>\n<li><strong>Autor:<\/strong>\u00a0 Modesta Salazar Agullo <\/li>\n<li><strong>Universidad:<\/strong>\u00a0 Alicante<\/li>\n<li><strong>Fecha de lectura de la tesis:<\/strong>\u00a0 14\/05\/2009<\/li>\n<\/ul>\n<p>&nbsp;<\/p>\n<h3>Direcci\u00f3n y tribunal<\/h3>\n<ul>\n<li><strong>Director de la tesis<\/strong>\n<ul>\n<li>Josep Bernabeu Mestre<\/li>\n<\/ul>\n<\/li>\n<li><strong>Tribunal<\/strong>\n<ul>\n<li>Presidente del tribunal: rosa Ballester a\u00f1on <\/li>\n<li>Manuel Linares abad (vocal)<\/li>\n<li>Mar\u00eda  Jos\u00e9 Ruiz somavilla (vocal)<\/li>\n<li>isabel Jimenez lucena (vocal)<\/li>\n<\/ul>\n<\/li>\n<\/ul>\n<p>&nbsp;<\/p>\n","protected":false},"excerpt":{"rendered":"<p>Tesis doctoral de Modesta Salazar Agullo A partir del an\u00e1lisis de las publicaciones de la colecci\u00f3n \u00abal servicio de espa\u00f1a [&hellip;]<\/p>\n","protected":false},"author":1,"featured_media":0,"comment_status":"open","ping_status":"open","sticky":false,"template":"","format":"standard","meta":{"site-sidebar-layout":"default","site-content-layout":"","ast-site-content-layout":"","site-content-style":"default","site-sidebar-style":"default","ast-global-header-display":"","ast-banner-title-visibility":"","ast-main-header-display":"","ast-hfb-above-header-display":"","ast-hfb-below-header-display":"","ast-hfb-mobile-header-display":"","site-post-title":"","ast-breadcrumbs-content":"","ast-featured-img":"","footer-sml-layout":"","theme-transparent-header-meta":"","adv-header-id-meta":"","stick-header-meta":"","header-above-stick-meta":"","header-main-stick-meta":"","header-below-stick-meta":"","astra-migrate-meta-layouts":"default","ast-page-background-enabled":"default","ast-page-background-meta":{"desktop":{"background-color":"var(--ast-global-color-4)","background-image":"","background-repeat":"repeat","background-position":"center center","background-size":"auto","background-attachment":"scroll","background-type":"","background-media":"","overlay-type":"","overlay-color":"","overlay-gradient":""},"tablet":{"background-color":"","background-image":"","background-repeat":"repeat","background-position":"center center","background-size":"auto","background-attachment":"scroll","background-type":"","background-media":"","overlay-type":"","overlay-color":"","overlay-gradient":""},"mobile":{"background-color":"","background-image":"","background-repeat":"repeat","background-position":"center center","background-size":"auto","background-attachment":"scroll","background-type":"","background-media":"","overlay-type":"","overlay-color":"","overlay-gradient":""}},"ast-content-background-meta":{"desktop":{"background-color":"var(--ast-global-color-5)","background-image":"","background-repeat":"repeat","background-position":"center center","background-size":"auto","background-attachment":"scroll","background-type":"","background-media":"","overlay-type":"","overlay-color":"","overlay-gradient":""},"tablet":{"background-color":"var(--ast-global-color-5)","background-image":"","background-repeat":"repeat","background-position":"center center","background-size":"auto","background-attachment":"scroll","background-type":"","background-media":"","overlay-type":"","overlay-color":"","overlay-gradient":""},"mobile":{"background-color":"var(--ast-global-color-5)","background-image":"","background-repeat":"repeat","background-position":"center center","background-size":"auto","background-attachment":"scroll","background-type":"","background-media":"","overlay-type":"","overlay-color":"","overlay-gradient":""}},"footnotes":""},"categories":[19166,29061,4074,967,96300],"tags":[24773,11910,149136,192710,192709,8427],"class_list":["post-93282","post","type-post","status-publish","format-standard","hentry","category-alicante","category-mortalidad-infantil","category-politica-sanitaria","category-salud-publica","category-tasa-de-natalidad","tag-isabel-jimenez-lucena","tag-josep-bernabeu-mestre","tag-manuel-linares-abad","tag-maria-jose-ruiz-somavilla","tag-modesta-salazar-agullo","tag-rosa-ballester-anon"],"_links":{"self":[{"href":"https:\/\/www.deberes.net\/tesis\/wp-json\/wp\/v2\/posts\/93282","targetHints":{"allow":["GET"]}}],"collection":[{"href":"https:\/\/www.deberes.net\/tesis\/wp-json\/wp\/v2\/posts"}],"about":[{"href":"https:\/\/www.deberes.net\/tesis\/wp-json\/wp\/v2\/types\/post"}],"author":[{"embeddable":true,"href":"https:\/\/www.deberes.net\/tesis\/wp-json\/wp\/v2\/users\/1"}],"replies":[{"embeddable":true,"href":"https:\/\/www.deberes.net\/tesis\/wp-json\/wp\/v2\/comments?post=93282"}],"version-history":[{"count":0,"href":"https:\/\/www.deberes.net\/tesis\/wp-json\/wp\/v2\/posts\/93282\/revisions"}],"wp:attachment":[{"href":"https:\/\/www.deberes.net\/tesis\/wp-json\/wp\/v2\/media?parent=93282"}],"wp:term":[{"taxonomy":"category","embeddable":true,"href":"https:\/\/www.deberes.net\/tesis\/wp-json\/wp\/v2\/categories?post=93282"},{"taxonomy":"post_tag","embeddable":true,"href":"https:\/\/www.deberes.net\/tesis\/wp-json\/wp\/v2\/tags?post=93282"}],"curies":[{"name":"wp","href":"https:\/\/api.w.org\/{rel}","templated":true}]}}