{"id":9330,"date":"1995-01-01T00:00:00","date_gmt":"1995-01-01T00:00:00","guid":{"rendered":"https:\/\/www.deberes.net\/tesis\/1995\/01\/01\/novela-e-idilio-en-el-personaje-femenino-de-jose-m-de-pereda\/"},"modified":"1995-01-01T00:00:00","modified_gmt":"1995-01-01T00:00:00","slug":"novela-e-idilio-en-el-personaje-femenino-de-jose-m-de-pereda","status":"publish","type":"post","link":"https:\/\/www.deberes.net\/tesis\/historia\/novela-e-idilio-en-el-personaje-femenino-de-jose-m-de-pereda\/","title":{"rendered":"Novela e idilio en el personaje femenino de jose m. de pereda."},"content":{"rendered":"<h2>Tesis doctoral de <strong>  Blanco De La Lama Asuncion <\/strong><\/h2>\n<p>El tema de este trabajo es el personaje femenino en la narrativa de jose m. De pereda. El tratamiento que le hemos dado es exclusivamente literario, aunque tenemos en cuenta el estudio sociologico. Dividimos en dos partes el tratamiento literario del personaje femenino perediano.  la primera de ellas es el analisis intrinseco y la segunda el extrinseco. En la primera abordamos los siguientes aspectos: los distintos modelos femeninos aplicando criterios variados; tecnicas descriptivas como la literaturizacion y verosimilitud; el proceso compositivo y la funcionalidad del personal femenino en el universo novelistico. En la segunda parte, tratamos el personaje femenino desde la perspectiva extrinseca que tiene en cuenta los elementos sociologicos. Nos fijamos en las funciones sociales y familiares que ejerce el personaje femenino perediano y realizamos un estudio comparativo con respecto al papel socio-literario del personaje masculino.  el principal objetivo de este analisis, es ver la actuacion de dos elementos en la construccion del personaje femenino perediano. Uno de ellos es la formula literaria que enuncio montesinos: la novela y el idilio.  el otro es el ideologico formulado por gonzalez herran:  menosprecio de corte y alabanza de aldea\u00bb\u00bb.<\/p>\n<p>&nbsp;<\/p>\n<h3>Datos acad\u00e9micos de la tesis doctoral \u00ab<strong>Novela e idilio en el personaje femenino de jose m. de pereda.<\/strong>\u00ab<\/h3>\n<ul>\n<li><strong>T\u00edtulo de la tesis:<\/strong>\u00a0 Novela e idilio en el personaje femenino de jose m. de pereda. <\/li>\n<li><strong>Autor:<\/strong>\u00a0  Blanco De La Lama Asuncion <\/li>\n<li><strong>Universidad:<\/strong>\u00a0 Navarra<\/li>\n<li><strong>Fecha de lectura de la tesis:<\/strong>\u00a0 01\/01\/1995<\/li>\n<\/ul>\n<p>&nbsp;<\/p>\n<h3>Direcci\u00f3n y tribunal<\/h3>\n<ul>\n<li><strong>Director de la tesis<\/strong>\n<ul>\n<li> Fern\u00e1ndez Gonz\u00e1lez Angel Raimundo<\/li>\n<\/ul>\n<\/li>\n<li><strong>Tribunal<\/strong>\n<ul>\n<li>Presidente del tribunal: Jos\u00e9 Mar\u00eda Mart\u00ednez Cachero <\/li>\n<li>Jos\u00e9 Mar\u00eda Fern\u00e1ndez Guti\u00e9rrez (vocal)<\/li>\n<li>Kurt Spang (vocal)<\/li>\n<li>Victor Ignacio Garcia Ruiz (vocal)<\/li>\n<\/ul>\n<\/li>\n<\/ul>\n<p>&nbsp;<\/p>\n","protected":false},"excerpt":{"rendered":"<p>Tesis doctoral de Blanco De La Lama Asuncion El tema de este trabajo es el personaje femenino en la narrativa [&hellip;]<\/p>\n","protected":false},"author":1,"featured_media":0,"comment_status":"open","ping_status":"open","sticky":false,"template":"","format":"standard","meta":{"site-sidebar-layout":"default","site-content-layout":"","ast-site-content-layout":"","site-content-style":"default","site-sidebar-style":"default","ast-global-header-display":"","ast-banner-title-visibility":"","ast-main-header-display":"","ast-hfb-above-header-display":"","ast-hfb-below-header-display":"","ast-hfb-mobile-header-display":"","site-post-title":"","ast-breadcrumbs-content":"","ast-featured-img":"","footer-sml-layout":"","theme-transparent-header-meta":"","adv-header-id-meta":"","stick-header-meta":"","header-above-stick-meta":"","header-main-stick-meta":"","header-below-stick-meta":"","astra-migrate-meta-layouts":"default","ast-page-background-enabled":"default","ast-page-background-meta":{"desktop":{"background-color":"var(--ast-global-color-4)","background-image":"","background-repeat":"repeat","background-position":"center center","background-size":"auto","background-attachment":"scroll","background-type":"","background-media":"","overlay-type":"","overlay-color":"","overlay-gradient":""},"tablet":{"background-color":"","background-image":"","background-repeat":"repeat","background-position":"center center","background-size":"auto","background-attachment":"scroll","background-type":"","background-media":"","overlay-type":"","overlay-color":"","overlay-gradient":""},"mobile":{"background-color":"","background-image":"","background-repeat":"repeat","background-position":"center center","background-size":"auto","background-attachment":"scroll","background-type":"","background-media":"","overlay-type":"","overlay-color":"","overlay-gradient":""}},"ast-content-background-meta":{"desktop":{"background-color":"var(--ast-global-color-5)","background-image":"","background-repeat":"repeat","background-position":"center center","background-size":"auto","background-attachment":"scroll","background-type":"","background-media":"","overlay-type":"","overlay-color":"","overlay-gradient":""},"tablet":{"background-color":"var(--ast-global-color-5)","background-image":"","background-repeat":"repeat","background-position":"center center","background-size":"auto","background-attachment":"scroll","background-type":"","background-media":"","overlay-type":"","overlay-color":"","overlay-gradient":""},"mobile":{"background-color":"var(--ast-global-color-5)","background-image":"","background-repeat":"repeat","background-position":"center center","background-size":"auto","background-attachment":"scroll","background-type":"","background-media":"","overlay-type":"","overlay-color":"","overlay-gradient":""}},"footnotes":""},"categories":[148,147,104,1867,222,17749,628],"tags":[32059,17921,32060,6869,17923,17964],"class_list":["post-9330","post","type-post","status-publish","format-standard","hentry","category-analisis-literario","category-ciencias-de-las-artes-y-las-letras","category-historia","category-historia-de-la-literatura-espanola","category-historias-especializadas","category-navarra","category-teoria-analisis-y-critica-literarios","tag-blanco-de-la-lama-asuncion","tag-fernandez-gonzalez-angel-raimundo","tag-jose-maria-fernandez-gutierrez","tag-jose-maria-Martinez-cachero","tag-kurt-spang","tag-victor-ignacio-garcia-ruiz"],"_links":{"self":[{"href":"https:\/\/www.deberes.net\/tesis\/wp-json\/wp\/v2\/posts\/9330","targetHints":{"allow":["GET"]}}],"collection":[{"href":"https:\/\/www.deberes.net\/tesis\/wp-json\/wp\/v2\/posts"}],"about":[{"href":"https:\/\/www.deberes.net\/tesis\/wp-json\/wp\/v2\/types\/post"}],"author":[{"embeddable":true,"href":"https:\/\/www.deberes.net\/tesis\/wp-json\/wp\/v2\/users\/1"}],"replies":[{"embeddable":true,"href":"https:\/\/www.deberes.net\/tesis\/wp-json\/wp\/v2\/comments?post=9330"}],"version-history":[{"count":0,"href":"https:\/\/www.deberes.net\/tesis\/wp-json\/wp\/v2\/posts\/9330\/revisions"}],"wp:attachment":[{"href":"https:\/\/www.deberes.net\/tesis\/wp-json\/wp\/v2\/media?parent=9330"}],"wp:term":[{"taxonomy":"category","embeddable":true,"href":"https:\/\/www.deberes.net\/tesis\/wp-json\/wp\/v2\/categories?post=9330"},{"taxonomy":"post_tag","embeddable":true,"href":"https:\/\/www.deberes.net\/tesis\/wp-json\/wp\/v2\/tags?post=9330"}],"curies":[{"name":"wp","href":"https:\/\/api.w.org\/{rel}","templated":true}]}}