{"id":93335,"date":"2018-03-11T10:12:39","date_gmt":"2018-03-11T10:12:39","guid":{"rendered":"https:\/\/www.deberes.net\/tesis\/sin-categoria\/la-obra-musical-de-david-del-puerto-una-postura-estetica-de-la-postvanguardia\/"},"modified":"2018-03-11T10:12:39","modified_gmt":"2018-03-11T10:12:39","slug":"la-obra-musical-de-david-del-puerto-una-postura-estetica-de-la-postvanguardia","status":"publish","type":"post","link":"https:\/\/www.deberes.net\/tesis\/musica-y-musicologia\/la-obra-musical-de-david-del-puerto-una-postura-estetica-de-la-postvanguardia\/","title":{"rendered":"La obra musical de david del puerto, una postura est\u00e9tica de la postvanguardia"},"content":{"rendered":"<h2>Tesis doctoral de <strong> Eduardo Soutullo Garcia <\/strong><\/h2>\n<p>El objeto de estudio de la presente tesis es la evoluci\u00f3n de la m\u00fasica de del puerto hacia lo que podr\u00edamos denominar una est\u00e9tica de la postvanguradia. Dicha evoluci\u00f3n abarca un lapso de tiempo de m\u00e1s de veinticinco a\u00f1os de producci\u00f3n musical en diversos g\u00e9neros, en el transcurso de los cuales del puerto se ha convertido en uno de los nombres claves de la m\u00fasica contempor\u00e1nea espa\u00f1ola.  la primera parte de esta tesis se ocupa de la formaci\u00f3n del compositor dentro del ambiente de la vanguardia musical espa\u00f1ola, y de c\u00f3mo las diversas tendencias de la m\u00fasica contempor\u00e1nea de ese per\u00edodo (1980-1991) fueron marcando cada una de sus primeras obras.  la segunda parte de esta tesis abarca el per\u00edodo de madurez del compositor (desde 1992 hasta hoy) caracterizado por el empleo de un lenguaje compositivo ya personal. Se ha realizado en primer lugar un estudio de las caracter\u00edsitcas generales de la m\u00fasica de este per\u00edodo, para pasar a continuaci\u00f3n al an\u00e1lisis detallado de las obras m\u00e1s representativas de cada uno de los g\u00e9neros que ha cultivado: concertante, sinf\u00f3nico, vocal y camer\u00edstico.  el cap\u00edtulo final, dedicado a las conclusiones, hace una valoraci\u00f3n del conjunto de la obra del compositor como una manifestaci\u00f3n de su postura est\u00e9tica, alejada de los postulados de la vanguardia musical espa\u00f1ola.<\/p>\n<p>&nbsp;<\/p>\n<h3>Datos acad\u00e9micos de la tesis doctoral \u00ab<strong>La obra musical de david del puerto, una postura est\u00e9tica de la postvanguardia<\/strong>\u00ab<\/h3>\n<ul>\n<li><strong>T\u00edtulo de la tesis:<\/strong>\u00a0 La obra musical de david del puerto, una postura est\u00e9tica de la postvanguardia <\/li>\n<li><strong>Autor:<\/strong>\u00a0 Eduardo Soutullo Garcia <\/li>\n<li><strong>Universidad:<\/strong>\u00a0 Vigo<\/li>\n<li><strong>Fecha de lectura de la tesis:<\/strong>\u00a0 15\/05\/2009<\/li>\n<\/ul>\n<p>&nbsp;<\/p>\n<h3>Direcci\u00f3n y tribunal<\/h3>\n<ul>\n<li><strong>Director de la tesis<\/strong>\n<ul>\n<li>Mar\u00eda no V\u00e1zquez  Tur<\/li>\n<\/ul>\n<\/li>\n<li><strong>Tribunal<\/strong>\n<ul>\n<li>Presidente del tribunal: jos\u00e9 L\u00f3pez calo <\/li>\n<li>roc\u00edo Chao fern\u00e1ndez (vocal)<\/li>\n<li>  (vocal)<\/li>\n<li>  (vocal)<\/li>\n<\/ul>\n<\/li>\n<\/ul>\n<p>&nbsp;<\/p>\n","protected":false},"excerpt":{"rendered":"<p>Tesis doctoral de Eduardo Soutullo Garcia El objeto de estudio de la presente tesis es la evoluci\u00f3n de la m\u00fasica [&hellip;]<\/p>\n","protected":false},"author":1,"featured_media":0,"comment_status":"open","ping_status":"open","sticky":false,"template":"","format":"standard","meta":{"site-sidebar-layout":"default","site-content-layout":"","ast-site-content-layout":"","site-content-style":"default","site-sidebar-style":"default","ast-global-header-display":"","ast-banner-title-visibility":"","ast-main-header-display":"","ast-hfb-above-header-display":"","ast-hfb-below-header-display":"","ast-hfb-mobile-header-display":"","site-post-title":"","ast-breadcrumbs-content":"","ast-featured-img":"","footer-sml-layout":"","theme-transparent-header-meta":"","adv-header-id-meta":"","stick-header-meta":"","header-above-stick-meta":"","header-main-stick-meta":"","header-below-stick-meta":"","astra-migrate-meta-layouts":"default","ast-page-background-enabled":"default","ast-page-background-meta":{"desktop":{"background-color":"var(--ast-global-color-4)","background-image":"","background-repeat":"repeat","background-position":"center center","background-size":"auto","background-attachment":"scroll","background-type":"","background-media":"","overlay-type":"","overlay-color":"","overlay-gradient":""},"tablet":{"background-color":"","background-image":"","background-repeat":"repeat","background-position":"center center","background-size":"auto","background-attachment":"scroll","background-type":"","background-media":"","overlay-type":"","overlay-color":"","overlay-gradient":""},"mobile":{"background-color":"","background-image":"","background-repeat":"repeat","background-position":"center center","background-size":"auto","background-attachment":"scroll","background-type":"","background-media":"","overlay-type":"","overlay-color":"","overlay-gradient":""}},"ast-content-background-meta":{"desktop":{"background-color":"var(--ast-global-color-5)","background-image":"","background-repeat":"repeat","background-position":"center center","background-size":"auto","background-attachment":"scroll","background-type":"","background-media":"","overlay-type":"","overlay-color":"","overlay-gradient":""},"tablet":{"background-color":"var(--ast-global-color-5)","background-image":"","background-repeat":"repeat","background-position":"center center","background-size":"auto","background-attachment":"scroll","background-type":"","background-media":"","overlay-type":"","overlay-color":"","overlay-gradient":""},"mobile":{"background-color":"var(--ast-global-color-5)","background-image":"","background-repeat":"repeat","background-position":"center center","background-size":"auto","background-attachment":"scroll","background-type":"","background-media":"","overlay-type":"","overlay-color":"","overlay-gradient":""}},"footnotes":""},"categories":[9132,18657],"tags":[192797,7636,192798,161066],"class_list":["post-93335","post","type-post","status-publish","format-standard","hentry","category-musica-y-musicologia","category-vigo","tag-eduardo-soutullo-garcia","tag-jose-lopez-calo","tag-maria-no-vazquez-tur","tag-rocio-chao-fernandez"],"_links":{"self":[{"href":"https:\/\/www.deberes.net\/tesis\/wp-json\/wp\/v2\/posts\/93335","targetHints":{"allow":["GET"]}}],"collection":[{"href":"https:\/\/www.deberes.net\/tesis\/wp-json\/wp\/v2\/posts"}],"about":[{"href":"https:\/\/www.deberes.net\/tesis\/wp-json\/wp\/v2\/types\/post"}],"author":[{"embeddable":true,"href":"https:\/\/www.deberes.net\/tesis\/wp-json\/wp\/v2\/users\/1"}],"replies":[{"embeddable":true,"href":"https:\/\/www.deberes.net\/tesis\/wp-json\/wp\/v2\/comments?post=93335"}],"version-history":[{"count":0,"href":"https:\/\/www.deberes.net\/tesis\/wp-json\/wp\/v2\/posts\/93335\/revisions"}],"wp:attachment":[{"href":"https:\/\/www.deberes.net\/tesis\/wp-json\/wp\/v2\/media?parent=93335"}],"wp:term":[{"taxonomy":"category","embeddable":true,"href":"https:\/\/www.deberes.net\/tesis\/wp-json\/wp\/v2\/categories?post=93335"},{"taxonomy":"post_tag","embeddable":true,"href":"https:\/\/www.deberes.net\/tesis\/wp-json\/wp\/v2\/tags?post=93335"}],"curies":[{"name":"wp","href":"https:\/\/api.w.org\/{rel}","templated":true}]}}