{"id":93342,"date":"2018-03-11T10:12:43","date_gmt":"2018-03-11T10:12:43","guid":{"rendered":"https:\/\/www.deberes.net\/tesis\/sin-categoria\/patrones-de-actividad-fa%c2%adsica-de-los-adolescentes-de-la-comunidad-valenciana-y-factores-que-influyen-en-su-participacion\/"},"modified":"2018-03-11T10:12:43","modified_gmt":"2018-03-11T10:12:43","slug":"patrones-de-actividad-fa%c2%adsica-de-los-adolescentes-de-la-comunidad-valenciana-y-factores-que-influyen-en-su-participacion","status":"publish","type":"post","link":"https:\/\/www.deberes.net\/tesis\/salud-publica\/patrones-de-actividad-fa%c2%adsica-de-los-adolescentes-de-la-comunidad-valenciana-y-factores-que-influyen-en-su-participacion\/","title":{"rendered":"Patrones de actividad f\u00edsica de los adolescentes de la comunidad Valenciana y factores que influyen en su participaci\u00f3n"},"content":{"rendered":"<h2>Tesis doctoral de <strong> Vicente Javier Beltran Carrillo <\/strong><\/h2>\n<p>La inactividad f\u00edsica de la poblaci\u00f3n actual est\u00e1 ocasionando severas repercusiones sobre el bienestar y la salud p\u00fablica. Ante esta problem\u00e1tica, la promoci\u00f3n de la actividad f\u00edsica en los j\u00f3venes representa un objetivo prioritario de salud p\u00fablica y se precisa de estudios epidemiol\u00f3gicos que aporten una informaci\u00f3n \u00fatil para la puesta en marcha de estrategias de promoci\u00f3n adecuadas. la presente tesis doctoral consiste en una investigaci\u00f3n epidemiol\u00f3gica que posee dos fases bien diferenciadas. La primera fase obedece a una metodolog\u00eda cuantitativa y se basa en la administraci\u00f3n de un cuestionario de recuerdo para conocer los patrones de actividad f\u00edsica de una muestra de 395 adolescentes de bachiller de la comunidad Valenciana. La segunda fase, basada en una metodolog\u00eda cualitativa, consiste en la realizaci\u00f3n de entrevistas en profundidad a 20 adolescentes representantes de los distintos niveles de participaci\u00f3n (activos, moderadamente activos, inactivos, muy inactivos) para ahondar en sus opiniones, ideas y sentimientos, as\u00ed como en sus experiencias vividas en actividad f\u00edsica y deporte, pudiendo identificar de este modo factores personales, sociales y ambientales que influyen en sus decisiones de participaci\u00f3n y nos ayudan a entender por qu\u00e9 son activos o inactivos. los resultados de la fase cuantitativa se\u00f1alan que el gasto energ\u00e9tico medio de los adolescentes de bachiller de la comunidad Valenciana es de 38,64 kcal\/kg\/d\u00eda y que el 47,8 % de los adolescentes pertenece a las categor\u00edas de inactivos o muy inactivos. Los an\u00e1lisis de varianza mostraron que los chicos presentan mayor gasto energ\u00e9tico que las chicas, no existiendo diferencias significativas en el gasto energ\u00e9tico entre los alumnos de centros p\u00fablicos y privados o de primero y segundo de bachiller. Por otra parte, el gasto energ\u00e9tico medio de los adolescentes fue mayor en invierno que en oto\u00f1o y durante el fin de semana que entre semana. Los resultados de la fase cualitativa indican que la percepci\u00f3n de competencia emerge como un importante factor que influye en la participaci\u00f3n en actividad f\u00edsica y deporte. Tambi\u00e9n se comprueba que la salud es el beneficio percibido de la actividad f\u00edsica m\u00e1s com\u00fan y que junto a la falta de tiempo y otras preferencias de ocio, se identifican otras barreras personales para la participaci\u00f3n, como son las preocupaciones femeninas ante las miradas ajenas o la masculinizaci\u00f3n de su cuerpo con la pr\u00e1ctica deportiva. Los padres representan la figura m\u00e1s influyente en los niveles de actividad f\u00edsica de los j\u00f3venes. Paralelamente, se identifica como un gran problema la cultura hegem\u00f3nica, presente en la educaci\u00f3n f\u00edsica y el deporte, sobre el rendimiento, el g\u00e9nero y la forma corporal. En ocasiones, la educaci\u00f3n f\u00edsica y el deporte se convierten en contextos donde j\u00f3venes poco habilidosos, con poca forma f\u00edsica o con un somatotipo endomorfo reciben el rechazo, exclusi\u00f3n o burla de chicos habilidosos y la infravaloraci\u00f3n o reprimenda de algunos entrenadores o profesores de educaci\u00f3n f\u00edsica. Estas experiencias negativas afectan de modo indeseable la identidad de estas apersonas y promueven la inactividad f\u00edsica. Al margen de estas cuestiones, se observa que la oferta deportiva, las condiciones de seguridad urbana del lugar de residencia o veraneo y la proximidad de los lugares de pr\u00e1ctica son aspectos favorecedores de la pr\u00e1ctica f\u00edsica. a la vista de los resultados, se hace evidente la necesidad de contextos inclusivos de pr\u00e1ctica y estrategias de promoci\u00f3n suficientemente sensibles para hacer frente a la inactividad f\u00edsica sin fomentar el rechazo de aquellos j\u00f3venes que precisamente m\u00e1s necesitan de los beneficios de la actividad f\u00edsica.<\/p>\n<p>&nbsp;<\/p>\n<h3>Datos acad\u00e9micos de la tesis doctoral \u00ab<strong>Patrones de actividad f\u00edsica de los adolescentes de la comunidad Valenciana y factores que influyen en su participaci\u00f3n<\/strong>\u00ab<\/h3>\n<ul>\n<li><strong>T\u00edtulo de la tesis:<\/strong>\u00a0 Patrones de actividad f\u00edsica de los adolescentes de la comunidad Valenciana y factores que influyen en su participaci\u00f3n <\/li>\n<li><strong>Autor:<\/strong>\u00a0 Vicente Javier Beltran Carrillo <\/li>\n<li><strong>Universidad:<\/strong>\u00a0 Universitat de val\u00e9ncia (estudi general)<\/li>\n<li><strong>Fecha de lectura de la tesis:<\/strong>\u00a0 18\/05\/2009<\/li>\n<\/ul>\n<p>&nbsp;<\/p>\n<h3>Direcci\u00f3n y tribunal<\/h3>\n<ul>\n<li><strong>Director de la tesis<\/strong>\n<ul>\n<li>Jos\u00e9 Dev\u00eds Dev\u00eds<\/li>\n<\/ul>\n<\/li>\n<li><strong>Tribunal<\/strong>\n<ul>\n<li>Presidente del tribunal: josep lLuis Barona vilar <\/li>\n<li>david Brown (vocal)<\/li>\n<li>julien Bois (vocal)<\/li>\n<li>Manuel Delgado fernandez (vocal)<\/li>\n<\/ul>\n<\/li>\n<\/ul>\n<p>&nbsp;<\/p>\n","protected":false},"excerpt":{"rendered":"<p>Tesis doctoral de Vicente Javier Beltran Carrillo La inactividad f\u00edsica de la poblaci\u00f3n actual est\u00e1 ocasionando severas repercusiones sobre el [&hellip;]<\/p>\n","protected":false},"author":1,"featured_media":0,"comment_status":"open","ping_status":"open","sticky":false,"template":"","format":"standard","meta":{"site-sidebar-layout":"default","site-content-layout":"","ast-site-content-layout":"","site-content-style":"default","site-sidebar-style":"default","ast-global-header-display":"","ast-banner-title-visibility":"","ast-main-header-display":"","ast-hfb-above-header-display":"","ast-hfb-below-header-display":"","ast-hfb-mobile-header-display":"","site-post-title":"","ast-breadcrumbs-content":"","ast-featured-img":"","footer-sml-layout":"","theme-transparent-header-meta":"","adv-header-id-meta":"","stick-header-meta":"","header-above-stick-meta":"","header-main-stick-meta":"","header-below-stick-meta":"","astra-migrate-meta-layouts":"default","ast-page-background-enabled":"default","ast-page-background-meta":{"desktop":{"background-color":"var(--ast-global-color-4)","background-image":"","background-repeat":"repeat","background-position":"center center","background-size":"auto","background-attachment":"scroll","background-type":"","background-media":"","overlay-type":"","overlay-color":"","overlay-gradient":""},"tablet":{"background-color":"","background-image":"","background-repeat":"repeat","background-position":"center center","background-size":"auto","background-attachment":"scroll","background-type":"","background-media":"","overlay-type":"","overlay-color":"","overlay-gradient":""},"mobile":{"background-color":"","background-image":"","background-repeat":"repeat","background-position":"center center","background-size":"auto","background-attachment":"scroll","background-type":"","background-media":"","overlay-type":"","overlay-color":"","overlay-gradient":""}},"ast-content-background-meta":{"desktop":{"background-color":"var(--ast-global-color-5)","background-image":"","background-repeat":"repeat","background-position":"center center","background-size":"auto","background-attachment":"scroll","background-type":"","background-media":"","overlay-type":"","overlay-color":"","overlay-gradient":""},"tablet":{"background-color":"var(--ast-global-color-5)","background-image":"","background-repeat":"repeat","background-position":"center center","background-size":"auto","background-attachment":"scroll","background-type":"","background-media":"","overlay-type":"","overlay-color":"","overlay-gradient":""},"mobile":{"background-color":"var(--ast-global-color-5)","background-image":"","background-repeat":"repeat","background-position":"center center","background-size":"auto","background-attachment":"scroll","background-type":"","background-media":"","overlay-type":"","overlay-color":"","overlay-gradient":""}},"footnotes":""},"categories":[967],"tags":[192810,11640,11961,192811,35422,192809],"class_list":["post-93342","post","type-post","status-publish","format-standard","hentry","category-salud-publica","tag-david-brown","tag-jose-devis-devis","tag-josep-lluis-barona-vilar","tag-julien-bois","tag-manuel-delgado-fernandez","tag-vicente-javier-beltran-carrillo"],"_links":{"self":[{"href":"https:\/\/www.deberes.net\/tesis\/wp-json\/wp\/v2\/posts\/93342","targetHints":{"allow":["GET"]}}],"collection":[{"href":"https:\/\/www.deberes.net\/tesis\/wp-json\/wp\/v2\/posts"}],"about":[{"href":"https:\/\/www.deberes.net\/tesis\/wp-json\/wp\/v2\/types\/post"}],"author":[{"embeddable":true,"href":"https:\/\/www.deberes.net\/tesis\/wp-json\/wp\/v2\/users\/1"}],"replies":[{"embeddable":true,"href":"https:\/\/www.deberes.net\/tesis\/wp-json\/wp\/v2\/comments?post=93342"}],"version-history":[{"count":0,"href":"https:\/\/www.deberes.net\/tesis\/wp-json\/wp\/v2\/posts\/93342\/revisions"}],"wp:attachment":[{"href":"https:\/\/www.deberes.net\/tesis\/wp-json\/wp\/v2\/media?parent=93342"}],"wp:term":[{"taxonomy":"category","embeddable":true,"href":"https:\/\/www.deberes.net\/tesis\/wp-json\/wp\/v2\/categories?post=93342"},{"taxonomy":"post_tag","embeddable":true,"href":"https:\/\/www.deberes.net\/tesis\/wp-json\/wp\/v2\/tags?post=93342"}],"curies":[{"name":"wp","href":"https:\/\/api.w.org\/{rel}","templated":true}]}}