{"id":93348,"date":"2018-03-11T10:12:43","date_gmt":"2018-03-11T10:12:43","guid":{"rendered":"https:\/\/www.deberes.net\/tesis\/sin-categoria\/sonidos-en-la-arquitectura-de-san-pedro-un-estudio-acustico-desde-la-perspectiva-tecnica-y-arta%c2%adstica-de-la-creacion-sonora-en-la-iglesia-de-san-pedro-de-cuenca-espana\/"},"modified":"2018-03-11T10:12:43","modified_gmt":"2018-03-11T10:12:43","slug":"sonidos-en-la-arquitectura-de-san-pedro-un-estudio-acustico-desde-la-perspectiva-tecnica-y-arta%c2%adstica-de-la-creacion-sonora-en-la-iglesia-de-san-pedro-de-cuenca-espana","status":"publish","type":"post","link":"https:\/\/www.deberes.net\/tesis\/musica-y-musicologia\/sonidos-en-la-arquitectura-de-san-pedro-un-estudio-acustico-desde-la-perspectiva-tecnica-y-arta%c2%adstica-de-la-creacion-sonora-en-la-iglesia-de-san-pedro-de-cuenca-espana\/","title":{"rendered":"Sonidos en la arquitectura de san pedro: un estudio ac\u00fastico desde la perspectiva t\u00e9cnica y art\u00edstica de la creaci\u00f3n sonora en la iglesia de san pedro de cuenca (espa\u00f1a)"},"content":{"rendered":"<h2>Tesis doctoral de <strong> Nelia Valverde Gascue\u00f1a <\/strong><\/h2>\n<p>La tesis consiste en la caracterizaci\u00f3n ac\u00fastica de la iglesia de san pedro en cuenca desde un punto de vista t\u00e9cnico y objetivo, con la medici\u00f3n de par\u00e1metros ac\u00fasticos concretos, y desde un punto de vista subjetivo, a trav\u00e9s de una intervenci\u00f3n art\u00edstica en la iglesia y de la posterior realizaci\u00f3n de un an\u00e1lisis psicoac\u00fastico.<\/p>\n<p>&nbsp;<\/p>\n<h3>Datos acad\u00e9micos de la tesis doctoral \u00ab<strong>Sonidos en la arquitectura de san pedro: un estudio ac\u00fastico desde la perspectiva t\u00e9cnica y art\u00edstica de la creaci\u00f3n sonora en la iglesia de san pedro de cuenca (espa\u00f1a)<\/strong>\u00ab<\/h3>\n<ul>\n<li><strong>T\u00edtulo de la tesis:<\/strong>\u00a0 Sonidos en la arquitectura de san pedro: un estudio ac\u00fastico desde la perspectiva t\u00e9cnica y art\u00edstica de la creaci\u00f3n sonora en la iglesia de san pedro de cuenca (espa\u00f1a) <\/li>\n<li><strong>Autor:<\/strong>\u00a0 Nelia Valverde Gascue\u00f1a <\/li>\n<li><strong>Universidad:<\/strong>\u00a0 Castilla-la mancha<\/li>\n<li><strong>Fecha de lectura de la tesis:<\/strong>\u00a0 18\/05\/2009<\/li>\n<\/ul>\n<p>&nbsp;<\/p>\n<h3>Direcci\u00f3n y tribunal<\/h3>\n<ul>\n<li><strong>Director de la tesis<\/strong>\n<ul>\n<li>Javier Ariza Pomareta<\/li>\n<\/ul>\n<\/li>\n<li><strong>Tribunal<\/strong>\n<ul>\n<li>Presidente del tribunal: Miguel Molina alarc\u00f3n <\/li>\n<li>i\u00e9gor alexandre Reznikoff (vocal)<\/li>\n<li>Manuel Recuero lopez (vocal)<\/li>\n<li>joaqu\u00edn Casc\u00f3n l\u00f3pez (vocal)<\/li>\n<\/ul>\n<\/li>\n<\/ul>\n<p>&nbsp;<\/p>\n","protected":false},"excerpt":{"rendered":"<p>Tesis doctoral de Nelia Valverde Gascue\u00f1a La tesis consiste en la caracterizaci\u00f3n ac\u00fastica de la iglesia de san pedro en [&hellip;]<\/p>\n","protected":false},"author":1,"featured_media":0,"comment_status":"open","ping_status":"open","sticky":false,"template":"","format":"standard","meta":{"site-sidebar-layout":"default","site-content-layout":"","ast-site-content-layout":"","site-content-style":"default","site-sidebar-style":"default","ast-global-header-display":"","ast-banner-title-visibility":"","ast-main-header-display":"","ast-hfb-above-header-display":"","ast-hfb-below-header-display":"","ast-hfb-mobile-header-display":"","site-post-title":"","ast-breadcrumbs-content":"","ast-featured-img":"","footer-sml-layout":"","theme-transparent-header-meta":"","adv-header-id-meta":"","stick-header-meta":"","header-above-stick-meta":"","header-main-stick-meta":"","header-below-stick-meta":"","astra-migrate-meta-layouts":"default","ast-page-background-enabled":"default","ast-page-background-meta":{"desktop":{"background-color":"var(--ast-global-color-4)","background-image":"","background-repeat":"repeat","background-position":"center center","background-size":"auto","background-attachment":"scroll","background-type":"","background-media":"","overlay-type":"","overlay-color":"","overlay-gradient":""},"tablet":{"background-color":"","background-image":"","background-repeat":"repeat","background-position":"center center","background-size":"auto","background-attachment":"scroll","background-type":"","background-media":"","overlay-type":"","overlay-color":"","overlay-gradient":""},"mobile":{"background-color":"","background-image":"","background-repeat":"repeat","background-position":"center center","background-size":"auto","background-attachment":"scroll","background-type":"","background-media":"","overlay-type":"","overlay-color":"","overlay-gradient":""}},"ast-content-background-meta":{"desktop":{"background-color":"var(--ast-global-color-5)","background-image":"","background-repeat":"repeat","background-position":"center center","background-size":"auto","background-attachment":"scroll","background-type":"","background-media":"","overlay-type":"","overlay-color":"","overlay-gradient":""},"tablet":{"background-color":"var(--ast-global-color-5)","background-image":"","background-repeat":"repeat","background-position":"center center","background-size":"auto","background-attachment":"scroll","background-type":"","background-media":"","overlay-type":"","overlay-color":"","overlay-gradient":""},"mobile":{"background-color":"var(--ast-global-color-5)","background-image":"","background-repeat":"repeat","background-position":"center center","background-size":"auto","background-attachment":"scroll","background-type":"","background-media":"","overlay-type":"","overlay-color":"","overlay-gradient":""}},"footnotes":""},"categories":[18451,9132],"tags":[192825,85901,52546,5055,31322,192824],"class_list":["post-93348","post","type-post","status-publish","format-standard","hentry","category-castilla-la-mancha","category-musica-y-musicologia","tag-iegor-alexandre-reznikoff","tag-javier-ariza-pomareta","tag-joaquin-cascon-lopez","tag-manuel-recuero-lopez","tag-miguel-molina-alarcon","tag-nelia-valverde-gascuena"],"_links":{"self":[{"href":"https:\/\/www.deberes.net\/tesis\/wp-json\/wp\/v2\/posts\/93348","targetHints":{"allow":["GET"]}}],"collection":[{"href":"https:\/\/www.deberes.net\/tesis\/wp-json\/wp\/v2\/posts"}],"about":[{"href":"https:\/\/www.deberes.net\/tesis\/wp-json\/wp\/v2\/types\/post"}],"author":[{"embeddable":true,"href":"https:\/\/www.deberes.net\/tesis\/wp-json\/wp\/v2\/users\/1"}],"replies":[{"embeddable":true,"href":"https:\/\/www.deberes.net\/tesis\/wp-json\/wp\/v2\/comments?post=93348"}],"version-history":[{"count":0,"href":"https:\/\/www.deberes.net\/tesis\/wp-json\/wp\/v2\/posts\/93348\/revisions"}],"wp:attachment":[{"href":"https:\/\/www.deberes.net\/tesis\/wp-json\/wp\/v2\/media?parent=93348"}],"wp:term":[{"taxonomy":"category","embeddable":true,"href":"https:\/\/www.deberes.net\/tesis\/wp-json\/wp\/v2\/categories?post=93348"},{"taxonomy":"post_tag","embeddable":true,"href":"https:\/\/www.deberes.net\/tesis\/wp-json\/wp\/v2\/tags?post=93348"}],"curies":[{"name":"wp","href":"https:\/\/api.w.org\/{rel}","templated":true}]}}