{"id":93354,"date":"2018-03-11T10:12:43","date_gmt":"2018-03-11T10:12:43","guid":{"rendered":"https:\/\/www.deberes.net\/tesis\/sin-categoria\/jose-emilio-pacheco-la-poetica-del-tiempo\/"},"modified":"2018-03-11T10:12:43","modified_gmt":"2018-03-11T10:12:43","slug":"jose-emilio-pacheco-la-poetica-del-tiempo","status":"publish","type":"post","link":"https:\/\/www.deberes.net\/tesis\/lengua-y-literatura\/jose-emilio-pacheco-la-poetica-del-tiempo\/","title":{"rendered":"Jos\u00e9 emilio pacheco: la po\u00e9tica del tiempo"},"content":{"rendered":"<h2>Tesis doctoral de <strong> Javier Villase\u00f1or Alonso <\/strong><\/h2>\n<p>La tesis jos\u00e9 emilio pacheco: la po\u00e9tica del tiempo se fundamenta en la convivencia de los sistemas de diacron\u00eda y sincron\u00eda, como m\u00e9todos que m\u00e1s que oponerse se ligan y complementan. La primera parte del estudio consiste  en un an\u00e1lisis apegado al m\u00e9todo de la ling\u00ed\u00bc\u00edstica o filolog\u00eda diacr\u00f3nica, vali\u00e9ndose del instrumento metodol\u00f3gico com\u00fanmente conocido en la cr\u00edtica literaria como generacionismo. de este m\u00e9todo surge la primera parte del trabajo que comprende los cinco primeros cap\u00edtulos en los que se analizan los c\u00e1nones po\u00e9ticos y los cambios a trav\u00e9s del tiempo en las generaciones para establecer las pautas para un posterior an\u00e1lisis y comprensi\u00f3n de la obra po\u00e9tica en cuesti\u00f3n. una vez que se han ubicado los anclajes en el tiempo como \u00abestados\u00bb en el desarrollo o devenir literario,  el an\u00e1lisis se cierne a un m\u00e9todo de tipo sincr\u00f3nico. Es as\u00ed que surge una segunda parte del estudio que comprende la ex\u00e9gesis de la obra po\u00e9tica de pacheco (m\u00e9xico, 1939) con especial \u00e9nfasis en la po\u00e9tica de la temporalidad. Esta parte incluye los cuatro cap\u00edtulos restantes.<\/p>\n<p>&nbsp;<\/p>\n<h3>Datos acad\u00e9micos de la tesis doctoral \u00ab<strong>Jos\u00e9 emilio pacheco: la po\u00e9tica del tiempo<\/strong>\u00ab<\/h3>\n<ul>\n<li><strong>T\u00edtulo de la tesis:<\/strong>\u00a0 Jos\u00e9 emilio pacheco: la po\u00e9tica del tiempo <\/li>\n<li><strong>Autor:<\/strong>\u00a0 Javier Villase\u00f1or Alonso <\/li>\n<li><strong>Universidad:<\/strong>\u00a0 Sevilla<\/li>\n<li><strong>Fecha de lectura de la tesis:<\/strong>\u00a0 18\/05\/2009<\/li>\n<\/ul>\n<p>&nbsp;<\/p>\n<h3>Direcci\u00f3n y tribunal<\/h3>\n<ul>\n<li><strong>Director de la tesis<\/strong>\n<ul>\n<li>Gema Areta Marigo<\/li>\n<\/ul>\n<\/li>\n<li><strong>Tribunal<\/strong>\n<ul>\n<li>Presidente del tribunal: trinidad Barrera lopez <\/li>\n<li>Mar\u00eda  del rocio Oviedo perez de tudela (vocal)<\/li>\n<li>Francisco Tovar blanco (vocal)<\/li>\n<li>vicente Cervera salinas (vocal)<\/li>\n<\/ul>\n<\/li>\n<\/ul>\n<p>&nbsp;<\/p>\n","protected":false},"excerpt":{"rendered":"<p>Tesis doctoral de Javier Villase\u00f1or Alonso La tesis jos\u00e9 emilio pacheco: la po\u00e9tica del tiempo se fundamenta en la convivencia [&hellip;]<\/p>\n","protected":false},"author":1,"featured_media":0,"comment_status":"open","ping_status":"open","sticky":false,"template":"","format":"standard","meta":{"site-sidebar-layout":"default","site-content-layout":"","ast-site-content-layout":"","site-content-style":"default","site-sidebar-style":"default","ast-global-header-display":"","ast-banner-title-visibility":"","ast-main-header-display":"","ast-hfb-above-header-display":"","ast-hfb-below-header-display":"","ast-hfb-mobile-header-display":"","site-post-title":"","ast-breadcrumbs-content":"","ast-featured-img":"","footer-sml-layout":"","theme-transparent-header-meta":"","adv-header-id-meta":"","stick-header-meta":"","header-above-stick-meta":"","header-main-stick-meta":"","header-below-stick-meta":"","astra-migrate-meta-layouts":"default","ast-page-background-enabled":"default","ast-page-background-meta":{"desktop":{"background-color":"var(--ast-global-color-4)","background-image":"","background-repeat":"repeat","background-position":"center center","background-size":"auto","background-attachment":"scroll","background-type":"","background-media":"","overlay-type":"","overlay-color":"","overlay-gradient":""},"tablet":{"background-color":"","background-image":"","background-repeat":"repeat","background-position":"center center","background-size":"auto","background-attachment":"scroll","background-type":"","background-media":"","overlay-type":"","overlay-color":"","overlay-gradient":""},"mobile":{"background-color":"","background-image":"","background-repeat":"repeat","background-position":"center center","background-size":"auto","background-attachment":"scroll","background-type":"","background-media":"","overlay-type":"","overlay-color":"","overlay-gradient":""}},"ast-content-background-meta":{"desktop":{"background-color":"var(--ast-global-color-5)","background-image":"","background-repeat":"repeat","background-position":"center center","background-size":"auto","background-attachment":"scroll","background-type":"","background-media":"","overlay-type":"","overlay-color":"","overlay-gradient":""},"tablet":{"background-color":"var(--ast-global-color-5)","background-image":"","background-repeat":"repeat","background-position":"center center","background-size":"auto","background-attachment":"scroll","background-type":"","background-media":"","overlay-type":"","overlay-color":"","overlay-gradient":""},"mobile":{"background-color":"var(--ast-global-color-5)","background-image":"","background-repeat":"repeat","background-position":"center center","background-size":"auto","background-attachment":"scroll","background-type":"","background-media":"","overlay-type":"","overlay-color":"","overlay-gradient":""}},"footnotes":""},"categories":[2142,18384,636,682,10715],"tags":[1233,69234,192834,190797,11168,6591],"class_list":["post-93354","post","type-post","status-publish","format-standard","hentry","category-filologia","category-filosofia-del-espacio-y-del-tiempo","category-lengua-y-literatura","category-poemas-y-relatos","category-sevilla","tag-francisco-tovar-blanco","tag-gema-areta-marigo","tag-javier-villasenor-alonso","tag-maria-del-rocio-oviedo-perez-de-tudela","tag-trinidad-barrera-lopez","tag-vicente-cervera-salinas"],"_links":{"self":[{"href":"https:\/\/www.deberes.net\/tesis\/wp-json\/wp\/v2\/posts\/93354","targetHints":{"allow":["GET"]}}],"collection":[{"href":"https:\/\/www.deberes.net\/tesis\/wp-json\/wp\/v2\/posts"}],"about":[{"href":"https:\/\/www.deberes.net\/tesis\/wp-json\/wp\/v2\/types\/post"}],"author":[{"embeddable":true,"href":"https:\/\/www.deberes.net\/tesis\/wp-json\/wp\/v2\/users\/1"}],"replies":[{"embeddable":true,"href":"https:\/\/www.deberes.net\/tesis\/wp-json\/wp\/v2\/comments?post=93354"}],"version-history":[{"count":0,"href":"https:\/\/www.deberes.net\/tesis\/wp-json\/wp\/v2\/posts\/93354\/revisions"}],"wp:attachment":[{"href":"https:\/\/www.deberes.net\/tesis\/wp-json\/wp\/v2\/media?parent=93354"}],"wp:term":[{"taxonomy":"category","embeddable":true,"href":"https:\/\/www.deberes.net\/tesis\/wp-json\/wp\/v2\/categories?post=93354"},{"taxonomy":"post_tag","embeddable":true,"href":"https:\/\/www.deberes.net\/tesis\/wp-json\/wp\/v2\/tags?post=93354"}],"curies":[{"name":"wp","href":"https:\/\/api.w.org\/{rel}","templated":true}]}}