{"id":93395,"date":"2018-03-11T10:12:43","date_gmt":"2018-03-11T10:12:43","guid":{"rendered":"https:\/\/www.deberes.net\/tesis\/sin-categoria\/el-debido-proceso-en-el-derecho-internacional-y-en-el-sistema-interamericano\/"},"modified":"2018-03-11T10:12:43","modified_gmt":"2018-03-11T10:12:43","slug":"el-debido-proceso-en-el-derecho-internacional-y-en-el-sistema-interamericano","status":"publish","type":"post","link":"https:\/\/www.deberes.net\/tesis\/derecho-internacional\/el-debido-proceso-en-el-derecho-internacional-y-en-el-sistema-interamericano\/","title":{"rendered":"El debido proceso en el derecho internacional y en el sistema interamericano"},"content":{"rendered":"<h2>Tesis doctoral de <strong> Florabel Quispe Remon <\/strong><\/h2>\n<p>El trabajo examina el origen y desarrollo del debido proceso (due process of law) en el derecho internacional, especialmente en el sistema interamericano, para determinar si puede ser considerado como una normativa imperativa de derecho internacional general (ius congens). La tesis que pretendemos demostrar es que el debido proceso es una garant\u00eda jur\u00eddica que ha trascendido las fronteras de los sistemas nacionales pertenecientes al common law y al civil law, para situarse como un derecho humano esencial del derecho internacional. la metodolog\u00eda utilizada es la de la dogm\u00e1tica jur\u00eddica, basada en el desarrollo alcanzado en estas materias en la doctrina comparada y en los \u00f3rganos de protecci\u00f3n de los derechos humanos, en el ambito universal y en especial en la jurisprudencia de la corte interamericana de derechos humanos. la relevancia de esta investigaci\u00f3n se justifica en la presencia, cada vez mayor del debido proceso en el derecho internacional de los derechos humanos, y en la jurisprudencia de los sistemas de protecci\u00f3n internacional. su originalidad radica en abordar el debido proceso desde la perspectiva internacional de manera sistem\u00e1tica, y en analizar la posibilidad de considerar al debido proceso como una norma de ius congens.<\/p>\n<p>&nbsp;<\/p>\n<h3>Datos acad\u00e9micos de la tesis doctoral \u00ab<strong>El debido proceso en el derecho internacional y en el sistema interamericano<\/strong>\u00ab<\/h3>\n<ul>\n<li><strong>T\u00edtulo de la tesis:<\/strong>\u00a0 El debido proceso en el derecho internacional y en el sistema interamericano <\/li>\n<li><strong>Autor:<\/strong>\u00a0 Florabel Quispe Remon <\/li>\n<li><strong>Universidad:<\/strong>\u00a0 Carlos III de Madrid<\/li>\n<li><strong>Fecha de lectura de la tesis:<\/strong>\u00a0 20\/05\/2009<\/li>\n<\/ul>\n<p>&nbsp;<\/p>\n<h3>Direcci\u00f3n y tribunal<\/h3>\n<ul>\n<li><strong>Director de la tesis<\/strong>\n<ul>\n<li>Carlos Fern\u00e1ndez Liesa<\/li>\n<\/ul>\n<\/li>\n<li><strong>Tribunal<\/strong>\n<ul>\n<li>Presidente del tribunal: fernando Mari\u00f1o menendez <\/li>\n<li>angel gregorio Chueca sancho (vocal)<\/li>\n<li>castor D\u00edaz barrado (vocal)<\/li>\n<li>vicente Carlos Guzm\u00e1n fluja (vocal)<\/li>\n<\/ul>\n<\/li>\n<\/ul>\n<p>&nbsp;<\/p>\n","protected":false},"excerpt":{"rendered":"<p>Tesis doctoral de Florabel Quispe Remon El trabajo examina el origen y desarrollo del debido proceso (due process of law) [&hellip;]<\/p>\n","protected":false},"author":1,"featured_media":0,"comment_status":"open","ping_status":"open","sticky":false,"template":"","format":"standard","meta":{"site-sidebar-layout":"default","site-content-layout":"","ast-site-content-layout":"","site-content-style":"default","site-sidebar-style":"default","ast-global-header-display":"","ast-banner-title-visibility":"","ast-main-header-display":"","ast-hfb-above-header-display":"","ast-hfb-below-header-display":"","ast-hfb-mobile-header-display":"","site-post-title":"","ast-breadcrumbs-content":"","ast-featured-img":"","footer-sml-layout":"","theme-transparent-header-meta":"","adv-header-id-meta":"","stick-header-meta":"","header-above-stick-meta":"","header-main-stick-meta":"","header-below-stick-meta":"","astra-migrate-meta-layouts":"default","ast-page-background-enabled":"default","ast-page-background-meta":{"desktop":{"background-color":"var(--ast-global-color-4)","background-image":"","background-repeat":"repeat","background-position":"center center","background-size":"auto","background-attachment":"scroll","background-type":"","background-media":"","overlay-type":"","overlay-color":"","overlay-gradient":""},"tablet":{"background-color":"","background-image":"","background-repeat":"repeat","background-position":"center center","background-size":"auto","background-attachment":"scroll","background-type":"","background-media":"","overlay-type":"","overlay-color":"","overlay-gradient":""},"mobile":{"background-color":"","background-image":"","background-repeat":"repeat","background-position":"center center","background-size":"auto","background-attachment":"scroll","background-type":"","background-media":"","overlay-type":"","overlay-color":"","overlay-gradient":""}},"ast-content-background-meta":{"desktop":{"background-color":"var(--ast-global-color-5)","background-image":"","background-repeat":"repeat","background-position":"center center","background-size":"auto","background-attachment":"scroll","background-type":"","background-media":"","overlay-type":"","overlay-color":"","overlay-gradient":""},"tablet":{"background-color":"var(--ast-global-color-5)","background-image":"","background-repeat":"repeat","background-position":"center center","background-size":"auto","background-attachment":"scroll","background-type":"","background-media":"","overlay-type":"","overlay-color":"","overlay-gradient":""},"mobile":{"background-color":"var(--ast-global-color-5)","background-image":"","background-repeat":"repeat","background-position":"center center","background-size":"auto","background-attachment":"scroll","background-type":"","background-media":"","overlay-type":"","overlay-color":"","overlay-gradient":""}},"footnotes":""},"categories":[18550,1211],"tags":[70460,78509,36438,9015,192904,80867],"class_list":["post-93395","post","type-post","status-publish","format-standard","hentry","category-carlos-iii-de-madrid","category-derecho-internacional","tag-angel-gregorio-chueca-sancho","tag-carlos-fernandez-liesa","tag-castor-diaz-barrado","tag-fernando-marino-menendez","tag-florabel-quispe-remon","tag-vicente-carlos-guzman-fluja"],"_links":{"self":[{"href":"https:\/\/www.deberes.net\/tesis\/wp-json\/wp\/v2\/posts\/93395","targetHints":{"allow":["GET"]}}],"collection":[{"href":"https:\/\/www.deberes.net\/tesis\/wp-json\/wp\/v2\/posts"}],"about":[{"href":"https:\/\/www.deberes.net\/tesis\/wp-json\/wp\/v2\/types\/post"}],"author":[{"embeddable":true,"href":"https:\/\/www.deberes.net\/tesis\/wp-json\/wp\/v2\/users\/1"}],"replies":[{"embeddable":true,"href":"https:\/\/www.deberes.net\/tesis\/wp-json\/wp\/v2\/comments?post=93395"}],"version-history":[{"count":0,"href":"https:\/\/www.deberes.net\/tesis\/wp-json\/wp\/v2\/posts\/93395\/revisions"}],"wp:attachment":[{"href":"https:\/\/www.deberes.net\/tesis\/wp-json\/wp\/v2\/media?parent=93395"}],"wp:term":[{"taxonomy":"category","embeddable":true,"href":"https:\/\/www.deberes.net\/tesis\/wp-json\/wp\/v2\/categories?post=93395"},{"taxonomy":"post_tag","embeddable":true,"href":"https:\/\/www.deberes.net\/tesis\/wp-json\/wp\/v2\/tags?post=93395"}],"curies":[{"name":"wp","href":"https:\/\/api.w.org\/{rel}","templated":true}]}}