{"id":93431,"date":"2018-03-11T10:12:47","date_gmt":"2018-03-11T10:12:47","guid":{"rendered":"https:\/\/www.deberes.net\/tesis\/sin-categoria\/valoracion-ecografica-de-la-anatoma%c2%ada-funcional-del-tendon-largo-del-ba%c2%adceps-braquial\/"},"modified":"2018-03-11T10:12:47","modified_gmt":"2018-03-11T10:12:47","slug":"valoracion-ecografica-de-la-anatoma%c2%ada-funcional-del-tendon-largo-del-ba%c2%adceps-braquial","status":"publish","type":"post","link":"https:\/\/www.deberes.net\/tesis\/ciencias-clinicas\/valoracion-ecografica-de-la-anatoma%c2%ada-funcional-del-tendon-largo-del-ba%c2%adceps-braquial\/","title":{"rendered":"Valoraci\u00f3n ecogr\u00e1fica de la anatom\u00edafuncional del tend\u00f3n largo del b\u00edceps braquial"},"content":{"rendered":"<h2>Tesis doctoral de <strong> Jacinto Javier Mart\u00ednez Pay\u00e1 <\/strong><\/h2>\n<p>Introducci\u00f3n. El tend\u00f3n largo del b\u00edceps braquial es considerado el pilar central de la articulaci\u00f3n glenohumeral y por lo tanto de todo el complejo articular del hombro. Se correlaciona morfol\u00f3gicamente con la corredera bicipital y el tend\u00f3n del subescapular. Entre ellos comparten no s\u00f3lo una relaci\u00f3n de estructura sino tambi\u00e9n funcional. El desarrollo filogen\u00e9tico conlleva una mayor intervenci\u00f3n de los rotadores internos y aductores y por lo tanto un mayor requerimiento del complejo miotendinoso del subescapular que tracciona internamente del tend\u00f3n largo del b\u00edceps braquial que a su vez se proyecta sobre el labio interno de la corredera bicipital modificando as\u00ed su arquitectura. Objetivos. Observar una posible influencia de la dominancia y del g\u00e9nero sobre la morfometr\u00eda de la corredera bicipital y de los tendones largo del b\u00edceps braquial y subescapular. Analizar posibles correlaciones lineales que puedan existir sobre ellas material y m\u00e9todos. Para este estudio observacional y transversal se cont\u00f3 con una muestra de 160 sujetos (80 hombres y 80 mujeres). Ecogr\u00e1ficamente se analizaron las siguientes variables: 1. Corredera bicipital. Anchura, profundidad y angulaci\u00f3n de su labio interno; 2. Tend\u00f3n largo del b\u00edceps braquial. Per\u00edmetro, \u00e1rea, grosor, anchura, \u00e1ngulo de cinclinaci\u00f3n y circularidad; 3. Tend\u00f3n del subescapular. Grosor. Las mediciones se llevaron a cabo previos test de fiabilidad intra e interobservadores con fuerzas de concordancia buenas o muy buenas seg\u00fan los valores de pita y p\u00e9rtegas (2004). Resultados y discusi\u00f3n. Observamos una influencia tanto de la dominancia como del g\u00e9nero sobre la morfometr\u00eda ecogr\u00e1fica de las corredera bicipital y de los tendones largo del b\u00edceps braquial y subescapular sin demasiadas correlaciones lineales  significativas entre ellas. Los resultados obtenidos junto con los comparados por otros autores confirman esta relaci\u00f3n morfom\u00e9trica. Conclusiones. Una mayor acci\u00f3n del tend\u00f3n del subescapular conlleva de forma casi total que el tend\u00f3n largo del b\u00edceps impacte sobre el labio interno y m\u00e1s abierto de la corredera que ser\u00e1 adem\u00e1s m\u00e1s ancha y menos profunda, provocando inestabilidad glenohumeral.<\/p>\n<p>&nbsp;<\/p>\n<h3>Datos acad\u00e9micos de la tesis doctoral \u00ab<strong>Valoraci\u00f3n ecogr\u00e1fica de la anatom\u00edafuncional del tend\u00f3n largo del b\u00edceps braquial<\/strong>\u00ab<\/h3>\n<ul>\n<li><strong>T\u00edtulo de la tesis:<\/strong>\u00a0 Valoraci\u00f3n ecogr\u00e1fica de la anatom\u00edafuncional del tend\u00f3n largo del b\u00edceps braquial <\/li>\n<li><strong>Autor:<\/strong>\u00a0 Jacinto Javier Mart\u00ednez Pay\u00e1 <\/li>\n<li><strong>Universidad:<\/strong>\u00a0 Cat\u00f3lica san antonio<\/li>\n<li><strong>Fecha de lectura de la tesis:<\/strong>\u00a0 22\/05\/2009<\/li>\n<\/ul>\n<p>&nbsp;<\/p>\n<h3>Direcci\u00f3n y tribunal<\/h3>\n<ul>\n<li><strong>Director de la tesis<\/strong>\n<ul>\n<li>Jos\u00e9 Fernando Jim\u00e9nez D\u00edaz<\/li>\n<\/ul>\n<\/li>\n<li><strong>Tribunal<\/strong>\n<ul>\n<li>Presidente del tribunal: Jos\u00e9 lu\u00eds Mart\u00ednez romero <\/li>\n<li>Miguel Luis Pag\u00e1n albaladejo (vocal)<\/li>\n<li>ramon Balius matas (vocal)<\/li>\n<li>Jos\u00e9 Luis S\u00e1nchez mart\u00ednez (vocal)<\/li>\n<\/ul>\n<\/li>\n<\/ul>\n<p>&nbsp;<\/p>\n","protected":false},"excerpt":{"rendered":"<p>Tesis doctoral de Jacinto Javier Mart\u00ednez Pay\u00e1 Introducci\u00f3n. El tend\u00f3n largo del b\u00edceps braquial es considerado el pilar central de [&hellip;]<\/p>\n","protected":false},"author":1,"featured_media":0,"comment_status":"open","ping_status":"open","sticky":false,"template":"","format":"standard","meta":{"site-sidebar-layout":"default","site-content-layout":"","ast-site-content-layout":"","site-content-style":"default","site-sidebar-style":"default","ast-global-header-display":"","ast-banner-title-visibility":"","ast-main-header-display":"","ast-hfb-above-header-display":"","ast-hfb-below-header-display":"","ast-hfb-mobile-header-display":"","site-post-title":"","ast-breadcrumbs-content":"","ast-featured-img":"","footer-sml-layout":"","theme-transparent-header-meta":"","adv-header-id-meta":"","stick-header-meta":"","header-above-stick-meta":"","header-main-stick-meta":"","header-below-stick-meta":"","astra-migrate-meta-layouts":"default","ast-page-background-enabled":"default","ast-page-background-meta":{"desktop":{"background-color":"var(--ast-global-color-4)","background-image":"","background-repeat":"repeat","background-position":"center center","background-size":"auto","background-attachment":"scroll","background-type":"","background-media":"","overlay-type":"","overlay-color":"","overlay-gradient":""},"tablet":{"background-color":"","background-image":"","background-repeat":"repeat","background-position":"center center","background-size":"auto","background-attachment":"scroll","background-type":"","background-media":"","overlay-type":"","overlay-color":"","overlay-gradient":""},"mobile":{"background-color":"","background-image":"","background-repeat":"repeat","background-position":"center center","background-size":"auto","background-attachment":"scroll","background-type":"","background-media":"","overlay-type":"","overlay-color":"","overlay-gradient":""}},"ast-content-background-meta":{"desktop":{"background-color":"var(--ast-global-color-5)","background-image":"","background-repeat":"repeat","background-position":"center center","background-size":"auto","background-attachment":"scroll","background-type":"","background-media":"","overlay-type":"","overlay-color":"","overlay-gradient":""},"tablet":{"background-color":"var(--ast-global-color-5)","background-image":"","background-repeat":"repeat","background-position":"center center","background-size":"auto","background-attachment":"scroll","background-type":"","background-media":"","overlay-type":"","overlay-color":"","overlay-gradient":""},"mobile":{"background-color":"var(--ast-global-color-5)","background-image":"","background-repeat":"repeat","background-position":"center center","background-size":"auto","background-attachment":"scroll","background-type":"","background-media":"","overlay-type":"","overlay-color":"","overlay-gradient":""}},"footnotes":""},"categories":[867,59772,155,1686,21130],"tags":[192962,65324,127416,102966,192527,192963],"class_list":["post-93431","post","type-post","status-publish","format-standard","hentry","category-anatomia-humana","category-catolica-san-antonio","category-ciencias-clinicas","category-medicina-preventiva","category-tratamiento-digital-de-imagenes","tag-jacinto-javier-Martinez-paya","tag-jose-fernando-jimenez-diaz","tag-jose-luis-Martinez-romero","tag-jose-luis-sanchez-Martinez","tag-miguel-luis-pagan-albaladejo","tag-ramon-balius-matas"],"_links":{"self":[{"href":"https:\/\/www.deberes.net\/tesis\/wp-json\/wp\/v2\/posts\/93431","targetHints":{"allow":["GET"]}}],"collection":[{"href":"https:\/\/www.deberes.net\/tesis\/wp-json\/wp\/v2\/posts"}],"about":[{"href":"https:\/\/www.deberes.net\/tesis\/wp-json\/wp\/v2\/types\/post"}],"author":[{"embeddable":true,"href":"https:\/\/www.deberes.net\/tesis\/wp-json\/wp\/v2\/users\/1"}],"replies":[{"embeddable":true,"href":"https:\/\/www.deberes.net\/tesis\/wp-json\/wp\/v2\/comments?post=93431"}],"version-history":[{"count":0,"href":"https:\/\/www.deberes.net\/tesis\/wp-json\/wp\/v2\/posts\/93431\/revisions"}],"wp:attachment":[{"href":"https:\/\/www.deberes.net\/tesis\/wp-json\/wp\/v2\/media?parent=93431"}],"wp:term":[{"taxonomy":"category","embeddable":true,"href":"https:\/\/www.deberes.net\/tesis\/wp-json\/wp\/v2\/categories?post=93431"},{"taxonomy":"post_tag","embeddable":true,"href":"https:\/\/www.deberes.net\/tesis\/wp-json\/wp\/v2\/tags?post=93431"}],"curies":[{"name":"wp","href":"https:\/\/api.w.org\/{rel}","templated":true}]}}