{"id":93463,"date":"2018-03-11T10:12:53","date_gmt":"2018-03-11T10:12:53","guid":{"rendered":""},"modified":"2018-03-11T10:12:53","modified_gmt":"2018-03-11T10:12:53","slug":"los-centros-de-apoyo-a-la-formacion-e-innovacion-del-sistema-educativo-en-la-comunidad-autonoma-vasca-berritzegune-analisis-de-los-puestos-de-trabajo-desde-el-punto-de-vista-de-sus-profesionales","status":"publish","type":"post","link":"https:\/\/www.deberes.net\/tesis\/organizacion-y-planificacion-de-la-educacion\/los-centros-de-apoyo-a-la-formacion-e-innovacion-del-sistema-educativo-en-la-comunidad-autonoma-vasca-berritzegune-analisis-de-los-puestos-de-trabajo-desde-el-punto-de-vista-de-sus-profesionales\/","title":{"rendered":"Los centros de apoyo a la formacion e innovacion del sistema educativo en la comunidad autonoma vasca (berritzegune). analisis de los puestos de trabajo desde el punto de vista de sus profesionales"},"content":{"rendered":"<h2>Tesis doctoral de <strong> Javier Monzon Gonzalez <\/strong><\/h2>\n<p>Una demanda de la consejer\u00eda de educaci\u00f3n del gobierno vasco, para dise\u00f1ar y desarrollar la evaluaci\u00f3n de los perfiles de los profesionales que trabajan en los servicios de apoyo al sistema escolar, ofreci\u00f3 la oportunidad de encuestar a todos los profesionales de servicios de apoyo a la formaci\u00f3n e innovaci\u00f3n de centros escolares no universitarios (berritzegune) sobre sus funciones y sobre el sentido de su trabajo.  en este estudio se presenta inicialmente el recorrido hist\u00f3rico de los servicios de apoyo en la comunidad aut\u00f3noma vasca desde su creaci\u00f3n. Despu\u00e9s se analizan las pr\u00e1cticas de asesoramiento de los profesionales de apoyo de euskadi, a partir de las descripciones y valoraciones que \u00e9stos hacen de sus funciones; as\u00ed como su pensamiento (ideas previas, creencias, proyecciones&#8230;) Acerca de lo que deber\u00eda ser el puesto que ocupan estos profesionales, tanto desde su punto de vista como desde el de los directores de los berritzegune.  de los diferentes perfiles de asesores se han estudiado: los datos sociales de estos profesionales, las funciones que realizan y el desempe\u00f1o de las mismas, propuestas de mejora que plantean estos profesionales sobre su puesto de trabajo, requerimientos y formaci\u00f3n. Y en paralelo, se han revisado las tareas asignadas por la consejer\u00eda de educaci\u00f3n induciendo el modelo de asesor\u00eda que \u00e9sta propone.   finalmente se presenta una  propuesta de modificaci\u00f3n de los perfiles profesionales y un redise\u00f1o del mapa de zonas de intervenci\u00f3n, en ambos casos desde la perspectiva del asesoramiento comunitario.<\/p>\n<p>&nbsp;<\/p>\n<h3>Datos acad\u00e9micos de la tesis doctoral \u00ab<strong>Los centros de apoyo a la formacion e innovacion del sistema educativo en la comunidad autonoma vasca (berritzegune). analisis de los puestos de trabajo desde el punto de vista de sus profesionales<\/strong>\u00ab<\/h3>\n<ul>\n<li><strong>T\u00edtulo de la tesis:<\/strong>\u00a0 Los centros de apoyo a la formacion e innovacion del sistema educativo en la comunidad autonoma vasca (berritzegune). analisis de los puestos de trabajo desde el punto de vista de sus profesionales <\/li>\n<li><strong>Autor:<\/strong>\u00a0 Javier Monzon Gonzalez <\/li>\n<li><strong>Universidad:<\/strong>\u00a0 Pa\u00eds vasco\/euskal herriko unibertsitatea<\/li>\n<li><strong>Fecha de lectura de la tesis:<\/strong>\u00a0 22\/05\/2009<\/li>\n<\/ul>\n<p>&nbsp;<\/p>\n<h3>Direcci\u00f3n y tribunal<\/h3>\n<ul>\n<li><strong>Director de la tesis<\/strong>\n<ul>\n<li>Jos\u00e9 Ram\u00f3n Orcasitas Garc\u00eda<\/li>\n<\/ul>\n<\/li>\n<li><strong>Tribunal<\/strong>\n<ul>\n<li>Presidente del tribunal: amando Vega fuentes <\/li>\n<li>dolors Forteza forteza (vocal)<\/li>\n<li>Francisco Jim\u00e9nez mart\u00ednez (vocal)<\/li>\n<li>auxiliadora Sales ciges (vocal)<\/li>\n<\/ul>\n<\/li>\n<\/ul>\n<p>&nbsp;<\/p>\n","protected":false},"excerpt":{"rendered":"<p>Tesis doctoral de Javier Monzon Gonzalez Una demanda de la consejer\u00eda de educaci\u00f3n del gobierno vasco, para dise\u00f1ar y desarrollar [&hellip;]<\/p>\n","protected":false},"author":1,"featured_media":0,"comment_status":"open","ping_status":"open","sticky":false,"template":"","format":"standard","meta":{"site-sidebar-layout":"default","site-content-layout":"","ast-site-content-layout":"","site-content-style":"default","site-sidebar-style":"default","ast-global-header-display":"","ast-banner-title-visibility":"","ast-main-header-display":"","ast-hfb-above-header-display":"","ast-hfb-below-header-display":"","ast-hfb-mobile-header-display":"","site-post-title":"","ast-breadcrumbs-content":"","ast-featured-img":"","footer-sml-layout":"","theme-transparent-header-meta":"","adv-header-id-meta":"","stick-header-meta":"","header-above-stick-meta":"","header-main-stick-meta":"","header-below-stick-meta":"","astra-migrate-meta-layouts":"default","ast-page-background-enabled":"default","ast-page-background-meta":{"desktop":{"background-color":"var(--ast-global-color-4)","background-image":"","background-repeat":"repeat","background-position":"center center","background-size":"auto","background-attachment":"scroll","background-type":"","background-media":"","overlay-type":"","overlay-color":"","overlay-gradient":""},"tablet":{"background-color":"","background-image":"","background-repeat":"repeat","background-position":"center center","background-size":"auto","background-attachment":"scroll","background-type":"","background-media":"","overlay-type":"","overlay-color":"","overlay-gradient":""},"mobile":{"background-color":"","background-image":"","background-repeat":"repeat","background-position":"center center","background-size":"auto","background-attachment":"scroll","background-type":"","background-media":"","overlay-type":"","overlay-color":"","overlay-gradient":""}},"ast-content-background-meta":{"desktop":{"background-color":"var(--ast-global-color-5)","background-image":"","background-repeat":"repeat","background-position":"center center","background-size":"auto","background-attachment":"scroll","background-type":"","background-media":"","overlay-type":"","overlay-color":"","overlay-gradient":""},"tablet":{"background-color":"var(--ast-global-color-5)","background-image":"","background-repeat":"repeat","background-position":"center center","background-size":"auto","background-attachment":"scroll","background-type":"","background-media":"","overlay-type":"","overlay-color":"","overlay-gradient":""},"mobile":{"background-color":"var(--ast-global-color-5)","background-image":"","background-repeat":"repeat","background-position":"center center","background-size":"auto","background-attachment":"scroll","background-type":"","background-media":"","overlay-type":"","overlay-color":"","overlay-gradient":""}},"footnotes":""},"categories":[7611,1184,12909],"tags":[34239,117475,193014,14183,193013,12962],"class_list":["post-93463","post","type-post","status-publish","format-standard","hentry","category-organizacion-y-direccion-de-las-instituciones-educativas","category-organizacion-y-planificacion-de-la-educacion","category-pais-vasco-euskal-herriko-unibertsitatea","tag-amando-vega-fuentes","tag-auxiliadora-sales-ciges","tag-dolors-forteza-forteza","tag-francisco-jimenez-Martinez","tag-javier-monzon-gonzalez","tag-jose-ramon-orcasitas-garcia"],"_links":{"self":[{"href":"https:\/\/www.deberes.net\/tesis\/wp-json\/wp\/v2\/posts\/93463","targetHints":{"allow":["GET"]}}],"collection":[{"href":"https:\/\/www.deberes.net\/tesis\/wp-json\/wp\/v2\/posts"}],"about":[{"href":"https:\/\/www.deberes.net\/tesis\/wp-json\/wp\/v2\/types\/post"}],"author":[{"embeddable":true,"href":"https:\/\/www.deberes.net\/tesis\/wp-json\/wp\/v2\/users\/1"}],"replies":[{"embeddable":true,"href":"https:\/\/www.deberes.net\/tesis\/wp-json\/wp\/v2\/comments?post=93463"}],"version-history":[{"count":0,"href":"https:\/\/www.deberes.net\/tesis\/wp-json\/wp\/v2\/posts\/93463\/revisions"}],"wp:attachment":[{"href":"https:\/\/www.deberes.net\/tesis\/wp-json\/wp\/v2\/media?parent=93463"}],"wp:term":[{"taxonomy":"category","embeddable":true,"href":"https:\/\/www.deberes.net\/tesis\/wp-json\/wp\/v2\/categories?post=93463"},{"taxonomy":"post_tag","embeddable":true,"href":"https:\/\/www.deberes.net\/tesis\/wp-json\/wp\/v2\/tags?post=93463"}],"curies":[{"name":"wp","href":"https:\/\/api.w.org\/{rel}","templated":true}]}}