{"id":93475,"date":"2018-03-11T10:12:53","date_gmt":"2018-03-11T10:12:53","guid":{"rendered":"https:\/\/www.deberes.net\/tesis\/sin-categoria\/la-ciudad-eventual-diagramas-y-narrativas-visuales\/"},"modified":"2018-03-11T10:12:53","modified_gmt":"2018-03-11T10:12:53","slug":"la-ciudad-eventual-diagramas-y-narrativas-visuales","status":"publish","type":"post","link":"https:\/\/www.deberes.net\/tesis\/pintura\/la-ciudad-eventual-diagramas-y-narrativas-visuales\/","title":{"rendered":"La ciudad eventual: diagramas y narrativas visuales"},"content":{"rendered":"<h2>Tesis doctoral de <strong> Silvia Garc\u00eda Gonz\u00e1lez <\/strong><\/h2>\n<p>En este tesis se plantea el acercamiento a la ciudad desde el campo de la fotograf\u00eda art\u00edstica, tomada esta como una herramienta con la que obtener un corpus fotogr\u00e1fico que ser\u00e1 expuesto mediante un diagrama visual, un dispositivo espacial que rompe con la linealidad de las series fotogr\u00e1ficas. la tesis se estructura en una primera parte de acercamiento al objeto de estudio mediante la experiencia de arquitectos y artistas que trabajaron con la exploraci\u00f3n f\u00edsica (con entrevistas a antoni muntadas, perejaume y francesco careri). Una segunda parte en la que se trata la imagen de la ciudad desde el punto de vista hist\u00f3rico pero tambi\u00e9n desde la perspectiva de la imagen mental que manejan los ciudadanos. en la \u00faltima parte se retoma el corpus fotogr\u00e1fico para proponer un dispositivo de exposici\u00f3n que nos permita la relectura de la imagen mediante un diagrama visual que toma como referencia el trabajo de historiadores como aby warbur (con su atlas de la memoria) o fotogr\u00e1fos como wolgang tillmans.<\/p>\n<p>&nbsp;<\/p>\n<h3>Datos acad\u00e9micos de la tesis doctoral \u00ab<strong>La ciudad eventual: diagramas y narrativas visuales<\/strong>\u00ab<\/h3>\n<ul>\n<li><strong>T\u00edtulo de la tesis:<\/strong>\u00a0 La ciudad eventual: diagramas y narrativas visuales <\/li>\n<li><strong>Autor:<\/strong>\u00a0 Silvia Garc\u00eda Gonz\u00e1lez <\/li>\n<li><strong>Universidad:<\/strong>\u00a0 Vigo<\/li>\n<li><strong>Fecha de lectura de la tesis:<\/strong>\u00a0 22\/05\/2009<\/li>\n<\/ul>\n<p>&nbsp;<\/p>\n<h3>Direcci\u00f3n y tribunal<\/h3>\n<ul>\n<li><strong>Director de la tesis<\/strong>\n<ul>\n<li>Dolores Dopico  Aneiros<\/li>\n<\/ul>\n<\/li>\n<li><strong>Tribunal<\/strong>\n<ul>\n<li>Presidente del tribunal: manuel Send\u00f3n trillo <\/li>\n<li>molga M\u00e9ndez fern\u00e1ndez (vocal)<\/li>\n<li>Jos\u00e9 Luis Vicario merino (vocal)<\/li>\n<li>Mar\u00eda  Jos\u00e9 Martinez de pison ramon (vocal)<\/li>\n<\/ul>\n<\/li>\n<\/ul>\n<p>&nbsp;<\/p>\n","protected":false},"excerpt":{"rendered":"<p>Tesis doctoral de Silvia Garc\u00eda Gonz\u00e1lez En este tesis se plantea el acercamiento a la ciudad desde el campo de [&hellip;]<\/p>\n","protected":false},"author":1,"featured_media":0,"comment_status":"open","ping_status":"open","sticky":false,"template":"","format":"standard","meta":{"site-sidebar-layout":"default","site-content-layout":"","ast-site-content-layout":"","site-content-style":"default","site-sidebar-style":"default","ast-global-header-display":"","ast-banner-title-visibility":"","ast-main-header-display":"","ast-hfb-above-header-display":"","ast-hfb-below-header-display":"","ast-hfb-mobile-header-display":"","site-post-title":"","ast-breadcrumbs-content":"","ast-featured-img":"","footer-sml-layout":"","theme-transparent-header-meta":"","adv-header-id-meta":"","stick-header-meta":"","header-above-stick-meta":"","header-main-stick-meta":"","header-below-stick-meta":"","astra-migrate-meta-layouts":"default","ast-page-background-enabled":"default","ast-page-background-meta":{"desktop":{"background-color":"var(--ast-global-color-4)","background-image":"","background-repeat":"repeat","background-position":"center center","background-size":"auto","background-attachment":"scroll","background-type":"","background-media":"","overlay-type":"","overlay-color":"","overlay-gradient":""},"tablet":{"background-color":"","background-image":"","background-repeat":"repeat","background-position":"center center","background-size":"auto","background-attachment":"scroll","background-type":"","background-media":"","overlay-type":"","overlay-color":"","overlay-gradient":""},"mobile":{"background-color":"","background-image":"","background-repeat":"repeat","background-position":"center center","background-size":"auto","background-attachment":"scroll","background-type":"","background-media":"","overlay-type":"","overlay-color":"","overlay-gradient":""}},"ast-content-background-meta":{"desktop":{"background-color":"var(--ast-global-color-5)","background-image":"","background-repeat":"repeat","background-position":"center center","background-size":"auto","background-attachment":"scroll","background-type":"","background-media":"","overlay-type":"","overlay-color":"","overlay-gradient":""},"tablet":{"background-color":"var(--ast-global-color-5)","background-image":"","background-repeat":"repeat","background-position":"center center","background-size":"auto","background-attachment":"scroll","background-type":"","background-media":"","overlay-type":"","overlay-color":"","overlay-gradient":""},"mobile":{"background-color":"var(--ast-global-color-5)","background-image":"","background-repeat":"repeat","background-position":"center center","background-size":"auto","background-attachment":"scroll","background-type":"","background-media":"","overlay-type":"","overlay-color":"","overlay-gradient":""}},"footnotes":""},"categories":[4100,5270,3806,18657],"tags":[193028,104586,89878,44576,116944,77925],"class_list":["post-93475","post","type-post","status-publish","format-standard","hentry","category-dibujo-y-grabado","category-fotografia","category-pintura","category-vigo","tag-dolores-dopico-aneiros","tag-jose-luis-vicario-merino","tag-manuel-sendon-trillo","tag-maria-jose-Martinez-de-pison-ramon","tag-molga-mendez-fernandez","tag-silvia-garcia-gonzalez"],"_links":{"self":[{"href":"https:\/\/www.deberes.net\/tesis\/wp-json\/wp\/v2\/posts\/93475","targetHints":{"allow":["GET"]}}],"collection":[{"href":"https:\/\/www.deberes.net\/tesis\/wp-json\/wp\/v2\/posts"}],"about":[{"href":"https:\/\/www.deberes.net\/tesis\/wp-json\/wp\/v2\/types\/post"}],"author":[{"embeddable":true,"href":"https:\/\/www.deberes.net\/tesis\/wp-json\/wp\/v2\/users\/1"}],"replies":[{"embeddable":true,"href":"https:\/\/www.deberes.net\/tesis\/wp-json\/wp\/v2\/comments?post=93475"}],"version-history":[{"count":0,"href":"https:\/\/www.deberes.net\/tesis\/wp-json\/wp\/v2\/posts\/93475\/revisions"}],"wp:attachment":[{"href":"https:\/\/www.deberes.net\/tesis\/wp-json\/wp\/v2\/media?parent=93475"}],"wp:term":[{"taxonomy":"category","embeddable":true,"href":"https:\/\/www.deberes.net\/tesis\/wp-json\/wp\/v2\/categories?post=93475"},{"taxonomy":"post_tag","embeddable":true,"href":"https:\/\/www.deberes.net\/tesis\/wp-json\/wp\/v2\/tags?post=93475"}],"curies":[{"name":"wp","href":"https:\/\/api.w.org\/{rel}","templated":true}]}}