{"id":93522,"date":"2018-03-11T10:12:58","date_gmt":"2018-03-11T10:12:58","guid":{"rendered":"https:\/\/www.deberes.net\/tesis\/sin-categoria\/the-political-transnationalism-of-immigrant-associations-in-barcelona\/"},"modified":"2018-03-11T10:12:58","modified_gmt":"2018-03-11T10:12:58","slug":"the-political-transnationalism-of-immigrant-associations-in-barcelona","status":"publish","type":"post","link":"https:\/\/www.deberes.net\/tesis\/ciencia-politica\/the-political-transnationalism-of-immigrant-associations-in-barcelona\/","title":{"rendered":"The political transnationalism of immigrant associations in barcelona"},"content":{"rendered":"<h2>Tesis doctoral de <strong> Mihaela Vancea <\/strong><\/h2>\n<p>Esta tesis quiere responder a dos preguntas fundamentales en el \u00e1rea de estudio de la migraci\u00f3n transnacional, esto es: \u00c2\u00bfse implican los inmigrantes en el transnacionalismo pol\u00edtico? Y, \u00c2\u00bfcuales son los factores determinantes de su activismo pol\u00edtico transnacional? Por tal de responder a la primera pregunta, se compara el nivel de activismo pol\u00edtico transnacional de una muestra de asociaciones de inmigrantes de diferentes or\u00edgenes \u00e9tnico\/nacionales en barcelona. Por contestar a la segunda pregunta, el an\u00e1lisis se centra en posibles factores determinantes a dos niveles, meso y macro. La tesis demuestra que el activismo pol\u00edtico transnacional no est\u00e1 generalizado entre todas las asociaciones de inmigrantes en barcelona, que presenta un nivel relativamente bajo de regularidad, y que generalmente se desarrolla al nivel nacional. Tambi\u00e9n demuestra la necesitad de examinar el efecto del contexto de salida y, m\u00e1s en concreto, el impacto que tiene la estructura de oportunidades pol\u00edticas del pa\u00eds de origen para el trasnacionalismo pol\u00edtico de las asociaciones de inmigrantes. Otros determinantes a nivel meso, como las redes sociales o las fuentes de financiaci\u00f3n, parecen explicar la variaci\u00f3n en el activismo pol\u00edtico transnacional de las asociaciones de inmigrantes.<\/p>\n<p>&nbsp;<\/p>\n<h3>Datos acad\u00e9micos de la tesis doctoral \u00ab<strong>The political transnationalism of immigrant associations in barcelona<\/strong>\u00ab<\/h3>\n<ul>\n<li><strong>T\u00edtulo de la tesis:<\/strong>\u00a0 The political transnationalism of immigrant associations in barcelona <\/li>\n<li><strong>Autor:<\/strong>\u00a0 Mihaela Vancea <\/li>\n<li><strong>Universidad:<\/strong>\u00a0 Pompeu fabra<\/li>\n<li><strong>Fecha de lectura de la tesis:<\/strong>\u00a0 26\/05\/2009<\/li>\n<\/ul>\n<p>&nbsp;<\/p>\n<h3>Direcci\u00f3n y tribunal<\/h3>\n<ul>\n<li><strong>Director de la tesis<\/strong>\n<ul>\n<li>Ferran Requejo Coll<\/li>\n<\/ul>\n<\/li>\n<li><strong>Tribunal<\/strong>\n<ul>\n<li>Presidente del tribunal: klaus jurgen Nagel <\/li>\n<li>eva Ostergaard nielsen (vocal)<\/li>\n<li>carlota Sole puig (vocal)<\/li>\n<li>guy Laforest (vocal)<\/li>\n<\/ul>\n<\/li>\n<\/ul>\n<p>&nbsp;<\/p>\n","protected":false},"excerpt":{"rendered":"<p>Tesis doctoral de Mihaela Vancea Esta tesis quiere responder a dos preguntas fundamentales en el \u00e1rea de estudio de la [&hellip;]<\/p>\n","protected":false},"author":1,"featured_media":0,"comment_status":"open","ping_status":"open","sticky":false,"template":"","format":"standard","meta":{"site-sidebar-layout":"default","site-content-layout":"","ast-site-content-layout":"","site-content-style":"default","site-sidebar-style":"default","ast-global-header-display":"","ast-banner-title-visibility":"","ast-main-header-display":"","ast-hfb-above-header-display":"","ast-hfb-below-header-display":"","ast-hfb-mobile-header-display":"","site-post-title":"","ast-breadcrumbs-content":"","ast-featured-img":"","footer-sml-layout":"","theme-transparent-header-meta":"","adv-header-id-meta":"","stick-header-meta":"","header-above-stick-meta":"","header-main-stick-meta":"","header-below-stick-meta":"","astra-migrate-meta-layouts":"default","ast-page-background-enabled":"default","ast-page-background-meta":{"desktop":{"background-color":"var(--ast-global-color-4)","background-image":"","background-repeat":"repeat","background-position":"center center","background-size":"auto","background-attachment":"scroll","background-type":"","background-media":"","overlay-type":"","overlay-color":"","overlay-gradient":""},"tablet":{"background-color":"","background-image":"","background-repeat":"repeat","background-position":"center center","background-size":"auto","background-attachment":"scroll","background-type":"","background-media":"","overlay-type":"","overlay-color":"","overlay-gradient":""},"mobile":{"background-color":"","background-image":"","background-repeat":"repeat","background-position":"center center","background-size":"auto","background-attachment":"scroll","background-type":"","background-media":"","overlay-type":"","overlay-color":"","overlay-gradient":""}},"ast-content-background-meta":{"desktop":{"background-color":"var(--ast-global-color-5)","background-image":"","background-repeat":"repeat","background-position":"center center","background-size":"auto","background-attachment":"scroll","background-type":"","background-media":"","overlay-type":"","overlay-color":"","overlay-gradient":""},"tablet":{"background-color":"var(--ast-global-color-5)","background-image":"","background-repeat":"repeat","background-position":"center center","background-size":"auto","background-attachment":"scroll","background-type":"","background-media":"","overlay-type":"","overlay-color":"","overlay-gradient":""},"mobile":{"background-color":"var(--ast-global-color-5)","background-image":"","background-repeat":"repeat","background-position":"center center","background-size":"auto","background-attachment":"scroll","background-type":"","background-media":"","overlay-type":"","overlay-color":"","overlay-gradient":""}},"footnotes":""},"categories":[838,18712,36970],"tags":[22300,193115,47369,193116,193114,193113],"class_list":["post-93522","post","type-post","status-publish","format-standard","hentry","category-ciencia-politica","category-pompeu-fabra","category-sociologia-comparada","tag-carlota-sole-puig","tag-eva-ostergaard-nielsen","tag-ferran-requejo-coll","tag-guy-laforest","tag-klaus-jurgen-nagel","tag-mihaela-vancea"],"_links":{"self":[{"href":"https:\/\/www.deberes.net\/tesis\/wp-json\/wp\/v2\/posts\/93522","targetHints":{"allow":["GET"]}}],"collection":[{"href":"https:\/\/www.deberes.net\/tesis\/wp-json\/wp\/v2\/posts"}],"about":[{"href":"https:\/\/www.deberes.net\/tesis\/wp-json\/wp\/v2\/types\/post"}],"author":[{"embeddable":true,"href":"https:\/\/www.deberes.net\/tesis\/wp-json\/wp\/v2\/users\/1"}],"replies":[{"embeddable":true,"href":"https:\/\/www.deberes.net\/tesis\/wp-json\/wp\/v2\/comments?post=93522"}],"version-history":[{"count":0,"href":"https:\/\/www.deberes.net\/tesis\/wp-json\/wp\/v2\/posts\/93522\/revisions"}],"wp:attachment":[{"href":"https:\/\/www.deberes.net\/tesis\/wp-json\/wp\/v2\/media?parent=93522"}],"wp:term":[{"taxonomy":"category","embeddable":true,"href":"https:\/\/www.deberes.net\/tesis\/wp-json\/wp\/v2\/categories?post=93522"},{"taxonomy":"post_tag","embeddable":true,"href":"https:\/\/www.deberes.net\/tesis\/wp-json\/wp\/v2\/tags?post=93522"}],"curies":[{"name":"wp","href":"https:\/\/api.w.org\/{rel}","templated":true}]}}