{"id":93540,"date":"2018-03-11T10:12:58","date_gmt":"2018-03-11T10:12:58","guid":{"rendered":"https:\/\/www.deberes.net\/tesis\/sin-categoria\/efectos-neurocognitivos-de-la-radioterapia-convencional-en-pacientes-con-adenomas-hipofisarios\/"},"modified":"2018-03-11T10:12:58","modified_gmt":"2018-03-11T10:12:58","slug":"efectos-neurocognitivos-de-la-radioterapia-convencional-en-pacientes-con-adenomas-hipofisarios","status":"publish","type":"post","link":"https:\/\/www.deberes.net\/tesis\/hormonas\/efectos-neurocognitivos-de-la-radioterapia-convencional-en-pacientes-con-adenomas-hipofisarios\/","title":{"rendered":"Efectos neurocognitivos de la radioterapia convencional en pacientes con adenomas hipofisarios"},"content":{"rendered":"<h2>Tesis doctoral de <strong> Beatriz Lecumberri Santamar\u00eda <\/strong><\/h2>\n<p>Los estudios sobre los efectos neurocognitivos de la radioterapia craneal en adultos son todav\u00eda escasos y aportan resultados controvertidos. Para su investigaci\u00f3n se seleccionaron al azar 124 pacientes con adenomas hipofisarios operados mediante cirug\u00eda transesfenoidal, 56 de los cuales recibieron adem\u00e1s radioterapia convencional postoperatoria, se recogieron sus principales datos cl\u00ednicos y los resultados de una selecci\u00f3n de tests neuropsicol\u00f3gicos, y en algunos se realiz\u00f3 un spect cerebral. Se comprob\u00f3 que la radioterapia convencional produjo un deterioro significativo de la memoria verbal y funci\u00f3n ejecutiva, detectable por los pacientes, y mediante los tests barcelona y wisconsin, as\u00ed como por el spect, pero no mediante tests r\u00e1pidos de funci\u00f3n cognitiva general, como el mini-mental. La probabilidad de desarrollar esta afectaci\u00f3n con el tiempo fue proporcional a la dosis total y al tama\u00f1o de los campos de radioterapia, y mayor en los pacientes acromeg\u00e1licos irradiados despu\u00e9s de los 40 a\u00f1os de edad, frente a los irradiados antes, al igual que en los pacientes con enfermedad de cushing, frente a los acromeg\u00e1licos, independientemente de la edad.<\/p>\n<p>&nbsp;<\/p>\n<h3>Datos acad\u00e9micos de la tesis doctoral \u00ab<strong>Efectos neurocognitivos de la radioterapia convencional en pacientes con adenomas hipofisarios<\/strong>\u00ab<\/h3>\n<ul>\n<li><strong>T\u00edtulo de la tesis:<\/strong>\u00a0 Efectos neurocognitivos de la radioterapia convencional en pacientes con adenomas hipofisarios <\/li>\n<li><strong>Autor:<\/strong>\u00a0 Beatriz Lecumberri Santamar\u00eda <\/li>\n<li><strong>Universidad:<\/strong>\u00a0 Aut\u00f3noma de Madrid<\/li>\n<li><strong>Fecha de lectura de la tesis:<\/strong>\u00a0 27\/05\/2009<\/li>\n<\/ul>\n<p>&nbsp;<\/p>\n<h3>Direcci\u00f3n y tribunal<\/h3>\n<ul>\n<li><strong>Director de la tesis<\/strong>\n<ul>\n<li>Tom\u00e1s Lucas Morante<\/li>\n<\/ul>\n<\/li>\n<li><strong>Tribunal<\/strong>\n<ul>\n<li>Presidente del tribunal: Luis felipe Pallardo sanchez <\/li>\n<li>antonino Jara albarran (vocal)<\/li>\n<li>Jos\u00e9 Garc\u00eda-ur\u00eda avent\u00edn (vocal)<\/li>\n<li>aniceto Luis Charro salgado (vocal)<\/li>\n<\/ul>\n<\/li>\n<\/ul>\n<p>&nbsp;<\/p>\n","protected":false},"excerpt":{"rendered":"<p>Tesis doctoral de Beatriz Lecumberri Santamar\u00eda Los estudios sobre los efectos neurocognitivos de la radioterapia craneal en adultos son todav\u00eda [&hellip;]<\/p>\n","protected":false},"author":1,"featured_media":0,"comment_status":"open","ping_status":"open","sticky":false,"template":"","format":"standard","meta":{"site-sidebar-layout":"default","site-content-layout":"","ast-site-content-layout":"","site-content-style":"default","site-sidebar-style":"default","ast-global-header-display":"","ast-banner-title-visibility":"","ast-main-header-display":"","ast-hfb-above-header-display":"","ast-hfb-below-header-display":"","ast-hfb-mobile-header-display":"","site-post-title":"","ast-breadcrumbs-content":"","ast-featured-img":"","footer-sml-layout":"","theme-transparent-header-meta":"","adv-header-id-meta":"","stick-header-meta":"","header-above-stick-meta":"","header-main-stick-meta":"","header-below-stick-meta":"","astra-migrate-meta-layouts":"default","ast-page-background-enabled":"default","ast-page-background-meta":{"desktop":{"background-color":"var(--ast-global-color-4)","background-image":"","background-repeat":"repeat","background-position":"center center","background-size":"auto","background-attachment":"scroll","background-type":"","background-media":"","overlay-type":"","overlay-color":"","overlay-gradient":""},"tablet":{"background-color":"","background-image":"","background-repeat":"repeat","background-position":"center center","background-size":"auto","background-attachment":"scroll","background-type":"","background-media":"","overlay-type":"","overlay-color":"","overlay-gradient":""},"mobile":{"background-color":"","background-image":"","background-repeat":"repeat","background-position":"center center","background-size":"auto","background-attachment":"scroll","background-type":"","background-media":"","overlay-type":"","overlay-color":"","overlay-gradient":""}},"ast-content-background-meta":{"desktop":{"background-color":"var(--ast-global-color-5)","background-image":"","background-repeat":"repeat","background-position":"center center","background-size":"auto","background-attachment":"scroll","background-type":"","background-media":"","overlay-type":"","overlay-color":"","overlay-gradient":""},"tablet":{"background-color":"var(--ast-global-color-5)","background-image":"","background-repeat":"repeat","background-position":"center center","background-size":"auto","background-attachment":"scroll","background-type":"","background-media":"","overlay-type":"","overlay-color":"","overlay-gradient":""},"mobile":{"background-color":"var(--ast-global-color-5)","background-image":"","background-repeat":"repeat","background-position":"center center","background-size":"auto","background-attachment":"scroll","background-type":"","background-media":"","overlay-type":"","overlay-color":"","overlay-gradient":""}},"footnotes":""},"categories":[258,392,7302,1809],"tags":[6462,22740,193144,153298,14834,37248],"class_list":["post-93540","post","type-post","status-publish","format-standard","hentry","category-hormonas","category-neurocirugia","category-procesos-cognitivos","category-radioterapia","tag-aniceto-luis-charro-salgado","tag-antonino-jara-albarran","tag-beatriz-lecumberri-santamaria","tag-jose-garcia-uria-aventin","tag-luis-felipe-pallardo-sanchez","tag-tomas-lucas-morante"],"_links":{"self":[{"href":"https:\/\/www.deberes.net\/tesis\/wp-json\/wp\/v2\/posts\/93540","targetHints":{"allow":["GET"]}}],"collection":[{"href":"https:\/\/www.deberes.net\/tesis\/wp-json\/wp\/v2\/posts"}],"about":[{"href":"https:\/\/www.deberes.net\/tesis\/wp-json\/wp\/v2\/types\/post"}],"author":[{"embeddable":true,"href":"https:\/\/www.deberes.net\/tesis\/wp-json\/wp\/v2\/users\/1"}],"replies":[{"embeddable":true,"href":"https:\/\/www.deberes.net\/tesis\/wp-json\/wp\/v2\/comments?post=93540"}],"version-history":[{"count":0,"href":"https:\/\/www.deberes.net\/tesis\/wp-json\/wp\/v2\/posts\/93540\/revisions"}],"wp:attachment":[{"href":"https:\/\/www.deberes.net\/tesis\/wp-json\/wp\/v2\/media?parent=93540"}],"wp:term":[{"taxonomy":"category","embeddable":true,"href":"https:\/\/www.deberes.net\/tesis\/wp-json\/wp\/v2\/categories?post=93540"},{"taxonomy":"post_tag","embeddable":true,"href":"https:\/\/www.deberes.net\/tesis\/wp-json\/wp\/v2\/tags?post=93540"}],"curies":[{"name":"wp","href":"https:\/\/api.w.org\/{rel}","templated":true}]}}