{"id":93635,"date":"2018-03-11T10:13:04","date_gmt":"2018-03-11T10:13:04","guid":{"rendered":"https:\/\/www.deberes.net\/tesis\/sin-categoria\/el-conflicto-de-intereses-en-la-funcion-ejecutiva\/"},"modified":"2018-03-11T10:13:04","modified_gmt":"2018-03-11T10:13:04","slug":"el-conflicto-de-intereses-en-la-funcion-ejecutiva","status":"publish","type":"post","link":"https:\/\/www.deberes.net\/tesis\/derecho-constitucional\/el-conflicto-de-intereses-en-la-funcion-ejecutiva\/","title":{"rendered":"El conflicto de intereses en la funci\u00f3n ejecutiva:"},"content":{"rendered":"<h2>Tesis doctoral de <strong> Marcia Noll Barboza <\/strong><\/h2>\n<p>La tesis fue organizada y desarrollada en dos partes, la primera respecto al problema del conflicto de intereses en el contexto del estado constitucional contempor\u00e1neo, y la segunda, m\u00e1s espec\u00edfica, sobre el r\u00e9gimen en formaci\u00f3n en el ordenamiento brasile\u00f1o. La primera parte se compone de dos cap\u00edtulos, en los cuales se intenta situar el problema concreto de los conflictos de intereses en el mundo contempor\u00e1neo, los enfoques y los conceptos necesarios a su tratamiento,  y los marcos prescriptivos (jur\u00eddicos y \u00e9ticos) en los cuales se inserta. La segunda parte se compone de tres cap\u00edtulos espec\u00edficos sobre el r\u00e9gimen en formaci\u00f3n en el ordenamiento brasile\u00f1o, empezando por sus bases y luego identificando instrumentos aplicables, para al final examinar el proyecto de ley en tr\u00e1mite.  primeramente, el problema de los conflictos de intereses es examinado como parte del fen\u00f3meno complejo de la corrupci\u00f3n, y su tratamiento, como parte de la lucha contra la corrupci\u00f3n y del movimiento por la integridad \u00e9tica. Los conflictos de intereses son una preocupaci\u00f3n actual en los estados constitucionales tanto por estar en sus agenda la pol\u00edtica de lucha contra la corrupci\u00f3n como por la necesidad de asegurar la integridad de la actividad estatal en un contexto de creciente interacci\u00f3n entre los sectores p\u00fablico y privado. Dicho de otra manera, sea por el car\u00e1cter de potencialidad de que se revisten los conflictos de intereses em relaci\u00f3n a la corrupci\u00f3n, problema del orden del d\u00eda para numerosos pa\u00edses y distintas formas de organizaci\u00f3n estatal, sea porque la intromissi\u00f3n de intereses privados en la realizaci\u00f3n del inter\u00e9s p\u00fablico caracteriza un mal en s\u00ed mismo para el estado constitucional, se le impone reglar y prevenir los conflictos de intereses.<\/p>\n<p>&nbsp;<\/p>\n<h3>Datos acad\u00e9micos de la tesis doctoral \u00ab<strong>El conflicto de intereses en la funci\u00f3n ejecutiva:<\/strong>\u00ab<\/h3>\n<ul>\n<li><strong>T\u00edtulo de la tesis:<\/strong>\u00a0 El conflicto de intereses en la funci\u00f3n ejecutiva: <\/li>\n<li><strong>Autor:<\/strong>\u00a0 Marcia Noll Barboza <\/li>\n<li><strong>Universidad:<\/strong>\u00a0 Valladolid<\/li>\n<li><strong>Fecha de lectura de la tesis:<\/strong>\u00a0 29\/05\/2009<\/li>\n<\/ul>\n<p>&nbsp;<\/p>\n<h3>Direcci\u00f3n y tribunal<\/h3>\n<ul>\n<li><strong>Director de la tesis<\/strong>\n<ul>\n<li>Paloma Biglino Campos<\/li>\n<\/ul>\n<\/li>\n<li><strong>Tribunal<\/strong>\n<ul>\n<li>Presidente del tribunal: manuel Arag\u00f3n reyes <\/li>\n<li>Juan  Mar\u00eda Bilbao ubillos (vocal)<\/li>\n<li>joaquin Gomes canotilho (vocal)<\/li>\n<li>Mar\u00eda  lucia Do amaral (vocal)<\/li>\n<\/ul>\n<\/li>\n<\/ul>\n<p>&nbsp;<\/p>\n","protected":false},"excerpt":{"rendered":"<p>Tesis doctoral de Marcia Noll Barboza La tesis fue organizada y desarrollada en dos partes, la primera respecto al problema [&hellip;]<\/p>\n","protected":false},"author":1,"featured_media":0,"comment_status":"open","ping_status":"open","sticky":false,"template":"","format":"standard","meta":{"site-sidebar-layout":"default","site-content-layout":"","ast-site-content-layout":"","site-content-style":"default","site-sidebar-style":"default","ast-global-header-display":"","ast-banner-title-visibility":"","ast-main-header-display":"","ast-hfb-above-header-display":"","ast-hfb-below-header-display":"","ast-hfb-mobile-header-display":"","site-post-title":"","ast-breadcrumbs-content":"","ast-featured-img":"","footer-sml-layout":"","theme-transparent-header-meta":"","adv-header-id-meta":"","stick-header-meta":"","header-above-stick-meta":"","header-main-stick-meta":"","header-below-stick-meta":"","astra-migrate-meta-layouts":"default","ast-page-background-enabled":"default","ast-page-background-meta":{"desktop":{"background-color":"var(--ast-global-color-4)","background-image":"","background-repeat":"repeat","background-position":"center center","background-size":"auto","background-attachment":"scroll","background-type":"","background-media":"","overlay-type":"","overlay-color":"","overlay-gradient":""},"tablet":{"background-color":"","background-image":"","background-repeat":"repeat","background-position":"center center","background-size":"auto","background-attachment":"scroll","background-type":"","background-media":"","overlay-type":"","overlay-color":"","overlay-gradient":""},"mobile":{"background-color":"","background-image":"","background-repeat":"repeat","background-position":"center center","background-size":"auto","background-attachment":"scroll","background-type":"","background-media":"","overlay-type":"","overlay-color":"","overlay-gradient":""}},"ast-content-background-meta":{"desktop":{"background-color":"var(--ast-global-color-5)","background-image":"","background-repeat":"repeat","background-position":"center center","background-size":"auto","background-attachment":"scroll","background-type":"","background-media":"","overlay-type":"","overlay-color":"","overlay-gradient":""},"tablet":{"background-color":"var(--ast-global-color-5)","background-image":"","background-repeat":"repeat","background-position":"center center","background-size":"auto","background-attachment":"scroll","background-type":"","background-media":"","overlay-type":"","overlay-color":"","overlay-gradient":""},"mobile":{"background-color":"var(--ast-global-color-5)","background-image":"","background-repeat":"repeat","background-position":"center center","background-size":"auto","background-attachment":"scroll","background-type":"","background-media":"","overlay-type":"","overlay-color":"","overlay-gradient":""}},"footnotes":""},"categories":[1450,12451],"tags":[193309,143185,29538,193308,193310,44822],"class_list":["post-93635","post","type-post","status-publish","format-standard","hentry","category-derecho-constitucional","category-valladolid","tag-joaquin-gomes-canotilho","tag-juan-maria-bilbao-ubillos","tag-manuel-aragon-reyes","tag-marcia-noll-barboza","tag-maria-lucia-do-amaral","tag-paloma-biglino-campos"],"_links":{"self":[{"href":"https:\/\/www.deberes.net\/tesis\/wp-json\/wp\/v2\/posts\/93635","targetHints":{"allow":["GET"]}}],"collection":[{"href":"https:\/\/www.deberes.net\/tesis\/wp-json\/wp\/v2\/posts"}],"about":[{"href":"https:\/\/www.deberes.net\/tesis\/wp-json\/wp\/v2\/types\/post"}],"author":[{"embeddable":true,"href":"https:\/\/www.deberes.net\/tesis\/wp-json\/wp\/v2\/users\/1"}],"replies":[{"embeddable":true,"href":"https:\/\/www.deberes.net\/tesis\/wp-json\/wp\/v2\/comments?post=93635"}],"version-history":[{"count":0,"href":"https:\/\/www.deberes.net\/tesis\/wp-json\/wp\/v2\/posts\/93635\/revisions"}],"wp:attachment":[{"href":"https:\/\/www.deberes.net\/tesis\/wp-json\/wp\/v2\/media?parent=93635"}],"wp:term":[{"taxonomy":"category","embeddable":true,"href":"https:\/\/www.deberes.net\/tesis\/wp-json\/wp\/v2\/categories?post=93635"},{"taxonomy":"post_tag","embeddable":true,"href":"https:\/\/www.deberes.net\/tesis\/wp-json\/wp\/v2\/tags?post=93635"}],"curies":[{"name":"wp","href":"https:\/\/api.w.org\/{rel}","templated":true}]}}