{"id":93641,"date":"2018-03-11T10:13:04","date_gmt":"2018-03-11T10:13:04","guid":{"rendered":"https:\/\/www.deberes.net\/tesis\/sin-categoria\/retorica-pola%c2%adtica-y-reformas-de-la-administracion-en-america-latina-estudio-cra%c2%adtico-y-comprarado-del-discurso-oficial-sobre-reformas-administrativas-en-argentina-chile-y-uruguay\/"},"modified":"2018-03-11T10:13:04","modified_gmt":"2018-03-11T10:13:04","slug":"retorica-pola%c2%adtica-y-reformas-de-la-administracion-en-america-latina-estudio-cra%c2%adtico-y-comprarado-del-discurso-oficial-sobre-reformas-administrativas-en-argentina-chile-y-uruguay","status":"publish","type":"post","link":"https:\/\/www.deberes.net\/tesis\/administracion-publica\/retorica-pola%c2%adtica-y-reformas-de-la-administracion-en-america-latina-estudio-cra%c2%adtico-y-comprarado-del-discurso-oficial-sobre-reformas-administrativas-en-argentina-chile-y-uruguay\/","title":{"rendered":"Ret\u00f3rica pol\u00edtica y reformas de la administraci\u00f3n en am\u00e9rica latina. estudio cr\u00edtico y comprarado del discurso oficial sobre reformas administrativas en argentina, chile y uruguay"},"content":{"rendered":"<h2>Tesis doctoral de <strong> Marcelo Adrian Moriconi Bezerra <\/strong><\/h2>\n<p>La tesis analiza la inserci\u00f3n de discursos expertos sobre la reforma administrativa en los discursos oficiales de gobiernos en argentina, chile y uruguay. En este sentido, se recupera la importancia del rol de las ideas en la construcci\u00f3n de imaginarios pol\u00edticos. Para el an\u00e1lisis se emplean conceptos centrales del an\u00e1lisis del discurso, como imaginario pol\u00edtico, sedimentaci\u00f3n, dislocaci\u00f3n y puntos nodales. Los casos analizados son tres pa\u00edses del cono sur en los que se aprecia claramente c\u00f3mo el discurso gerencialista fue connotado de maneras diversas a partir de las ideas rectoras de cada imaginario pol\u00edtico. Temporalmente, el estudio se inicia al momento de reinstaurarse la democracia tras los gobiernos de facto y se extiende hasta el a\u00f1o 2000. La tesis est\u00e1 dividida en dos partes interrelacionadas aunque diferentes. La primera parte se inicia con la propuesta de recuperar el buen pensar ret\u00f3rico en el \u00e1mbito de la ciencia pol\u00edtica y contin\u00faa con un an\u00e1lisis geneal\u00f3gico de la construcci\u00f3n del concepto de gobernanza. Posteriormente, se hace un recorrido hist\u00f3rico por el metadiscurso de la administraci\u00f3n, dando cuenta de las ideas centrales sobre las que ha girado hist\u00f3ricamente el debate sobre la buena administraci\u00f3n. La segunda parte, a trav\u00e9s de los estudios de casos, muestra c\u00f3mo las limitaciones del pensar te\u00f3rico act\u00faan en la construcci\u00f3n de los imaginarios pol\u00edticos que determinar\u00e1n los marcos de interpretaci\u00f3n de coyuntura desde donde se diagnosticar\u00e1 y se proceder\u00e1 a la acci\u00f3n. De esta manera, se ve como el discurso t\u00e9cnico est\u00e1 signado por una narrativa que presenta un tema pol\u00edtico, como es la planificaci\u00f3n de las pol\u00edticas p\u00fablicas, como algo apol\u00edtico, resumido a cuestiones de procedimientos, esquemas organizacionales y pautas de motivaci\u00f3n. El debate no forma parte de un amplio debate p\u00fablico, no se incorpora a la ret\u00f3rica pol\u00edtica<\/p>\n<p>&nbsp;<\/p>\n<h3>Datos acad\u00e9micos de la tesis doctoral \u00ab<strong>Ret\u00f3rica pol\u00edtica y reformas de la administraci\u00f3n en am\u00e9rica latina. estudio cr\u00edtico y comprarado del discurso oficial sobre reformas administrativas en argentina, chile y uruguay<\/strong>\u00ab<\/h3>\n<ul>\n<li><strong>T\u00edtulo de la tesis:<\/strong>\u00a0 Ret\u00f3rica pol\u00edtica y reformas de la administraci\u00f3n en am\u00e9rica latina. estudio cr\u00edtico y comprarado del discurso oficial sobre reformas administrativas en argentina, chile y uruguay <\/li>\n<li><strong>Autor:<\/strong>\u00a0 Marcelo Adrian Moriconi Bezerra <\/li>\n<li><strong>Universidad:<\/strong>\u00a0 Salamanca<\/li>\n<li><strong>Fecha de lectura de la tesis:<\/strong>\u00a0 29\/05\/2009<\/li>\n<\/ul>\n<p>&nbsp;<\/p>\n<h3>Direcci\u00f3n y tribunal<\/h3>\n<ul>\n<li><strong>Director de la tesis<\/strong>\n<ul>\n<li>Agustin Enrique Ferraro Cibelli<\/li>\n<\/ul>\n<\/li>\n<li><strong>Tribunal<\/strong>\n<ul>\n<li>Presidente del tribunal: manuel Alcantara saez <\/li>\n<li>carles Rami\u00f3 matas (vocal)<\/li>\n<li>Javier Porz parra (vocal)<\/li>\n<li>Francisco Panizza (vocal)<\/li>\n<\/ul>\n<\/li>\n<\/ul>\n<p>&nbsp;<\/p>\n","protected":false},"excerpt":{"rendered":"<p>Tesis doctoral de Marcelo Adrian Moriconi Bezerra La tesis analiza la inserci\u00f3n de discursos expertos sobre la reforma administrativa en [&hellip;]<\/p>\n","protected":false},"author":1,"featured_media":0,"comment_status":"open","ping_status":"open","sticky":false,"template":"","format":"standard","meta":{"site-sidebar-layout":"default","site-content-layout":"","ast-site-content-layout":"","site-content-style":"default","site-sidebar-style":"default","ast-global-header-display":"","ast-banner-title-visibility":"","ast-main-header-display":"","ast-hfb-above-header-display":"","ast-hfb-below-header-display":"","ast-hfb-mobile-header-display":"","site-post-title":"","ast-breadcrumbs-content":"","ast-featured-img":"","footer-sml-layout":"","theme-transparent-header-meta":"","adv-header-id-meta":"","stick-header-meta":"","header-above-stick-meta":"","header-main-stick-meta":"","header-below-stick-meta":"","astra-migrate-meta-layouts":"default","ast-page-background-enabled":"default","ast-page-background-meta":{"desktop":{"background-color":"var(--ast-global-color-4)","background-image":"","background-repeat":"repeat","background-position":"center center","background-size":"auto","background-attachment":"scroll","background-type":"","background-media":"","overlay-type":"","overlay-color":"","overlay-gradient":""},"tablet":{"background-color":"","background-image":"","background-repeat":"repeat","background-position":"center center","background-size":"auto","background-attachment":"scroll","background-type":"","background-media":"","overlay-type":"","overlay-color":"","overlay-gradient":""},"mobile":{"background-color":"","background-image":"","background-repeat":"repeat","background-position":"center center","background-size":"auto","background-attachment":"scroll","background-type":"","background-media":"","overlay-type":"","overlay-color":"","overlay-gradient":""}},"ast-content-background-meta":{"desktop":{"background-color":"var(--ast-global-color-5)","background-image":"","background-repeat":"repeat","background-position":"center center","background-size":"auto","background-attachment":"scroll","background-type":"","background-media":"","overlay-type":"","overlay-color":"","overlay-gradient":""},"tablet":{"background-color":"var(--ast-global-color-5)","background-image":"","background-repeat":"repeat","background-position":"center center","background-size":"auto","background-attachment":"scroll","background-type":"","background-media":"","overlay-type":"","overlay-color":"","overlay-gradient":""},"mobile":{"background-color":"var(--ast-global-color-5)","background-image":"","background-repeat":"repeat","background-position":"center center","background-size":"auto","background-attachment":"scroll","background-type":"","background-media":"","overlay-type":"","overlay-color":"","overlay-gradient":""}},"footnotes":""},"categories":[856,5250,2169,9386,6917],"tags":[188838,58931,193320,193319,3990,193318],"class_list":["post-93641","post","type-post","status-publish","format-standard","hentry","category-administracion-publica","category-filosofia-de-las-ciencias-sociales","category-funcion-publica","category-salamanca","category-teoria-politica","tag-agustin-enrique-ferraro-cibelli","tag-carles-ramio-matas","tag-francisco-panizza","tag-javier-porz-parra","tag-manuel-alcantara-saez","tag-marcelo-adrian-moriconi-bezerra"],"_links":{"self":[{"href":"https:\/\/www.deberes.net\/tesis\/wp-json\/wp\/v2\/posts\/93641","targetHints":{"allow":["GET"]}}],"collection":[{"href":"https:\/\/www.deberes.net\/tesis\/wp-json\/wp\/v2\/posts"}],"about":[{"href":"https:\/\/www.deberes.net\/tesis\/wp-json\/wp\/v2\/types\/post"}],"author":[{"embeddable":true,"href":"https:\/\/www.deberes.net\/tesis\/wp-json\/wp\/v2\/users\/1"}],"replies":[{"embeddable":true,"href":"https:\/\/www.deberes.net\/tesis\/wp-json\/wp\/v2\/comments?post=93641"}],"version-history":[{"count":0,"href":"https:\/\/www.deberes.net\/tesis\/wp-json\/wp\/v2\/posts\/93641\/revisions"}],"wp:attachment":[{"href":"https:\/\/www.deberes.net\/tesis\/wp-json\/wp\/v2\/media?parent=93641"}],"wp:term":[{"taxonomy":"category","embeddable":true,"href":"https:\/\/www.deberes.net\/tesis\/wp-json\/wp\/v2\/categories?post=93641"},{"taxonomy":"post_tag","embeddable":true,"href":"https:\/\/www.deberes.net\/tesis\/wp-json\/wp\/v2\/tags?post=93641"}],"curies":[{"name":"wp","href":"https:\/\/api.w.org\/{rel}","templated":true}]}}